{"id":5345,"date":"2022-10-18T08:18:00","date_gmt":"2022-10-18T06:18:00","guid":{"rendered":"https:\/\/www.frantiskani.cz\/?p=5345"},"modified":"2022-10-18T08:18:06","modified_gmt":"2022-10-18T06:18:06","slug":"sladeni-s-bozim-srdcem","status":"publish","type":"post","link":"https:\/\/www.frantiskani.cz\/index.php\/2022\/10\/18\/sladeni-s-bozim-srdcem\/","title":{"rendered":"Slad\u011bn\u00ed s Bo\u017e\u00edm srdcem"},"content":{"rendered":"\n<h6 class=\"wp-block-heading\">T\u00fdden \u010dty\u0159ic\u00e1t\u00fd druh\u00fd: L\u00e1ska a spravedlnost<\/h6>\n\n\n\n<p><em>Skute\u010dn\u00fd kontemplativn\u00ed \u010dlov\u011bk p\u0159ij\u00edm\u00e1 cel\u00fd sv\u011bt a poskytuje mu \u00fato\u010di\u0161t\u011b, uct\u00edv\u00e1 ho a chr\u00e1n\u00ed ho t\u011blem z ocelov\u00e9 hmoty spravedlnosti, kter\u00e1 pramen\u00ed z l\u00e1sky. -Joan Chittisterov\u00e1, Osv\u00edcen\u00fd \u017eivot<\/em><\/p>\n\n\n\n<p><em>Stejn\u011b jako otec Richard i benediktinsk\u00e1 sestra Joan Chittisterov\u00e1 spojuje kontemplaci s \u00fasil\u00edm o spravedlnost:<\/em><\/p>\n\n\n\n<h4 class=\"wp-block-heading\">Kontemplativn\u00ed \u010dlov\u011bk chce tot\u00e9\u017e co chce B\u016fh<\/h4>\n\n\n\n<p>Kontemplativn\u00ed \u010dlov\u011bk reaguje na bo\u017esk\u00e9 v ka\u017ed\u00e9m \u010dlov\u011bku. B\u016fh si p\u0159eje p\u00e9\u010di o chud\u00e9 stejn\u011b jako odm\u011bnu bohat\u00fdm, a proto si to mus\u00ed p\u0159\u00e1t i prav\u00fd kontemplativec. B\u016fh si p\u0159eje konec utla\u010dovatel\u016f, kte\u0159\u00ed stoj\u00ed svoj\u00ed patou na krku slab\u00fdch; tak to mus\u00ed u\u010dinit i prav\u00fd kontemplativec. B\u016fh si p\u0159eje osvobozen\u00ed v\u0161ech lidsk\u00fdch bytost\u00ed; stejn\u011b tak si to mus\u00ed p\u0159\u00e1t i prav\u00fd kontemplativec. B\u016fh si p\u0159eje d\u016fstojnost a pln\u00fd rozvoj v\u0161ech lidsk\u00fdch bytost\u00ed. B\u016fh se tedy stav\u00ed na stranu bezbrann\u00fdch. A proto mus\u00ed b\u00fdt prav\u00fd kontemplativec pravdiv\u00fd; jinak tato kontemplace nen\u00ed pravdiv\u00e1, nem\u016f\u017ee b\u00fdt pravdiv\u00e1, nikdy nebude pravdiv\u00e1, proto\u017ee kontemplovat Boha spravedlnosti znamen\u00e1 b\u00fdt odd\u00e1n spravedlnosti. Prav\u00fd kontemplativn\u00ed, skute\u010dn\u011b duchovn\u00ed \u010dlov\u011bk tedy mus\u00ed konat spravedlnost, mus\u00ed mluvit o spravedlnosti, mus\u00ed trvat na spravedlnosti, a to tak\u00e9 d\u011bl\u00e1, a v\u017edycky d\u011blal a d\u011bl\u00e1.<\/p>\n\n\n\n<h4 class=\"wp-block-heading\">Kontemplativn\u00ed \u010dlov\u011bk jde vst\u0159\u00edc Bo\u017e\u00ed v\u016fli<\/h4>\n\n\n\n<p>Thomas Merton vystupoval z kl\u00e1\u0161tera v Kentucky proti v\u00e1lce ve Vietnamu. Kate\u0159ina Siensk\u00e1 chodila po ulic\u00edch m\u011bsta v dob\u011b, kdy \u017eeny nesm\u011bly chodit po ulic\u00edch m\u011bsta a krmit chud\u00e9. Hildegarda z Bingenu hl\u00e1sala slovo spravedlnosti c\u00edsa\u0159\u016fm a pape\u017e\u016fm. . . . Duchovn\u00ed cesta, kter\u00e1 nevede k \u017eiv\u00e9 oddanosti p\u0159ich\u00e1zej\u00edc\u00ed Bo\u017e\u00ed v\u016fli, p\u0159\u00edtomn\u00e9 Bo\u017e\u00ed vl\u00e1d\u011b, Bo\u017e\u00edmu kr\u00e1lovstv\u00ed v n\u00e1s a kolem n\u00e1s, v\u0161ude a pro ka\u017ed\u00e9ho, nen\u00ed \u017e\u00e1dnou cestou. . . .<\/p>\n\n\n\n<h4 class=\"wp-block-heading\">Pro kontemplativn\u00edho \u010dlov\u011bka nen\u00ed B\u016fh jen ideou<\/h4>\n\n\n\n<p>Z kontemplace vych\u00e1z\u00ed nejen v\u011bdom\u00ed univerz\u00e1ln\u00ed propojenosti \u017eivota, ale tak\u00e9 odvaha ji modelovat. Ti, kdo nemaj\u00ed v srdci plamen spravedlnosti, v\u011bdom\u00ed osobn\u00ed odpov\u011bdnosti za Bo\u017e\u00ed vl\u00e1du, zu\u0159iv\u00fd z\u00e1vazek k lidsk\u00e9mu spole\u010denstv\u00ed, sice mo\u017en\u00e1 hledaj\u00ed Boha, ale nenechte se m\u00fdlit, B\u016fh je pro n\u011b st\u00e1le v nejlep\u0161\u00edm p\u0159\u00edpad\u011b jen ideou, nikoli \u017eivou skute\u010dnost\u00ed.<\/p>\n\n\n\n<h4 class=\"wp-block-heading\">Kontemplativn\u00ed \u010dlov\u011bk spojuje modlitbu s \u010dinnost\u00ed<\/h4>\n\n\n\n<p>Jak vid\u00edte, kontemplace je vskutku velmi nebezpe\u010dn\u00e1 \u010dinnost. Nep\u0159iv\u00e1d\u00ed n\u00e1s jen tv\u00e1\u0159\u00ed v tv\u00e1\u0159 Bohu, ale tak\u00e9 tv\u00e1\u0159\u00ed v tv\u00e1\u0159 sv\u011btu, a pak n\u00e1s p\u0159iv\u00e1d\u00ed tv\u00e1\u0159\u00ed v tv\u00e1\u0159 sob\u011b sam\u00fdm; a pak je samoz\u0159ejm\u011b t\u0159eba n\u011bco ud\u011blat&#8230; proto\u017ee nic nez\u016fst\u00e1v\u00e1 stejn\u00e9, jakmile jsme na\u0161li Boha v sob\u011b. St\u00e1v\u00e1me se nov\u00fdmi lidmi a p\u0159itom nov\u011b vid\u00edme i v\u0161echno kolem sebe. St\u00e1v\u00e1me se spojeni se v\u0161\u00edm, se v\u0161emi. Neseme v srdci cel\u00fd sv\u011bt, \u00fatlak v\u0161ech n\u00e1rod\u016f, utrpen\u00ed na\u0161ich p\u0159\u00e1tel, b\u0159emena na\u0161ich nep\u0159\u00e1tel, zn\u00e1sil\u0148ov\u00e1n\u00ed zem\u011b, hlad hladov\u011bj\u00edc\u00edch, radostn\u00e9 o\u010dek\u00e1v\u00e1n\u00ed, na kter\u00e9 m\u00e1 pr\u00e1vo ka\u017ed\u00e9 sm\u011bj\u00edc\u00ed se d\u00edt\u011b. Pak n\u00e1s pohlt\u00ed horlivost pro spravedlnost. Tehdy se akce a modlitba spoj\u00ed v jedno.<\/p>\n\n\n\n<p><em>Translated with www.DeepL.com\/Translator (free version), mezinadpisy si dovolil vlo\u017eit p\u0159ekladatel<\/em><\/p>\n\n\n\n<h6 class=\"wp-block-heading\">Prameny:<\/h6>\n\n\n\n<p>Adapted from Joan Chittister and Richard Rohr, <em>Prophets Then, Prophets Now<\/em> (Albuquerque, NM: Center for Action and Contemplation, 2006). <a href=\"https:\/\/email.cac.org\/t\/d-l-zlkditl-tlkrhyidn-y\/\">Available as MP3 download.<\/a><\/p>\n\n\n\n<p><strong>Image credit:<\/strong> Nathan Garcia, <em>Untitled <\/em>(detail), 2019, photograph, Albuquerque. Jenna Keiper &amp; Leslye Colvin, 2022, triptych art, United States. <a href=\"https:\/\/email.cac.org\/t\/d-l-zlkditl-tlkrhyidn-j\/\">Click here to enlarge image.<\/a>&nbsp;<\/p>\n\n\n\n<p><strong>Image inspiration: <\/strong><em>Imagine our world illumined by love and justice.<\/em><\/p>\n","protected":false},"excerpt":{"rendered":"<p>Jak vid\u00edte, kontemplace je vskutku velmi nebezpe\u010dn\u00e1 \u010dinnost. Nep\u0159iv\u00e1d\u00ed n\u00e1s jen tv\u00e1\u0159\u00ed v tv\u00e1\u0159 Bohu, ale tak\u00e9 tv\u00e1\u0159\u00ed v tv\u00e1\u0159 sv\u011btu, a pak n\u00e1s p\u0159iv\u00e1d\u00ed tv\u00e1\u0159\u00ed v tv\u00e1\u0159 sob\u011b sam\u00fdm; a pak je samoz\u0159ejm\u011b t\u0159eba n\u011bco ud\u011blat&#8230; proto\u017ee nic nez\u016fst\u00e1v\u00e1 stejn\u00e9, jakmile jsme na\u0161li Boha v sob\u011b.<\/p>\n","protected":false},"author":1,"featured_media":5331,"comment_status":"open","ping_status":"open","sticky":false,"template":"","format":"standard","meta":{"footnotes":""},"categories":[198],"tags":[716,715],"class_list":["post-5345","post","type-post","status-publish","format-standard","has-post-thumbnail","hentry","category-richard-rohr-ofm-centrum-pro-zivot-a-rozjimani","tag-kontemplativec","tag-modli-se-a-pracuj","latest_post"],"_links":{"self":[{"href":"https:\/\/www.frantiskani.cz\/index.php\/wp-json\/wp\/v2\/posts\/5345","targetHints":{"allow":["GET"]}}],"collection":[{"href":"https:\/\/www.frantiskani.cz\/index.php\/wp-json\/wp\/v2\/posts"}],"about":[{"href":"https:\/\/www.frantiskani.cz\/index.php\/wp-json\/wp\/v2\/types\/post"}],"author":[{"embeddable":true,"href":"https:\/\/www.frantiskani.cz\/index.php\/wp-json\/wp\/v2\/users\/1"}],"replies":[{"embeddable":true,"href":"https:\/\/www.frantiskani.cz\/index.php\/wp-json\/wp\/v2\/comments?post=5345"}],"version-history":[{"count":1,"href":"https:\/\/www.frantiskani.cz\/index.php\/wp-json\/wp\/v2\/posts\/5345\/revisions"}],"predecessor-version":[{"id":5346,"href":"https:\/\/www.frantiskani.cz\/index.php\/wp-json\/wp\/v2\/posts\/5345\/revisions\/5346"}],"wp:featuredmedia":[{"embeddable":true,"href":"https:\/\/www.frantiskani.cz\/index.php\/wp-json\/wp\/v2\/media\/5331"}],"wp:attachment":[{"href":"https:\/\/www.frantiskani.cz\/index.php\/wp-json\/wp\/v2\/media?parent=5345"}],"wp:term":[{"taxonomy":"category","embeddable":true,"href":"https:\/\/www.frantiskani.cz\/index.php\/wp-json\/wp\/v2\/categories?post=5345"},{"taxonomy":"post_tag","embeddable":true,"href":"https:\/\/www.frantiskani.cz\/index.php\/wp-json\/wp\/v2\/tags?post=5345"}],"curies":[{"name":"wp","href":"https:\/\/api.w.org\/{rel}","templated":true}]}}