{"id":5358,"date":"2022-10-19T08:21:25","date_gmt":"2022-10-19T06:21:25","guid":{"rendered":"https:\/\/www.frantiskani.cz\/?p=5358"},"modified":"2022-10-19T08:21:30","modified_gmt":"2022-10-19T06:21:30","slug":"teologie-neceho-telesneho","status":"publish","type":"post","link":"https:\/\/www.frantiskani.cz\/index.php\/2022\/10\/19\/teologie-neceho-telesneho\/","title":{"rendered":"Teologie n\u011b\u010deho t\u011blesn\u00e9ho"},"content":{"rendered":"\n<h6 class=\"wp-block-heading\">T\u00fdden \u010dty\u0159ic\u00e1t\u00fd druh\u00fd: L\u00e1ska a spravedlnost<\/h6>\n\n\n\n<p><em>V podcastu CAC Love Period. vede Rev. Dr. Jacqui Lewisov\u00e1 rozhovor s v\u016fdkyn\u00ed ob\u010dansk\u00fdch pr\u00e1v a dlouholetou aktivistkou Ruby Salesovou. Salesov\u00e1 zde uva\u017euje o tom, jak p\u0159ijet\u00ed na\u0161\u00ed Bohem dan\u00e9 identity poskytuje uzdraven\u00ed uprost\u0159ed nespravedlnosti ve spole\u010dnosti a d\u00e1v\u00e1 n\u00e1m s\u00edlu milovat druh\u00e9.<\/em><\/p>\n\n\n\n<p><\/p>\n\n\n\n<h4 class=\"wp-block-heading\">Milujeme sami sebe?<\/h4>\n\n\n<div class=\"wp-block-image is-style-rounded\">\n<figure class=\"alignleft size-full is-resized\"><img loading=\"lazy\" decoding=\"async\" src=\"data:image\/gif;base64,R0lGODlhAQABAAAAACH5BAEKAAEALAAAAAABAAEAAAICTAEAOw==\" data-layzr=\"https:\/\/www.frantiskani.cz\/wp-content\/uploads\/2022\/10\/42-Rev.-Dr.-Jacqui-Lewisova.jpg\" alt=\"\" class=\"wp-image-5359\" width=\"56\" height=\"65\"\/><figcaption><em>Dr. Jacqui Lewis<\/em><\/figcaption><\/figure>\n<\/div>\n\n\n<p>Ruby Salesov\u00e1: Jednou z v\u011bc\u00ed, kter\u00e9 jsem objevila, je, \u017ee kdy\u017e p\u0159em\u00fd\u0161l\u00edme o l\u00e1sce, p\u0159em\u00fd\u0161l\u00edme o tom, jak je to s l\u00e1skou k druh\u00fdm lidem? Ale prvn\u00ed ot\u00e1zkou je, jak to, \u017ee milujeme sami sebe, abychom roz\u0161\u00ed\u0159ili [na] druh\u00e9 lidi l\u00e1sku, kterou c\u00edt\u00edme sami k sob\u011b? . . .<\/p>\n\n\n\n<h4 class=\"wp-block-heading\">Jak se odnau\u010dit sebou pohrdat?<\/h4>\n\n\n<div class=\"wp-block-image is-style-rounded\">\n<figure class=\"alignleft size-full is-resized\"><img loading=\"lazy\" decoding=\"async\" src=\"data:image\/gif;base64,R0lGODlhAQABAAAAACH5BAEKAAEALAAAAAABAAEAAAICTAEAOw==\" data-layzr=\"https:\/\/www.frantiskani.cz\/wp-content\/uploads\/2022\/10\/42-Ruby-Sales-edited.jpg\" alt=\"\" class=\"wp-image-5361\" width=\"145\" height=\"124\"\/><figcaption><em>Ruby Sales<\/em><\/figcaption><\/figure>\n<\/div>\n\n\n<p>Je t\u011b\u017ek\u00e9 milovat s\u00e1m sebe, kdy\u017e n\u00e1sledujete lidi, kte\u0159\u00ed poni\u017euj\u00ed va\u0161i lidskost a u\u010d\u00ed v\u00e1s nen\u00e1vid\u011bt ostatn\u00ed lidi. Je t\u011b\u017ek\u00e9 milovat s\u00e1m sebe, kdy\u017e v\u00e1s mocn\u00ed lid\u00e9 vyu\u017e\u00edvaj\u00ed k uskute\u010d\u0148ov\u00e1n\u00ed programu, kter\u00fd podporuje jejich moc, ale v\u00e1s zbavuje moci. A tak si mysl\u00edm, \u017ee z\u00e1sadn\u00ed ot\u00e1zkou, kterou se mus\u00ed b\u011blo\u0161i a my v\u0161ichni v 21. stolet\u00ed zab\u00fdvat, je, jak [m\u016f\u017eeme] milovat sami sebe, abychom mohli tuto l\u00e1sku roz\u0161\u00ed\u0159it na ostatn\u00ed? Proto\u017ee si mysl\u00edm, \u017ee jsme byli nau\u010deni nen\u00e1vid\u011bt a pohrdat sami sebou. . . .<\/p>\n\n\n\n<h4 class=\"wp-block-heading\">My \u010derno\u0161i jsme byli u\u010deni, \u017ee jsme nikdo a tak jsme pou\u017eili jako obranu sebel\u00e1sku<\/h4>\n\n\n\n<p>Mysl\u00edm, \u017ee v mnoha ohledech spole\u010dnost, ve kter\u00e9 jsem vyr\u016fstala, na Jihu&#8230; Kdybychom se nau\u010dili nen\u00e1vid\u011bt sami sebe tak, jak to po n\u00e1s vy\u017eadovaly ofici\u00e1ln\u00ed po\u017eadavky, nikdy bychom nep\u0159e\u017eili, a tak si mysl\u00edm, \u017ee z \u010derno\u0161sk\u00e9 komunity na Jihu vyr\u016fst\u00e1 jak\u00e9si agap\u00e9 [\u0159eck\u00fd v\u00fdraz pro bezpodm\u00edne\u010dnou l\u00e1sku]. Milovala jsem v\u0161echny, a abychom mohli milovat&#8230; museli jsme proti narativu, \u017ee jsme nikdo, postavit pocit, \u017ee jsme n\u011bkdo, a to znamenalo sebel\u00e1sku. A mysl\u00edm, \u017ee mnoho komunit, kter\u00e9 st\u00e1ly vn\u011b br\u00e1ny moci, muselo p\u0159ij\u00edt na zp\u016fsob, jak naj\u00edt samy sebe hodn\u00e9 a milovan\u00e9.<\/p>\n\n\n\n<h4 class=\"wp-block-heading\">Jak v\u00e1s vychov\u00e1vali rodi\u010de?<\/h4>\n\n\n\n<p>Jacqui Lewis: R\u00e1da poslouch\u00e1m p\u0159\u00edb\u011bhy va\u0161\u00ed komunity z d\u011btstv\u00ed, Ruby. Jak va\u0161i rodi\u010de, star\u0161\u00ed, va\u0161e vesnice, jak vychov\u00e1vali Ruby Nell Salesovou a va\u0161e sou\u010dasn\u00edky k l\u00e1sce k sob\u011b sam\u00fdm? . . .<\/p>\n\n\n\n<h4 class=\"wp-block-heading\">Byla jsem vyu\u010dov\u00e1na, \u017ee m\u00e1m velkou hodnotu jako Bo\u017e\u00ed d\u00edt\u011b<\/h4>\n\n\n\n<p>Ruby Salesov\u00e1: Teologie a pedagogika n\u011b\u010deho &#8211; \u017ee jsem mo\u017en\u00e1 zotro\u010den\u00e1, mo\u017en\u00e1 jsem mal\u00e1 v r\u00e1mci st\u00e1tu, ale jsem n\u011bkdo, nejen v\u016f\u010di Bohu, ale i v\u016f\u010di sob\u011b navz\u00e1jem a v\u016f\u010di sob\u011b sam\u00e9. A tak pedagogika a teologie n\u011b\u010deho. Jsem Bo\u017e\u00ed d\u00edt\u011b, a proto\u017ee jsem Bo\u017e\u00ed d\u00edt\u011b, jsem d\u016fle\u017eit\u00e1 a nikdo nem\u00e1 pr\u00e1vo omezovat nebo moc omezovat mou schopnost b\u00fdt n\u011bk\u00fdm. Tak\u017ee jsem vyrostla ve spole\u010dnosti, kde tato teologie byla tak mocn\u00e1 . . . Pohled b\u011bloch\u016f na \u010derno\u0161sk\u00e9 d\u011bti jako na m\u00e9n\u011bcenn\u00e9 nikdy nepronikl do m\u00e9 bytosti, proto\u017ee jsem byla obklopena mo\u017enost\u00ed, \u017ee mohu \u017e\u00edt podle sv\u00fdch nejvy\u0161\u0161\u00edch schopnost\u00ed a milovat sama sebe.<\/p>\n\n\n\n<p><em>Translated with www.DeepL.com\/Translator (free version), mezinadpisy si dovolil vlo\u017eit p\u0159ekladatel<\/em><\/p>\n","protected":false},"excerpt":{"rendered":"<p>Milovala jsem v\u0161echny, a abychom mohli milovat&#8230; museli jsme proti narativu, \u017ee jsme nikdo, postavit pocit, \u017ee jsme n\u011bkdo, a to znamenalo sebel\u00e1sku. A mysl\u00edm, \u017ee mnoho komunit, kter\u00e9 st\u00e1ly vn\u011b br\u00e1ny moci, muselo p\u0159ij\u00edt na zp\u016fsob, jak naj\u00edt samy sebe hodn\u00e9 a milovan\u00e9.<\/p>\n","protected":false},"author":1,"featured_media":5331,"comment_status":"open","ping_status":"open","sticky":false,"template":"","format":"standard","meta":{"footnotes":""},"categories":[198],"tags":[718,719,717],"class_list":["post-5358","post","type-post","status-publish","format-standard","has-post-thumbnail","hentry","category-richard-rohr-ofm-centrum-pro-zivot-a-rozjimani","tag-bozi-deti","tag-hodnota-cloveka","tag-sebeduvera","latest_post"],"_links":{"self":[{"href":"https:\/\/www.frantiskani.cz\/index.php\/wp-json\/wp\/v2\/posts\/5358","targetHints":{"allow":["GET"]}}],"collection":[{"href":"https:\/\/www.frantiskani.cz\/index.php\/wp-json\/wp\/v2\/posts"}],"about":[{"href":"https:\/\/www.frantiskani.cz\/index.php\/wp-json\/wp\/v2\/types\/post"}],"author":[{"embeddable":true,"href":"https:\/\/www.frantiskani.cz\/index.php\/wp-json\/wp\/v2\/users\/1"}],"replies":[{"embeddable":true,"href":"https:\/\/www.frantiskani.cz\/index.php\/wp-json\/wp\/v2\/comments?post=5358"}],"version-history":[{"count":1,"href":"https:\/\/www.frantiskani.cz\/index.php\/wp-json\/wp\/v2\/posts\/5358\/revisions"}],"predecessor-version":[{"id":5362,"href":"https:\/\/www.frantiskani.cz\/index.php\/wp-json\/wp\/v2\/posts\/5358\/revisions\/5362"}],"wp:featuredmedia":[{"embeddable":true,"href":"https:\/\/www.frantiskani.cz\/index.php\/wp-json\/wp\/v2\/media\/5331"}],"wp:attachment":[{"href":"https:\/\/www.frantiskani.cz\/index.php\/wp-json\/wp\/v2\/media?parent=5358"}],"wp:term":[{"taxonomy":"category","embeddable":true,"href":"https:\/\/www.frantiskani.cz\/index.php\/wp-json\/wp\/v2\/categories?post=5358"},{"taxonomy":"post_tag","embeddable":true,"href":"https:\/\/www.frantiskani.cz\/index.php\/wp-json\/wp\/v2\/tags?post=5358"}],"curies":[{"name":"wp","href":"https:\/\/api.w.org\/{rel}","templated":true}]}}