{"id":5369,"date":"2022-10-21T08:16:57","date_gmt":"2022-10-21T06:16:57","guid":{"rendered":"https:\/\/www.frantiskani.cz\/?p=5369"},"modified":"2022-10-21T08:19:56","modified_gmt":"2022-10-21T06:19:56","slug":"laska-v-akci","status":"publish","type":"post","link":"https:\/\/www.frantiskani.cz\/index.php\/2022\/10\/21\/laska-v-akci\/","title":{"rendered":"Spravedlnost je l\u00e1ska v akci&nbsp;&nbsp;&nbsp;&nbsp;&nbsp;&nbsp;&nbsp;"},"content":{"rendered":"\n<h6 class=\"wp-block-heading\">T\u00fdden \u010dty\u0159ic\u00e1t\u00fd druh\u00fd: L\u00e1ska a spravedlnost<\/h6>\n\n\n\n<p><em>Kontemplativn\u00ed aktivista a biskupsk\u00fd kn\u011bz Adam Bucko v\u011b\u0159\u00ed, \u017ee kontemplace je univerz\u00e1ln\u00edm povol\u00e1n\u00edm, kter\u00e9 n\u00e1s p\u0159ipravuje na hled\u00e1n\u00ed a kon\u00e1n\u00ed spravedlnosti:<\/em><\/p>\n\n\n\n<h4 class=\"wp-block-heading\">Intimita s&nbsp;Bohem je pro v\u0161echny<\/h4>\n\n\n<div class=\"wp-block-image is-style-rounded\">\n<figure class=\"alignleft size-full is-resized\"><img loading=\"lazy\" decoding=\"async\" src=\"data:image\/gif;base64,R0lGODlhAQABAAAAACH5BAEKAAEALAAAAAABAAEAAAICTAEAOw==\" data-layzr=\"https:\/\/www.frantiskani.cz\/wp-content\/uploads\/2022\/10\/42-Adam-Bucko.jpg\" alt=\"Adam Bucko \" class=\"wp-image-5372\" width=\"107\" height=\"161\"\/><figcaption><em>Adam Bucko <\/em><\/figcaption><\/figure>\n<\/div>\n\n\n<p>Intimita s Bohem nepat\u0159\u00ed zvl\u00e1\u0161tn\u00ed skupin\u011b n\u00e1bo\u017eensk\u00fdch profesion\u00e1l\u016f, ale je a m\u011bla by b\u00fdt dostupn\u00e1 v\u0161em. Je to na\u0161e p\u0159irozen\u00e9 pr\u00e1vo. Proto jsme se narodili. Proto jsme tady, abychom se otev\u0159eli &#8222;vnit\u0159n\u00edmu tajemstv\u00ed srdce skute\u010dnosti, kter\u00e9 je srdcem ka\u017ed\u00e9ho z n\u00e1s&#8220;. [1] Abychom se otev\u0159eli t\u00e9to l\u00e1sce, vid\u011bli sv\u011bt jej\u00edma o\u010dima a \u017eili z n\u00ed odv\u00e1\u017en\u011b a oddan\u011b. . . .<\/p>\n\n\n\n<h4 class=\"wp-block-heading\">Je t\u0159eba si osvojit modlitbu<\/h4>\n\n\n\n<p>To v\u0161e mus\u00ed za\u010d\u00edt u ka\u017ed\u00e9ho z n\u00e1s. Mus\u00ed to za\u010d\u00edt m\u00fdm z\u00e1vazkem k praxi modlitby. To v\u0161e mus\u00ed za\u010d\u00edt t\u00edm, \u017ee si osvoj\u00edm zp\u016fsob \u017eivota, kter\u00fd mi pom\u016f\u017ee r\u016fst a \u017eivit m\u016fj duchovn\u00ed \u017eivot, v\u010detn\u011b budov\u00e1n\u00ed spole\u010denstv\u00ed, abych se mohl st\u00e1t Bo\u017e\u00edma rukama a nohama a mikrofonem pro uzdraven\u00ed a spravedlnost.<\/p>\n\n\n\n<p><em>Bucko sd\u00edl\u00ed n\u011bkolik krok\u016f pro ty, kdo za\u010d\u00ednaj\u00ed cestu kontemplativn\u00edho jedn\u00e1n\u00ed:<\/em><\/p>\n\n\n\n<h4 class=\"wp-block-heading\">Propoj se s&nbsp;Bohem ne s &nbsp;ideolog\u00ed<\/h4>\n\n\n\n<p>&#8211; Nejprve se zava\u017ete, \u017ee se budete zab\u00fdvat sv\u011btem z m\u00edsta modlitby, a ne z m\u00edsta ideologie; to v\u00e1m d\u00e1v\u00e1 pocit propojenosti ve\u0161ker\u00e9ho \u017eivota v Bohu a zabra\u0148uje druh\u00fdm.<\/p>\n\n\n\n<h4 class=\"wp-block-heading\">Smi\u0159 se v &nbsp;sob\u011b s&nbsp; t\u00edm kdo jsi a kde jsi<\/h4>\n\n\n\n<p>&#8211; Za druh\u00e9, zava\u017ete se, \u017ee se vyrovn\u00e1te se sv\u00fdm soci\u00e1ln\u00edm um\u00edst\u011bn\u00edm a s t\u00edm, jak souvis\u00ed se syst\u00e9mov\u00fdm rasismem, chudobou, militarismem, ekologickou devastac\u00ed a n\u011bkter\u00fdmi zkreslen\u00fdmi mor\u00e1ln\u00edmi narativy, kter\u00e9 jsou tak roz\u0161\u00ed\u0159en\u00e9. Existuj\u00ed privilegia, kter\u00e1 si mus\u00edte p\u0159iznat nebo se jich vzd\u00e1t? Existuj\u00ed z\u00e1vazky, kter\u00e9 pot\u0159ebujete p\u0159ehodnotit?<\/p>\n\n\n\n<h4 class=\"wp-block-heading\">Zjednodu\u0161 si sv\u016fj \u017eivot<\/h4>\n\n\n\n<p>&#8211; Zat\u0159et\u00ed, nezapome\u0148te, \u017ee mluvit o spravedlnosti nen\u00ed tot\u00e9\u017e co spravedlnost konat, tak\u017ee si zjednodu\u0161te \u017eivot a zava\u017ete se k etick\u00e9mu \u017eivotu t\u00edm, \u017ee budete nakupovat v\u0161echny sv\u00e9 pot\u0159eby ve spole\u010densky odpov\u011bdn\u00fdch, ekologicky sm\u00fd\u0161lej\u00edc\u00edch a lidsky prosp\u011b\u0161n\u00fdch firm\u00e1ch. . . .<\/p>\n\n\n\n<h4 class=\"wp-block-heading\">\u201eDot\u00fdkej\u201c se trp\u00edc\u00edch<\/h4>\n\n\n\n<p>&#8211; Praktikujte skutky milosrdenstv\u00ed, ujist\u011bte se, \u017ee se va\u0161e ruce dot\u00fdkaj\u00ed rukou n\u011bkoho, kdo trp\u00ed, [a] zahr\u0148te do toho i Matku Zemi.<\/p>\n\n\n\n<h4 class=\"wp-block-heading\">Najdi svoje m\u00edsto ve slu\u017eb\u011b druh\u00fdm<\/h4>\n\n\n\n<p>&#8211; P\u0159ipojte se k n\u011bjak\u00e9mu soci\u00e1ln\u00edmu hnut\u00ed, proto\u017ee zm\u011bna va\u0161ich v\u00fddajov\u00fdch n\u00e1vyk\u016f nebo slu\u017eba druh\u00fdm je jen \u010d\u00e1st\u00ed toho, co je pot\u0159eba. Na\u0161e \u017eivoty a vztahy se neodehr\u00e1vaj\u00ed ve vakuu, ale sp\u00ed\u0161e v r\u00e1mci instituc\u00ed a syst\u00e9m\u016f, kter\u00e9 maj\u00ed svou vlastn\u00ed pok\u0159ivenou logiku a pot\u0159ebuj\u00ed masivn\u00ed zm\u011bny. . . .<\/p>\n\n\n\n<h4 class=\"wp-block-heading\">V\u00e1\u0161 \u017eivot s\u00a0 Bo\u017e\u00ed pomoc\u00ed bude p\u0159ipom\u00ednat Bo\u017e\u00ed p\u0159\u00edtomnost va\u0161emu okol\u00ed<\/h4>\n\n\n\n<p>Kdy\u017e sm\u011b\u0159ujete k osobn\u00ed a politick\u00e9 svatosti, k\u00e9\u017e je va\u0161e cesta po\u017eehnan\u00e1 a k\u00e9\u017e v\u00e1\u0161 \u017eivot a va\u0161e p\u0159\u00edtomnost p\u0159ipom\u00ednaj\u00ed lidem kolem v\u00e1s Bo\u017e\u00ed p\u0159\u00edtomnost. Prohlubujte sv\u00e9 spojen\u00ed s Bohem, ve v\u00e1s i kolem v\u00e1s, nebojte se c\u00edtit l\u00e1sku, radost, ale i bolest, kter\u00e9 jsou p\u0159\u00edtomny. Nebojte se m\u00edt srdce a riskovat, \u017ee si ho zlom\u00edte. Vci\u0165te se do toho v\u0161eho a v\u011bzte, \u017ee poka\u017ed\u00e9, kdy\u017e se dot\u00fdk\u00e1te bolesti, dot\u00fdk\u00e1te se posv\u00e1tn\u00e9 Bo\u017e\u00ed r\u00e1ny. Boha, kter\u00fd n\u00e1s v\u017edy doprov\u00e1z\u00ed a vede. Boha, kter\u00fd trp\u00ed s n\u00e1mi. . . . B\u016fh, jeho\u017e \u017eivotod\u00e1rn\u00e1 l\u00e1ska a spravedlnost bude jednoho dne &#8222;v\u0161echno ve v\u0161em&#8220; [1 Kor 15,28].<\/p>\n\n\n\n<p><em>Translated with www.DeepL.com\/Translator (free version), mezinadpisy si dovolil vlo\u017eit p\u0159ekladatel<\/em><\/p>\n\n\n\n<h6 class=\"wp-block-heading\">Prameny:<\/h6>\n\n\n\n<p>[1] Bede Griffiths, \u201c<a href=\"https:\/\/email.cac.org\/t\/d-l-zlkddkd-tlkrhyidn-y\/\">Homily on the Feast of St. Benedict<\/a>,\u201d July 11, 1992.&nbsp;<\/p>\n\n\n\n<p>Adam Bucko, <em>Let Your Heartbreak Be Your Guide: Lessons in Engaged Contemplation<\/em> (Maryknoll, NY: Orbis Books, 2022), 125, 128, 131\u2013132.<\/p>\n\n\n\n<p><strong>Image credit:<\/strong> Nathan Garcia, <em>Untitled <\/em>(detail), 2019, photograph, Albuquerque. Jenna Keiper &amp; Leslye Colvin, 2022, triptych art, United States. <a href=\"https:\/\/email.cac.org\/t\/d-l-zlkddkd-tlkrhyidn-j\/\">Click here to enlarge image.<\/a>&nbsp;<\/p>\n\n\n\n<p><strong>Image inspiration: <\/strong><em>Imagine our world illumined by love and justice.<\/em><\/p>\n","protected":false},"excerpt":{"rendered":"<p>Kdy\u017e sm\u011b\u0159ujete k osobn\u00ed a politick\u00e9 svatosti, k\u00e9\u017e je va\u0161e cesta po\u017eehnan\u00e1 a k\u00e9\u017e v\u00e1\u0161 \u017eivot a va\u0161e p\u0159\u00edtomnost p\u0159ipom\u00ednaj\u00ed lidem kolem v\u00e1s Bo\u017e\u00ed p\u0159\u00edtomnost. Prohlubujte sv\u00e9 spojen\u00ed s Bohem, ve v\u00e1s i kolem v\u00e1s, nebojte se c\u00edtit l\u00e1sku, radost, ale i bolest, kter\u00e9 jsou p\u0159\u00edtomny. <\/p>\n","protected":false},"author":1,"featured_media":5331,"comment_status":"open","ping_status":"open","sticky":false,"template":"","format":"standard","meta":{"footnotes":""},"categories":[198],"tags":[722,176,723],"class_list":["post-5369","post","type-post","status-publish","format-standard","has-post-thumbnail","hentry","category-richard-rohr-ofm-centrum-pro-zivot-a-rozjimani","tag-laska-v-akci","tag-modlitba","tag-pritomnost-ve-svete","latest_post"],"_links":{"self":[{"href":"https:\/\/www.frantiskani.cz\/index.php\/wp-json\/wp\/v2\/posts\/5369","targetHints":{"allow":["GET"]}}],"collection":[{"href":"https:\/\/www.frantiskani.cz\/index.php\/wp-json\/wp\/v2\/posts"}],"about":[{"href":"https:\/\/www.frantiskani.cz\/index.php\/wp-json\/wp\/v2\/types\/post"}],"author":[{"embeddable":true,"href":"https:\/\/www.frantiskani.cz\/index.php\/wp-json\/wp\/v2\/users\/1"}],"replies":[{"embeddable":true,"href":"https:\/\/www.frantiskani.cz\/index.php\/wp-json\/wp\/v2\/comments?post=5369"}],"version-history":[{"count":3,"href":"https:\/\/www.frantiskani.cz\/index.php\/wp-json\/wp\/v2\/posts\/5369\/revisions"}],"predecessor-version":[{"id":5374,"href":"https:\/\/www.frantiskani.cz\/index.php\/wp-json\/wp\/v2\/posts\/5369\/revisions\/5374"}],"wp:featuredmedia":[{"embeddable":true,"href":"https:\/\/www.frantiskani.cz\/index.php\/wp-json\/wp\/v2\/media\/5331"}],"wp:attachment":[{"href":"https:\/\/www.frantiskani.cz\/index.php\/wp-json\/wp\/v2\/media?parent=5369"}],"wp:term":[{"taxonomy":"category","embeddable":true,"href":"https:\/\/www.frantiskani.cz\/index.php\/wp-json\/wp\/v2\/categories?post=5369"},{"taxonomy":"post_tag","embeddable":true,"href":"https:\/\/www.frantiskani.cz\/index.php\/wp-json\/wp\/v2\/tags?post=5369"}],"curies":[{"name":"wp","href":"https:\/\/api.w.org\/{rel}","templated":true}]}}