{"id":5381,"date":"2022-10-23T07:42:19","date_gmt":"2022-10-23T05:42:19","guid":{"rendered":"https:\/\/www.frantiskani.cz\/?p=5381"},"modified":"2022-10-23T07:43:05","modified_gmt":"2022-10-23T05:43:05","slug":"laska-a-spravedlnost","status":"publish","type":"post","link":"https:\/\/www.frantiskani.cz\/index.php\/2022\/10\/23\/laska-a-spravedlnost\/","title":{"rendered":"&nbsp;&nbsp;&nbsp;&nbsp;&nbsp;&nbsp;&nbsp; L\u00e1ska a spravedlnost&nbsp;&nbsp;"},"content":{"rendered":"\n<p>&nbsp;&nbsp;&nbsp;&nbsp;&nbsp;&nbsp;&nbsp;&nbsp;&nbsp;&nbsp;&nbsp;&nbsp;&nbsp;&nbsp;&nbsp; Shrnut\u00ed a procvi\u010den\u00ed \u010dty\u0159ic\u00e1t\u00e9ho druh\u00e9ho t\u00fddne -16. \u0159\u00edjna &#8211; 21. \u0159\u00edjna 2022 &nbsp;&nbsp;&nbsp;&nbsp; &nbsp;<\/p>\n\n\n\n<h4 class=\"wp-block-heading\">Ned\u011ble<\/h4>\n\n\n\n<p>Kdy\u017e se ocitneme zran\u011bn\u00ed a na okraji spole\u010dnosti a dovol\u00edme, aby n\u00e1s toto utrpen\u00ed u\u010dilo, kdy\u017e zakou\u0161\u00edme Bo\u017e\u00ed v\u011brnost, milosrdenstv\u00ed a odpu\u0161t\u011bn\u00ed, pak se m\u016f\u017eeme st\u00e1t proroky. -Richard Rohr<\/p>\n\n\n\n<h4 class=\"wp-block-heading\">Pond\u011bl\u00ed<\/h4>\n\n\n\n<p>Bo\u017e\u00ed moc pro spravedlnost je pr\u00e1v\u011b Bo\u017e\u00ed moc obnovovat lidi, kdy\u017e jsou zlomen\u00ed nebo zran\u011bn\u00ed. B\u016fh pou\u017e\u00edv\u00e1 jejich chyby, aby je osvobodil, obm\u011bk\u010dil, osv\u00edtil, prom\u011bnil a uzdravil. -Richard Rohr<\/p>\n\n\n\n<h4 class=\"wp-block-heading\">\u00dater\u00fd<\/h4>\n\n\n\n<p>V\u00edte, kontemplace je velmi nebezpe\u010dn\u00e1 \u010dinnost. Nejen\u017ee n\u00e1s stav\u00ed tv\u00e1\u0159\u00ed v tv\u00e1\u0159 Bohu, ale tak\u00e9 tv\u00e1\u0159\u00ed v tv\u00e1\u0159 sv\u011btu, a pak n\u00e1s stav\u00ed tv\u00e1\u0159\u00ed v tv\u00e1\u0159 sob\u011b sam\u00fdm; a pak je samoz\u0159ejm\u011b t\u0159eba n\u011bco ud\u011blat. -Joan Chittisterov\u00e1<\/p>\n\n\n\n<h4 class=\"wp-block-heading\">St\u0159eda<\/h4>\n\n\n\n<p>Abychom mohli milovat, museli jsme proti n\u00e1lad\u011b, \u017ee jsme nikdo, postavit pocit, \u017ee jsme n\u011bkdo, a to znamen\u00e1 sebel\u00e1sku. A mysl\u00edm, \u017ee mnoho komunit, kter\u00e9 st\u00e1ly vn\u011b br\u00e1ny moci, muselo p\u0159ij\u00edt na zp\u016fsob, jak se naj\u00edt hodn\u00e9 a milovan\u00e9. -Ruby Sales<\/p>\n\n\n\n<h4 class=\"wp-block-heading\">\u010ctvrtek<\/h4>\n\n\n\n<p>Nesm\u00edme se odd\u011blovat od utrpen\u00ed sv\u011bta. Kdy\u017e jsme nabl\u00edzku t\u011bm, kdo trp\u00ed, jejich nouze v n\u00e1s vyvol\u00e1v\u00e1 l\u00e1sku. Jen m\u00e1lokdo z n\u00e1s m\u00e1 v sob\u011b tolik velkorysosti a velkodu\u0161nosti, aby se prost\u011b rozhodl b\u00fdt miluj\u00edc\u00ed. N\u011bkdo n\u00e1s o to mus\u00ed po\u017e\u00e1dat. -Richard Rohr<\/p>\n\n\n\n<h4 class=\"wp-block-heading\">P\u00e1tek<\/h4>\n\n\n\n<p>Prohlubte sv\u00e9 spojen\u00ed s Bohem, ve v\u00e1s i kolem v\u00e1s, nebojte se c\u00edtit l\u00e1sku, radost, ale i bolest, kter\u00e9 jsou p\u0159\u00edtomny. Nebojte se m\u00edt srdce a riskovat, \u017ee si ho zlom\u00edte. Vci\u0165te se do toho v\u0161eho. -Adam Bucko\u00a0\u00a0\u00a0\u00a0\u00a0\u00a0\u00a0\u00a0<\/p>\n\n\n\n<h2 class=\"wp-block-heading\">&nbsp;&nbsp;&nbsp;&nbsp;&nbsp;&nbsp;&nbsp; Dve\u0159e spole\u010dn\u00e9ho d\u011bdictv\u00ed<\/h2>\n\n\n\n<h6 class=\"wp-block-heading\">Cvi\u010den\u00ed ve \u010dty\u0159ic\u00e1t\u00e9m druh\u00e9m t\u00fddnu&nbsp;&nbsp;&nbsp;<\/h6>\n\n\n<div class=\"wp-block-image is-style-rounded\">\n<figure class=\"alignleft size-full is-resized\"><img loading=\"lazy\" decoding=\"async\" src=\"data:image\/gif;base64,R0lGODlhAQABAAAAACH5BAEKAAEALAAAAAABAAEAAAICTAEAOw==\" data-layzr=\"https:\/\/www.frantiskani.cz\/wp-content\/uploads\/2022\/10\/42-RhondaVMagee_bio.jpg\" alt=\" V. Magee\" class=\"wp-image-5382\" width=\"63\" height=\"63\"\/><figcaption> V. Magee<\/figcaption><\/figure>\n<\/div>\n\n\n<p>&nbsp;&nbsp;&nbsp;&nbsp;&nbsp;&nbsp;&nbsp;&nbsp;&nbsp;&nbsp;&nbsp;&nbsp;&nbsp;&nbsp;&nbsp; <em>U\u010ditelka v\u0161\u00edmavosti Rhonda V. Mageeov\u00e1 se s v\u00e1mi pod\u011bl\u00ed o n\u00e1zor, \u017ee nej\u00fa\u010dinn\u011bj\u0161\u00ed a nejtrvalej\u0161\u00ed p\u0159\u00edstup k pr\u00e1ci na rasov\u00e9 spravedlnosti je plodem jednotlivc\u016f, kte\u0159\u00ed se v\u011bnuj\u00ed i l\u00e9\u010db\u011b sv\u00e9ho vnit\u0159n\u00edho j\u00e1. Tuto \u0159\u00edzenou meditaci nab\u00edz\u00ed ve sv\u00e9 knize The Inner Work of Racial Justice:<\/em><\/p>\n\n\n\n<h4 class=\"wp-block-heading\">Ztratili jsme bohat\u00e9 kulturn\u00ed d\u011bdictv\u00ed<\/h4>\n\n\n\n<p>\u017dijeme v kultu\u0159e, v n\u00ed\u017e jsme ztratili kontakt s nezm\u011brn\u00fdm bohatstv\u00edm na\u0161eho skute\u010dn\u00e9ho lidsk\u00e9ho d\u011bdictv\u00ed a s nutnost\u00ed jej ct\u00edt, sd\u00edlet a p\u0159ed\u00e1vat d\u00e1l.<\/p>\n\n\n\n<p>Zamyslete se na chv\u00edli nad t\u00edm, co pova\u017eujete za n\u011bkter\u00e9 z mnoha pozitivn\u00edch aspekt\u016f na\u0161eho spole\u010dn\u00e9ho lidsk\u00e9ho d\u011bdictv\u00ed. Zamyslete se nad \u010d\u00edmkoli od jazyka p\u0159es schopnost p\u011bstovat a sd\u00edlet potraviny, kter\u00e9 j\u00edme, a\u017e po hudbu a r\u016fzn\u00e9 zp\u016fsoby, jak se nau\u010dit prosperovat.<\/p>\n\n\n\n<h4 class=\"wp-block-heading\">Polo\u017eme si nejprve ot\u00e1zky<\/h4>\n\n\n\n<p>Jak\u00fdch v\u011bc\u00ed, kter\u00e9 si \u0161irok\u00e1 rodina lid\u00ed p\u0159edala v pr\u016fb\u011bhu v\u011bk\u016f, si nejv\u00edce cen\u00edte?<\/p>\n\n\n\n<p>Co jste d\u00edky tomu dostali?<\/p>\n\n\n\n<p>Co jste je\u0161t\u011b ochotni vr\u00e1tit?<\/p>\n\n\n\n<h4 class=\"wp-block-heading\">A pak se pono\u0159te ve sv\u00e9m v\u011bdom\u00ed do sv\u011bta<\/h4>\n\n\n\n<p>Nyn\u00ed nechte tento dotaz rozplynout a p\u0159i tom nechte sv\u00e9 v\u011bdom\u00ed roz\u0161\u00ed\u0159it. Pono\u0159te se do ticha a co nejl\u00e9pe se zbavte pocitu, \u017ee jste sami sebou, \u017ee va\u0161e \u00fasil\u00ed a pot\u0159eby jsou odli\u0161n\u00e9 od ostatn\u00edch. Dovolte, aby se va\u0161e sebepojet\u00ed zm\u00edrnilo. P\u0159i n\u00e1dechu a v\u00fddechu si p\u0159edstavujte sv\u016fj lidsk\u00fd \u017eivotn\u00ed p\u0159\u00edb\u011bh jako \u0159eku, kter\u00e1 se vl\u00e9v\u00e1 do oce\u00e1nu lidstva, a v\u0161ichni jsou sou\u010d\u00e1st\u00ed sv\u011bta, kter\u00fd je v\u00edc ne\u017e lidsk\u00fd. Odpo\u010d\u00edvejte v oce\u00e1nu v\u011bdom\u00ed a v\u0161ech jeho mocn\u00fdch mo\u017enostech odtud.<\/p>\n\n\n\n<h4 class=\"wp-block-heading\">A pak se do sv\u011bta postavte vy a uv\u011bdomte si \u017ee k&nbsp;sob\u011b pat\u0159\u00edte<\/h4>\n\n\n\n<p>Nyn\u00ed si dovolte vr\u00e1tit se k pocitu sebe sama v tomto t\u011ble, na tomto m\u00edst\u011b, pr\u00e1v\u011b v tomto okam\u017eiku. Shrom\u00e1\u017ed\u011bte a soust\u0159e\u010fte pocit sebe sama jako t\u011bla a bytosti s pro\u017eitou zku\u0161enost\u00ed, na kter\u00e9 z\u00e1le\u017e\u00ed, ve sv\u011bt\u011b ostatn\u00edch. Dovolte si c\u00edtit se siln\u00ed ve sv\u00e9m byt\u00ed a darech, i kdy\u017e se propojujete se zku\u0161enostmi a d\u011bdictv\u00edm druh\u00fdch. Ve va\u0161em v\u011bdom\u00ed se nyn\u00ed m\u016f\u017ee spojit odd\u011blen\u00e1 individualita a spole\u010dn\u00e9 lidstv\u00ed. Jemn\u011b si dovolte poc\u00edtit &#8222;oboj\u00ed\/i&#8220; sv\u00e9 vlastn\u00ed hlubok\u00e9 identity.<\/p>\n\n\n\n<p><em>Translated with www.DeepL.com\/Translator (free version), mezinadpisy si dovolil vlo\u017eit p\u0159ekladatel<\/em><\/p>\n\n\n\n<h6 class=\"wp-block-heading\">Prameny:<\/h6>\n\n\n\n<p>Rhonda V. Magee, <em>The Inner Work of Racial Justice: Healing Ourselves and Transforming Our Communities through Mindfulness<\/em><br>(New York: TarcherPerigee, 2019), 54.&nbsp;<\/p>\n\n\n\n<p><strong>Image credit: <\/strong>Nathan Garcia, <em>Untitled<\/em> (detail), 2019, photograph, Albuquerque. Jenna Keiper &amp; Leslye Colvin, 2022, triptych art, United States. <a href=\"https:\/\/email.cac.org\/t\/d-l-zlkdhut-tlkrhyidn-o\/\">Click here to enlarge image.<\/a>&nbsp;<\/p>\n\n\n\n<p><strong>Image inspiration: <\/strong><em>Imagine our world illumined by love and justice.<\/em><\/p>\n\n\n\n<p>\u00a0\u00a0\u00a0\u00a0\u00a0\u00a0<\/p>\n","protected":false},"excerpt":{"rendered":"<p>V\u00edte, kontemplace je velmi nebezpe\u010dn\u00e1 \u010dinnost. Nejen\u017ee n\u00e1s stav\u00ed tv\u00e1\u0159\u00ed v tv\u00e1\u0159 Bohu, ale tak\u00e9 tv\u00e1\u0159\u00ed v tv\u00e1\u0159 sv\u011btu, a pak n\u00e1s stav\u00ed tv\u00e1\u0159\u00ed v tv\u00e1\u0159 sob\u011b sam\u00fdm; a pak je samoz\u0159ejm\u011b t\u0159eba n\u011bco ud\u011blat. -Joan Chittisterov\u00e1<\/p>\n","protected":false},"author":1,"featured_media":5331,"comment_status":"open","ping_status":"open","sticky":false,"template":"","format":"standard","meta":{"footnotes":""},"categories":[198],"tags":[401,240,724,155,725],"class_list":["post-5381","post","type-post","status-publish","format-standard","has-post-thumbnail","hentry","category-richard-rohr-ofm-centrum-pro-zivot-a-rozjimani","tag-kontemplace","tag-spravedlnost","tag-svet","tag-utrpeni","tag-zraneni","latest_post"],"_links":{"self":[{"href":"https:\/\/www.frantiskani.cz\/index.php\/wp-json\/wp\/v2\/posts\/5381","targetHints":{"allow":["GET"]}}],"collection":[{"href":"https:\/\/www.frantiskani.cz\/index.php\/wp-json\/wp\/v2\/posts"}],"about":[{"href":"https:\/\/www.frantiskani.cz\/index.php\/wp-json\/wp\/v2\/types\/post"}],"author":[{"embeddable":true,"href":"https:\/\/www.frantiskani.cz\/index.php\/wp-json\/wp\/v2\/users\/1"}],"replies":[{"embeddable":true,"href":"https:\/\/www.frantiskani.cz\/index.php\/wp-json\/wp\/v2\/comments?post=5381"}],"version-history":[{"count":2,"href":"https:\/\/www.frantiskani.cz\/index.php\/wp-json\/wp\/v2\/posts\/5381\/revisions"}],"predecessor-version":[{"id":5384,"href":"https:\/\/www.frantiskani.cz\/index.php\/wp-json\/wp\/v2\/posts\/5381\/revisions\/5384"}],"wp:featuredmedia":[{"embeddable":true,"href":"https:\/\/www.frantiskani.cz\/index.php\/wp-json\/wp\/v2\/media\/5331"}],"wp:attachment":[{"href":"https:\/\/www.frantiskani.cz\/index.php\/wp-json\/wp\/v2\/media?parent=5381"}],"wp:term":[{"taxonomy":"category","embeddable":true,"href":"https:\/\/www.frantiskani.cz\/index.php\/wp-json\/wp\/v2\/categories?post=5381"},{"taxonomy":"post_tag","embeddable":true,"href":"https:\/\/www.frantiskani.cz\/index.php\/wp-json\/wp\/v2\/tags?post=5381"}],"curies":[{"name":"wp","href":"https:\/\/api.w.org\/{rel}","templated":true}]}}