{"id":5500,"date":"2022-11-07T08:34:20","date_gmt":"2022-11-07T07:34:20","guid":{"rendered":"https:\/\/www.frantiskani.cz\/?p=5500"},"modified":"2022-11-08T07:42:33","modified_gmt":"2022-11-08T06:42:33","slug":"uceni-se-od-druhych","status":"publish","type":"post","link":"https:\/\/www.frantiskani.cz\/index.php\/2022\/11\/07\/uceni-se-od-druhych\/","title":{"rendered":"U\u010dil jsem se od druh\u00fdch\u00a0\u00a0\u00a0\u00a0\u00a0\u00a0\u00a0"},"content":{"rendered":"\n<h6 class=\"wp-block-heading\">\u010cty\u0159ic\u00e1t\u00fd p\u00e1t\u00fd t\u00fdden: Mezic\u00edrkevn\u00ed p\u0159\u00e1telstv\u00ed<\/h6>\n\n\n\n<p>Pokud je n\u011bco pravdiv\u00e9, je jedno, kdo to \u0159ekl, v\u017edy je to od Ducha svat\u00e9ho. -Tom\u00e1\u0161 Akvinsk\u00fd, De Veritate<\/p>\n\n\n\n<p><em>Otec Richard se zam\u00fd\u0161l\u00ed nad t\u00edm, jak mu jeho oddanost Kristu a inspirace Duchem svat\u00fdm neust\u00e1le pom\u00e1haj\u00ed rozpozn\u00e1vat Boha v jin\u00fdch tradic\u00edch:<\/em><\/p>\n\n\n\n<h4 class=\"wp-block-heading\">Franti\u0161k\u00e1ni mi poskytli ekumenick\u00e9 teologick\u00e9 vzd\u011bl\u00e1n\u00ed<\/h4>\n\n\n\n<p>V m\u00e9m vlastn\u00edm \u017eivot\u011b mi hlubok\u00e9 proniknut\u00ed do k\u0159es\u0165ansk\u00e9ho n\u00e1bo\u017eenstv\u00ed, v n\u011bm\u017e jsem se narodil, umo\u017enilo vid\u011bt stejn\u00e9ho Ducha a L\u00e1sku i v jin\u00fdch n\u00e1bo\u017eenstv\u00edch. Byla to docela dlouh\u00e1 cesta od doby, kdy jsem vyr\u016fstal v katolick\u00e9m &#8222;ghettu&#8220; v Kansasu a t\u00e9m\u011b\u0159 neznal \u017e\u00e1dn\u00e9 protestanty. A p\u0159esto jsem byl ve \u010dtrn\u00e1cti letech posl\u00e1n studovat k franti\u0161k\u00e1n\u016fm do Cincinnati v Ohiu, kte\u0159\u00ed mi poskytli velmi ekumenick\u00e9 teologick\u00e9 vzd\u011bl\u00e1n\u00ed.<\/p>\n\n\n\n<h4 class=\"wp-block-heading\">Hebrej\u0161t\u00ed proroci mne nau\u010dili usilovat o obnovu k l\u00e1sce<\/h4>\n\n\n\n<p>Jeden z nejlep\u0161\u00edch kurz\u016f, kter\u00fd jsem absolvoval, byl o Hebrejsk\u00fdch p\u00edsmech, d\u00edky nim\u017e jsem si velmi zamiloval judaismus. Asi proto tolik zd\u016fraz\u0148uji proroky, proto\u017ee jsem si uv\u011bdomil, \u017ee prorok\u016fm opravdu ne\u0161lo o to, \u010demu dnes \u0159\u00edk\u00e1me retribu\u010dn\u00ed spravedlnost <em>(zam\u011b\u0159enou na potrest\u00e1n\u00ed)<\/em>. \u0160lo jim o spravedlnost restorativn\u00ed <em>(obnovuj\u00edc\u00ed)<\/em>. Kdy\u017e z\u016fstaneme u jejich poselstv\u00ed, najdeme ke konci jejich knih n\u00e1dhern\u00e9 pas\u00e1\u017ee, kter\u00e9 v\u017edy sm\u011b\u0159uj\u00ed k l\u00e1sce. B\u016fh nakonec prost\u0159ednictv\u00edm prorok\u016f \u0159\u00edk\u00e1: &#8222;Stejn\u011b v\u00e1s budu milovat. Vykoup\u00edm v\u00e1s svou dokonalou l\u00e1skou. Budu v\u00e1s milovat k celistvosti&#8220; (viz Iz 29,13-24 a Oze\u00e1\u0161 6,1-6).<\/p>\n\n\n\n<h4 class=\"wp-block-heading\">Pozoroval jsem domorod\u00e9 n\u00e1bo\u017eensk\u00e9 zvyky<\/h4>\n\n\n\n<p>Kdy\u017e jsem byl v roce 1969 vysl\u00e1n jako diakon do Acoma Puebla v Nov\u00e9m Mexiku, m\u011bl jsem jen z\u00e1kladn\u00ed znalosti o n\u00e1bo\u017eenstv\u00ed p\u016fvodn\u00edch obyvatel. Pozoroval jsem, jak matky v pueblu ukazovaly sv\u00fdm d\u011btem, jak si maj\u00ed ti\u0161e zam\u00e1vat rann\u00edm sluncem sm\u011brem k obli\u010deji, stejn\u011b jako se my u\u010d\u00edme &#8222;\u017eehnat&#8220; znamen\u00edm k\u0159\u00ed\u017ee. Domorod\u00ed obyvatel\u00e9 zde m\u011bli kontemplativn\u00ed modlitbu d\u00e1vno p\u0159edt\u00edm, ne\u017e jsme se objevili my, franti\u0161k\u00e1ni.<\/p>\n\n\n\n<h4 class=\"wp-block-heading\">Objevil jsem k\u0159es\u0165anskou kontemplaci a s&nbsp;n\u00ed jsem pochopil jedn\u00e1n\u00ed buddhist\u016f a s\u00fafist\u016f<\/h4>\n\n\n\n<p>Znovuobjeven\u00ed k\u0159es\u0165ansk\u00e9 kontemplace mi otev\u0159elo o\u010di pro buddhisty a s\u00fafisty &#8211; jejich u\u010den\u00ed a praktikuj\u00edc\u00ed. Buddhismus m\u011b nau\u010dil fenomenologii vn\u00edm\u00e1n\u00ed &#8211; co se d\u011bje v na\u0161em mozku. Ka\u017ed\u00e9 sv\u011btov\u00e9 n\u00e1bo\u017eenstv\u00ed na vysp\u011bl\u00fdch \u00farovn\u00edch objevuje ur\u010dit\u00e9 formy praxe, kter\u00e9 n\u00e1s maj\u00ed osvobodit od na\u0161\u00ed n\u00e1vykov\u00e9 mysli, kterou pova\u017eujeme za norm\u00e1ln\u00ed. Od 60. let 20. stolet\u00ed n\u00e1m zv\u00fd\u0161en\u00e1 interakce s v\u00fdchodn\u00edmi n\u00e1bo\u017eenstv\u00edmi obecn\u011b, a zejm\u00e9na s buddhismem, pomohla rozpoznat a znovuobjevit na\u0161i vlastn\u00ed velmi starou k\u0159es\u0165anskou kontemplativn\u00ed tradici. Hlubok\u00e1 l\u00e1ska s\u00fafist\u016f k mystice, zejm\u00e9na v pod\u00e1n\u00ed jejich b\u00e1sn\u00edk\u016f R\u00fam\u00edho a H\u00e1fize, \u010dasto zachycuje pohnut\u00ed m\u00e9ho vlastn\u00edho srdce.<\/p>\n\n\n\n<h4 class=\"wp-block-heading\">a nau\u010dil se naslouchat vanut\u00ed Ducha Svat\u00e9ho<\/h4>\n\n\n\n<p>M\u00fdm posledn\u00edm objevem byl skute\u010dn\u011b hinduismus, kter\u00fd je pova\u017eov\u00e1n za nejstar\u0161\u00ed sv\u011btov\u00e9 n\u00e1bo\u017eenstv\u00ed. Na za\u010d\u00e1tku 80. let jsem vedl retreat v&nbsp;Nep\u00e1lu <em>(do\u010dasn\u00e9 opro\u0161t\u011bn\u00ed se od ka\u017edodenn\u00edho \u017eivota)<\/em>; mezi p\u0159edn\u00e1\u0161kami jsem se jen tak proch\u00e1zel star\u00fdmi ulicemi, chodil do chr\u00e1m\u016f a sna\u017eil se z\u016fstat neviditeln\u00fd. Vzpom\u00edn\u00e1m si na ty kr\u00e1sn\u00e9 indick\u00e9 \u017eeny, kter\u00e9 p\u0159ich\u00e1zely v s\u00e1r\u00ed, tak p\u016fvabn\u011b, a nev\u011bnovaly pozornost ni\u010demu jin\u00e9mu, snad krom\u011b plamene nebo oleje, kter\u00fd dr\u017eely v ruce. S jakou \u00factou se klan\u011bly! \u010cemu si mysl\u00edme, \u017ee se klan\u011bj\u00ed, krom\u011b Boha, Tajemstv\u00ed?<\/p>\n\n\n\n<p>Stejn\u011b jako v\u00edtr, i Duch vane, kam chce (viz Jan 3,8).<\/p>\n\n\n\n<div class=\"wp-block-jetpack-tiled-gallery aligncenter is-style-columns\"><div class=\"tiled-gallery__gallery\"><div class=\"tiled-gallery__row\"><div class=\"tiled-gallery__col\" style=\"flex-basis:19.23007%\"><figure class=\"tiled-gallery__item\"><img decoding=\"async\" alt=\"\" data-height=\"354\" data-id=\"5504\" data-link=\"https:\/\/www.frantiskani.cz\/index.php\/2022\/11\/07\/uceni-se-od-druhych\/45-hinduiste\/\" data-url=\"https:\/\/www.frantiskani.cz\/wp-content\/uploads\/2022\/11\/45-hinduiste.jpg\" data-width=\"472\" src=\"data:image\/gif;base64,R0lGODlhAQABAAAAACH5BAEKAAEALAAAAAABAAEAAAICTAEAOw==\" data-layzr=\"https:\/\/i2.wp.com\/www.frantiskani.cz\/wp-content\/uploads\/2022\/11\/45-hinduiste.jpg?ssl=1\" data-amp-layout=\"responsive\"\/><\/figure><figure class=\"tiled-gallery__item\"><img decoding=\"async\" alt=\"\" data-height=\"180\" data-id=\"5501\" data-link=\"https:\/\/www.frantiskani.cz\/index.php\/2022\/11\/07\/uceni-se-od-druhych\/45-sufiste\/\" data-url=\"https:\/\/www.frantiskani.cz\/wp-content\/uploads\/2022\/11\/45-sufiste.jpg\" data-width=\"280\" src=\"data:image\/gif;base64,R0lGODlhAQABAAAAACH5BAEKAAEALAAAAAABAAEAAAICTAEAOw==\" data-layzr=\"https:\/\/i0.wp.com\/www.frantiskani.cz\/wp-content\/uploads\/2022\/11\/45-sufiste.jpg?ssl=1\" data-amp-layout=\"responsive\"\/><\/figure><\/div><div class=\"tiled-gallery__col\" style=\"flex-basis:43.23505%\"><figure class=\"tiled-gallery__item\"><img decoding=\"async\" alt=\"\" data-height=\"618\" data-id=\"5503\" data-link=\"https:\/\/www.frantiskani.cz\/index.php\/2022\/11\/07\/uceni-se-od-druhych\/45-budhoaste\/\" data-url=\"https:\/\/www.frantiskani.cz\/wp-content\/uploads\/2022\/11\/45-budhoaste.jpg\" data-width=\"988\" src=\"data:image\/gif;base64,R0lGODlhAQABAAAAACH5BAEKAAEALAAAAAABAAEAAAICTAEAOw==\" data-layzr=\"https:\/\/i0.wp.com\/www.frantiskani.cz\/wp-content\/uploads\/2022\/11\/45-budhoaste.jpg?ssl=1\" data-amp-layout=\"responsive\"\/><\/figure><\/div><div class=\"tiled-gallery__col\" style=\"flex-basis:37.53488%\"><figure class=\"tiled-gallery__item\"><img decoding=\"async\" alt=\"\" data-height=\"577\" data-id=\"5502\" data-link=\"https:\/\/www.frantiskani.cz\/index.php\/2022\/11\/07\/uceni-se-od-druhych\/45-katolici\/\" data-url=\"https:\/\/www.frantiskani.cz\/wp-content\/uploads\/2022\/11\/45-katolici.jpg\" data-width=\"800\" src=\"data:image\/gif;base64,R0lGODlhAQABAAAAACH5BAEKAAEALAAAAAABAAEAAAICTAEAOw==\" data-layzr=\"https:\/\/i1.wp.com\/www.frantiskani.cz\/wp-content\/uploads\/2022\/11\/45-katolici.jpg?ssl=1\" data-amp-layout=\"responsive\"\/><\/figure><\/div><\/div><\/div><\/div>\n\n\n\n<p><em>Translated with www.DeepL.com\/Translator (free version), mezinadpisy a kurz\u00edvou v&nbsp;z\u00e1vork\u00e1ch vysv\u011btlivky si dovolil vlo\u017eit p\u0159ekladatel<\/em><\/p>\n\n\n\n<h6 class=\"wp-block-heading\">Prameny:<\/h6>\n\n\n\n<p>Adapted from Richard Rohr, Living School faculty conversation with CAC staff members, October 23, 2017.&nbsp;<\/p>\n\n\n\n<p><strong>Image credit:<\/strong> Jeremy Yap, Untitled (detail), 2017, photograph, <a href=\"https:\/\/email.cac.org\/t\/d-l-zalldd-tlkrhyidn-y\/\">Unsplash<\/a>. Dann Zepeda, Untitled (detail), 2017, photograph, <a href=\"https:\/\/email.cac.org\/t\/d-l-zalldd-tlkrhyidn-j\/\">Unsplash<\/a>. Austin Kehmeier, Untitled (detail), 2020, photograph, <a href=\"https:\/\/email.cac.org\/t\/d-l-zalldd-tlkrhyidn-t\/\">Unsplash<\/a>. Jenna Keiper &amp; Leslye Colvin, 2022, triptych art, United States. <a href=\"https:\/\/email.cac.org\/t\/d-l-zalldd-tlkrhyidn-i\/\">Click here to enlarge image.<\/a><\/p>\n\n\n\n<p><strong>Image inspiration:<\/strong> <em>Opening the door to difference\u2014to include, rather than exclude\u2014we see a beautiful beyond and receive the life water of new ways to see.<\/em><\/p>\n","protected":false},"excerpt":{"rendered":"<p>Kdy\u017e jsem byl v roce 1969 vysl\u00e1n jako diakon do Acoma Puebla v Nov\u00e9m Mexiku, m\u011bl jsem jen z\u00e1kladn\u00ed znalosti o n\u00e1bo\u017eenstv\u00ed p\u016fvodn\u00edch obyvatel. Pozoroval jsem, jak matky v pueblu ukazovaly sv\u00fdm d\u011btem, jak si maj\u00ed ti\u0161e zam\u00e1vat rann\u00edm sluncem sm\u011brem k obli\u010deji, stejn\u011b jako se my u\u010d\u00edme &#8222;\u017eehnat&#8220; znamen\u00edm k\u0159\u00ed\u017ee. Domorod\u00ed obyvatel\u00e9 zde m\u011bli kontemplativn\u00ed modlitbu d\u00e1vno p\u0159edt\u00edm, ne\u017e jsme se objevili my, franti\u0161k\u00e1ni.<\/p>\n","protected":false},"author":1,"featured_media":5498,"comment_status":"open","ping_status":"open","sticky":false,"template":"","format":"standard","meta":{"footnotes":""},"categories":[198],"tags":[491,755,758,757],"class_list":["post-5500","post","type-post","status-publish","format-standard","has-post-thumbnail","hentry","category-richard-rohr-ofm-centrum-pro-zivot-a-rozjimani","tag-duch-svaty","tag-ekumenicke-vzdelani","tag-hinduiste","tag-sufiste","latest_post"],"_links":{"self":[{"href":"https:\/\/www.frantiskani.cz\/index.php\/wp-json\/wp\/v2\/posts\/5500","targetHints":{"allow":["GET"]}}],"collection":[{"href":"https:\/\/www.frantiskani.cz\/index.php\/wp-json\/wp\/v2\/posts"}],"about":[{"href":"https:\/\/www.frantiskani.cz\/index.php\/wp-json\/wp\/v2\/types\/post"}],"author":[{"embeddable":true,"href":"https:\/\/www.frantiskani.cz\/index.php\/wp-json\/wp\/v2\/users\/1"}],"replies":[{"embeddable":true,"href":"https:\/\/www.frantiskani.cz\/index.php\/wp-json\/wp\/v2\/comments?post=5500"}],"version-history":[{"count":4,"href":"https:\/\/www.frantiskani.cz\/index.php\/wp-json\/wp\/v2\/posts\/5500\/revisions"}],"predecessor-version":[{"id":5513,"href":"https:\/\/www.frantiskani.cz\/index.php\/wp-json\/wp\/v2\/posts\/5500\/revisions\/5513"}],"wp:featuredmedia":[{"embeddable":true,"href":"https:\/\/www.frantiskani.cz\/index.php\/wp-json\/wp\/v2\/media\/5498"}],"wp:attachment":[{"href":"https:\/\/www.frantiskani.cz\/index.php\/wp-json\/wp\/v2\/media?parent=5500"}],"wp:term":[{"taxonomy":"category","embeddable":true,"href":"https:\/\/www.frantiskani.cz\/index.php\/wp-json\/wp\/v2\/categories?post=5500"},{"taxonomy":"post_tag","embeddable":true,"href":"https:\/\/www.frantiskani.cz\/index.php\/wp-json\/wp\/v2\/tags?post=5500"}],"curies":[{"name":"wp","href":"https:\/\/api.w.org\/{rel}","templated":true}]}}