{"id":5602,"date":"2022-11-19T09:15:37","date_gmt":"2022-11-19T08:15:37","guid":{"rendered":"https:\/\/www.frantiskani.cz\/?p=5602"},"modified":"2022-11-19T09:39:18","modified_gmt":"2022-11-19T08:39:18","slug":"hnuti-spravedlnosti-a-ducha","status":"publish","type":"post","link":"https:\/\/www.frantiskani.cz\/index.php\/2022\/11\/19\/hnuti-spravedlnosti-a-ducha\/","title":{"rendered":"&nbsp;Hnut\u00ed spravedlnosti a ducha"},"content":{"rendered":"\n<h6 class=\"wp-block-heading\">&nbsp;Shrnut\u00ed a procvi\u010den\u00ed \u010dty\u0159ic\u00e1t\u00e9ho \u0161est\u00e9ho t\u00fddne 13. listopadu &#8211; 18. listopadu 2022<\/h6>\n\n\n\n<h4 class=\"wp-block-heading\">Ned\u011ble<\/h4>\n\n\n\n<p>Je\u017e\u00ed\u0161 \u017eil mezi zavr\u017een\u00fdmi. Slou\u017eil mezi zavr\u017een\u00fdmi. Zem\u0159el a byl uk\u0159i\u017eov\u00e1n jako odm\u00edtnut\u00fd, jako n\u011bkdo, kdo st\u00e1l mimo politickou mocenskou strukturu. Ale v ned\u011bli brzy r\u00e1no z hrobu vedl hnut\u00ed vzk\u0159\u00ed\u0161en\u00ed &#8211; obrodu l\u00e1sky, obrodu spravedlnosti, obrodu milosrdenstv\u00ed, obrodu milosti. -William Barber<\/p>\n\n\n\n<h4 class=\"wp-block-heading\">Pond\u011bl\u00ed<\/h4>\n\n\n\n<p>Je\u017e\u00ed\u0161 zah\u00e1jil hnut\u00ed, poh\u00e1n\u011bn\u00e9 jeho Duchem, hnut\u00ed, jeho\u017e c\u00edlem bylo a je zm\u011bnit tv\u00e1\u0159 zem\u011b z no\u010dn\u00ed m\u016fry, kterou \u010dasto je, na sen, kter\u00fd B\u016fh zam\u00fd\u0161l\u00ed. -Michael Curry<\/p>\n\n\n\n<h4 class=\"wp-block-heading\">\u00dater\u00fd<\/h4>\n\n\n\n<p>Dvakr\u00e1t ro\u010dn\u011b p\u0159eru\u0161ujeme Denn\u00ed rozj\u00edm\u00e1n\u00ed, abychom v\u00e1s po\u017e\u00e1dali o podporu. Pokud v\u00e1s tyto Meditace ovlivnily, zva\u017ete pros\u00edm mo\u017enost p\u0159isp\u011bt. Ocen\u00edme jakoukoli \u010d\u00e1stku, proto\u017ee n\u00e1m z\u00e1le\u017e\u00ed na tom, aby tato poselstv\u00ed byla dostupn\u00e1 v\u0161em.<\/p>\n\n\n\n<h4 class=\"wp-block-heading\">St\u0159eda<\/h4>\n\n\n\n<p>Nejv\u011bt\u0161\u00ed projev Bo\u017e\u00ed moci p\u0159ich\u00e1z\u00ed, kdy\u017e spole\u010dn\u011b hled\u00e1me zp\u016fsoby, jak b\u00fdt spolu a spole\u010dn\u011b konat spravedlnost, spole\u010dn\u011b milovat a spole\u010dn\u011b st\u00e1t. -Yvette Flunderov\u00e1<\/p>\n\n\n\n<h4 class=\"wp-block-heading\">\u010ctvrtek<\/h4>\n\n\n\n<p>Bo\u017esk\u00e1 l\u00e1ska nen\u00ed odm\u011bnou za dobr\u00e9 chov\u00e1n\u00ed, jak se zprvu domn\u00edv\u00e1me; je to v\u011bt\u0161\u00ed \u017divot, energie a pohyb, na kter\u00e9m se m\u016f\u017eeme pod\u00edlet &#8211; a pak se t\u00e9m\u011b\u0159 navzdory sob\u011b sam\u00fdm chov\u00e1me jinak. -Richard Rohr<\/p>\n\n\n\n<h4 class=\"wp-block-heading\">P\u00e1tek<\/h4>\n\n\n\n<p>A\u0165 u\u017e investujete sv\u016fj \u017eivot kamkoli, douf\u00e1m, \u017ee to bude do tohoto v\u011bt\u0161\u00edho hnut\u00ed, kter\u00e9 usiluje o zrod n\u011b\u010deho nov\u00e9ho. P\u0159ijm\u011bte dlouhodob\u00fd pohled a najd\u011bte hlubok\u00fd proud, nekone\u010dn\u00fd tok. -Brian McLaren<\/p>\n\n\n\n<h2 class=\"wp-block-heading\">&nbsp;Spole\u010dn\u00fd zp\u011bv<\/h2>\n\n\n\n<h6 class=\"wp-block-heading\">\u010cty\u0159ic\u00e1t\u00fd \u0161est\u00fd t\u00fdden<\/h6>\n\n\n\n<p>&nbsp;<em>Organiz\u00e1to\u0159i s ko\u0159eny ve v\u00ed\u0159e Alexia Salvatierra a Peter Heltzel se pod\u00edleli na mnoha hnut\u00edch za soci\u00e1ln\u00ed transformaci. Doporu\u010duj\u00ed spole\u010dn\u00e9 zp\u00edv\u00e1n\u00ed jako jednoduchou, ale hlubokou praxi, kter\u00e1 podporovala mnoh\u00e1 hnut\u00ed v minulosti a m\u016f\u017ee \u017eivit na\u0161e dne\u0161n\u00ed \u00fasil\u00ed o l\u00e1sku a spravedlnost:<\/em><\/p>\n\n\n\n<h4 class=\"wp-block-heading\">U\u010den\u00ed se hodb\u011b<\/h4>\n\n\n\n<p>Aby hnut\u00ed za spravedlnost rostlo a bylo \u00fasp\u011b\u0161n\u00e9, mus\u00ed ka\u017ed\u00fd zp\u00edvat svou p\u00edse\u0148. Hudba o\u017eila na protestech a piketech a sjednotila aktivisty v jednom spole\u010dn\u00e9m duchu. U\u010den\u00ed se hudb\u011b hnut\u00ed je tedy d\u016fle\u017eit\u00fdm zp\u016fsobem, jak udr\u017eet boj, proto\u017ee hudba v sob\u011b zahrnuje tv\u016fr\u010d\u00ed a prorockou spiritualitu. . .<\/p>\n\n\n\n<h4 class=\"wp-block-heading\">Zp\u011bv uklid\u0148uje a umoc\u0148uje text<\/h4>\n\n\n\n<p>C\u00edrkev je sv\u00fdm zp\u016fsobem z\u00e1sob\u00e1rnou t\u011bchto duchovn\u00edch p\u00edsn\u00ed, kter\u00e9 \u017eiv\u00ed na\u0161i du\u0161i. Ka\u017ed\u00fd t\u00fdden, kdy\u017e jdeme do kostela, p\u0159in\u00e1\u0161\u00edme do bohoslu\u017eby bolesti a sliby, bolesti a nad\u011bje uplynul\u00e9ho t\u00fddne, ale ve zp\u011bvu je n\u011bco, co jde k j\u00e1dru v\u011bci a do hlubin du\u0161e. Fyzick\u00fd akt spole\u010dn\u00e9ho zp\u011bvu s jeho l\u00e9\u010div\u00fdmi vibracemi proch\u00e1zej\u00edc\u00edmi na\u0161\u00edm t\u011blem n\u00e1s vlastn\u011b uklid\u0148uje. A texty, kter\u00e9 zp\u00edv\u00e1me, jsou v na\u0161ich srdc\u00edch a mysl\u00edch umocn\u011bny melodiemi, kter\u00e9 n\u00e1m skladatel\u00e9 nab\u00eddli. Nen\u00ed divu, \u017ee zp\u011bv hr\u00e1l v hnut\u00ed za ob\u010dansk\u00e1 pr\u00e1va tak hlubokou roli; nab\u00edz\u00ed fyzickou, du\u0161evn\u00ed i duchovn\u00ed \u00fat\u011bchu ve spole\u010dn\u00e9m prost\u0159ed\u00ed, podporuje unaven\u00e9 a povzbuzuje opot\u0159ebovan\u00e9.<\/p>\n\n\n\n<h4 class=\"wp-block-heading\">Zazp\u00edvejte si v&nbsp;rodin\u011b i dnes<\/h4>\n\n\n\n<p>Vyz\u00fdv\u00e1me v\u00e1s, abyste si dnes nahlas zazp\u00edvali n\u011bjakou zn\u00e1mou p\u00edse\u0148; m\u016f\u017ee b\u00fdt duchovn\u00ed povahy, \u00fat\u011b\u0161n\u00e1 nebo povzbuzuj\u00edc\u00ed. Pokud je to mo\u017en\u00e9, zp\u00edvejte se spole\u010dn\u00edky a vn\u00edmejte energii, kter\u00e1 proud\u00ed mezi va\u0161imi hlasy a kolem nich. Zde je kr\u00e1tk\u00fd videoz\u00e1znam ze Smithsonova muzea, na kter\u00e9m \u00fa\u010dastn\u00edci masov\u00e9ho shrom\u00e1\u017ed\u011bn\u00ed za ob\u010dansk\u00e1 pr\u00e1va v Danville ve Virginii v roce 1963 zp\u00edvaj\u00ed p\u00edse\u0148 &#8222;Leaning on the Everlasting Arms&#8220;.<\/p>\n\n\n\n<p><em>&nbsp;Translated with www.DeepL.com\/Translator (free version), mezinadpisy si dovolil vlo\u017eit p\u0159ekladatel<\/em><\/p>\n\n\n\n<h6 class=\"wp-block-heading\">Prameny:<\/h6>\n\n\n\n<p><em>We invite you to sing a familiar song out loud today; it may be spiritual in nature, comforting or enlivening. If possible, sing with companions and sense the energy that flows between and around your voices. <\/em><a href=\"https:\/\/email.cac.org\/t\/d-l-zekro-tlkrhyidn-k\/\"><em>Here is a short video from the Smithsonian<\/em><\/a><em> of civil rights mass meeting participants in Danville, Virginia, 1963, singing \u201c<\/em>Leaning on the Everlasting Arms<em>.\u201d<\/em><\/p>\n\n\n\n<figure class=\"wp-block-image is-resized\"><a href=\"https:\/\/email.cac.org\/t\/d-l-zekro-tlkrhyidn-u\/\"><img loading=\"lazy\" decoding=\"async\" src=\"data:image\/gif;base64,R0lGODlhAQABAAAAACH5BAEKAAEALAAAAAABAAEAAAICTAEAOw==\" data-layzr=\"http:\/\/i2.cmail20.com\/ei\/d\/D1\/4E8\/775\/060434\/csfinal\/Movements_Playbutton-9900000000079e3c.jpg\" alt=\"\" width=\"225\" height=\"225\"\/><\/a><\/figure>\n\n\n\n<p>Alexia Salvatierra and Peter Heltzel, <em>Faith-Rooted Organizing: Mobilizing the Church in Service to the World <\/em>(Downers Grove, IL: InterVarsity Press, 2014), 177.<\/p>\n\n\n\n<p><strong>Image credit: <\/strong>Khamk\u00e9o Vilaysing, <em>Lonely Tree <\/em>(detail), 2017, France, photograph, <a href=\"https:\/\/email.cac.org\/t\/d-l-zekro-tlkrhyidn-o\/\">Unsplash<\/a>. Anastase Maragos, <em>Calm Tide <\/em>(detail), 2020, Canada, photograph, <a href=\"https:\/\/email.cac.org\/t\/d-l-zekro-tlkrhyidn-b\/\">Unsplash<\/a>. Clark Gu, <em>Untitled <\/em>(detail), 2020, Korea, photograph, Unsplash. Jenna Keiper &amp; Leslye Colvin, 2022, triptych art, United States. <a href=\"https:\/\/email.cac.org\/t\/d-l-zekro-tlkrhyidn-n\/\">Click here to enlarge image<\/a>.<\/p>\n\n\n\n<p><em><strong>Image inspiration: <\/strong>We cannot see the wind, but we feel it. We recognize its presence by watching the world around us move in response to its power. At times, the movement of Spirit towards justice feels invisible and interminably slow, but like waves slowly shaping the shoreline, in time we see the fruits of God\u2019s movement.<\/em><\/p>\n","protected":false},"excerpt":{"rendered":"<p>Vyz\u00fdv\u00e1me v\u00e1s, abyste si dnes nahlas zazp\u00edvali n\u011bjakou zn\u00e1mou p\u00edse\u0148; m\u016f\u017ee b\u00fdt duchovn\u00ed povahy, \u00fat\u011b\u0161n\u00e1 nebo povzbuzuj\u00edc\u00ed. Pokud je to mo\u017en\u00e9, zp\u00edvejte se spole\u010dn\u00edky a vn\u00edmejte energii, kter\u00e1 proud\u00ed mezi va\u0161imi hlasy a kolem nich.<\/p>\n","protected":false},"author":1,"featured_media":5543,"comment_status":"open","ping_status":"open","sticky":false,"template":"","format":"standard","meta":{"footnotes":""},"categories":[198],"tags":[154,542,795],"class_list":["post-5602","post","type-post","status-publish","format-standard","has-post-thumbnail","hentry","category-richard-rohr-ofm-centrum-pro-zivot-a-rozjimani","tag-laska","tag-spolecne","tag-zpev","latest_post"],"_links":{"self":[{"href":"https:\/\/www.frantiskani.cz\/index.php\/wp-json\/wp\/v2\/posts\/5602","targetHints":{"allow":["GET"]}}],"collection":[{"href":"https:\/\/www.frantiskani.cz\/index.php\/wp-json\/wp\/v2\/posts"}],"about":[{"href":"https:\/\/www.frantiskani.cz\/index.php\/wp-json\/wp\/v2\/types\/post"}],"author":[{"embeddable":true,"href":"https:\/\/www.frantiskani.cz\/index.php\/wp-json\/wp\/v2\/users\/1"}],"replies":[{"embeddable":true,"href":"https:\/\/www.frantiskani.cz\/index.php\/wp-json\/wp\/v2\/comments?post=5602"}],"version-history":[{"count":3,"href":"https:\/\/www.frantiskani.cz\/index.php\/wp-json\/wp\/v2\/posts\/5602\/revisions"}],"predecessor-version":[{"id":5605,"href":"https:\/\/www.frantiskani.cz\/index.php\/wp-json\/wp\/v2\/posts\/5602\/revisions\/5605"}],"wp:featuredmedia":[{"embeddable":true,"href":"https:\/\/www.frantiskani.cz\/index.php\/wp-json\/wp\/v2\/media\/5543"}],"wp:attachment":[{"href":"https:\/\/www.frantiskani.cz\/index.php\/wp-json\/wp\/v2\/media?parent=5602"}],"wp:term":[{"taxonomy":"category","embeddable":true,"href":"https:\/\/www.frantiskani.cz\/index.php\/wp-json\/wp\/v2\/categories?post=5602"},{"taxonomy":"post_tag","embeddable":true,"href":"https:\/\/www.frantiskani.cz\/index.php\/wp-json\/wp\/v2\/tags?post=5602"}],"curies":[{"name":"wp","href":"https:\/\/api.w.org\/{rel}","templated":true}]}}