{"id":5672,"date":"2022-11-28T08:32:34","date_gmt":"2022-11-28T07:32:34","guid":{"rendered":"https:\/\/www.frantiskani.cz\/?p=5672"},"modified":"2022-11-28T08:33:36","modified_gmt":"2022-11-28T07:33:36","slug":"automaticky-vytvoreny-koncept-2","status":"publish","type":"post","link":"https:\/\/www.frantiskani.cz\/index.php\/2022\/11\/28\/automaticky-vytvoreny-koncept-2\/","title":{"rendered":"Na konci nov\u00fd za\u010d\u00e1tek&nbsp;&nbsp;&nbsp;"},"content":{"rendered":"\n<h6 class=\"wp-block-heading\">\u010cty\u0159ic\u00e1t\u00fd osm\u00fd t\u00fdden: Budoucnost k\u0159es\u0165anstv\u00ed<\/h6>\n\n\n\n<p><em>I kdy\u017e se na\u0161e tradi\u010dn\u00ed n\u00e1bo\u017eensk\u00e1 architektura rozpadne &#8211; fyzicky nebo koncep\u010dn\u011b &#8211; i tehdy m\u016f\u017ee B\u016fh z trosek pozvednout n\u011bco kr\u00e1sn\u00e9ho. <\/em>-Brian McLaren, Velk\u00e9 duchovn\u00ed st\u011bhov\u00e1n\u00ed<\/p>\n\n\n\n<p><em>V t\u00e9to p\u0159edn\u00e1\u0161ce o budoucnosti c\u00edrkve Richard Rohr vyb\u00edz\u00ed k d\u016fv\u011b\u0159e v tajemstv\u00ed v\u00edry:<\/em><\/p>\n\n\n\n<h4 class=\"wp-block-heading\">Na\u0161e v\u00fdzva ke zm\u011bn\u011b nem\u016f\u017ee b\u00fdt jen kritika sou\u010dasn\u00e9ho stavu- i nad\u00e1le v\u011b\u0159\u00edme\u2026<\/h4>\n\n\n<div class=\"wp-block-image is-style-rounded\">\n<figure class=\"alignleft size-thumbnail\"><img decoding=\"async\" src=\"data:image\/gif;base64,R0lGODlhAQABAAAAACH5BAEKAAEALAAAAAABAAEAAAICTAEAOw==\" data-layzr=\"https:\/\/www.frantiskani.cz\/wp-content\/uploads\/2022\/11\/Richard-Rohr_Headshot_nkramer-1024x1024-1-150x150.jpg\" alt=\"\" class=\"wp-image-5673\"\/><figcaption class=\"wp-element-caption\">Richard Rohr OFM<\/figcaption><\/figure>\n<\/div>\n\n\n<p>Nen\u00ed n\u00e1hodou, \u017ee j\u00e1drem liturgie je vyzn\u00e1n\u00ed v\u00edry, kter\u00e9 se opakuje: V\u011b\u0159\u00edm, v\u011b\u0159\u00edm, v\u011b\u0159\u00edm. Bez ohledu na to, co to je, mus\u00edme naj\u00edt sv\u016fj skute\u010dn\u00fd syst\u00e9m v\u00edry. Pro co jsme zap\u00e1len\u00ed a nad\u0161en\u00ed? \u010c\u00edm jsme napln\u011bni Bohem? Reakce proti tomu, co je \u0161patn\u00e9, m\u016f\u017ee lidi vzru\u0161ovat, ale nikoho neobr\u00e1t\u00ed, neprom\u011bn\u00ed a du\u0161i nep\u0159it\u00e1hne. V\u0161ichni v\u00edme, co je \u0161patn\u011b, v\u0161ichni v\u00edme, co by se m\u011blo zm\u011bnit, ale dal\u0161\u00ed zm\u011bny, a\u0165 u\u017e jakkoli progresivn\u00ed, samy o sob\u011b prom\u011bnu du\u0161e nep\u0159inesou. Na\u0161e v\u00fdzva ke zm\u011bn\u011b je nyn\u00ed samoz\u0159ejm\u011b mnohem hlub\u0161\u00ed.<\/p>\n\n\n\n<h4 class=\"wp-block-heading\">\u2026\u017ee \u017eivot je st\u00e1le o kolob\u011bhu um\u00edr\u00e1n\u00ed a vzk\u0159\u00ed\u0161en\u00ed<\/h4>\n\n\n\n<p>Na\u0161e v\u00edra n\u00e1m tak\u00e9 nab\u00edz\u00ed z\u00e1kladn\u00ed p\u0159esv\u011bd\u010den\u00ed, \u017ee \u017eivot je sled um\u00edr\u00e1n\u00ed a povst\u00e1n\u00ed. Ve st\u0159edu eucharistie hl\u00e1s\u00e1me: &#8222;Kristus zem\u0159el, Kristus vstal z mrtv\u00fdch a Kristus znovu p\u0159ijde.&#8220; V tomto smyslu je t\u0159eba se sna\u017eit o to, abychom byli v\u011brn\u00ed sv\u00e9mu \u017eivotu. [1] To je sp\u00e1sn\u00fd vzor! Nen\u00ed to tajemstv\u00ed v\u00edry, to je tajemstv\u00ed v\u00edry. Nikdy se nezm\u011bn\u00ed. Ale lid\u00e9 ze Z\u00e1padu, vy\u0161kolen\u00ed ve filozofii pokroku a \u0159e\u0161en\u00ed probl\u00e9m\u016f, tomu u\u017e nev\u011b\u0159\u00ed. Mnohem v\u00edce v\u011b\u0159\u00edme, \u017ee m\u016f\u017eeme p\u0159ekonat pa\u0161ijov\u00e9 tajemstv\u00ed. \u017de m\u016f\u017eeme vytvo\u0159it rodinu, farnost, c\u00edrkev, instituci, zemi, kter\u00e1 nebude muset proch\u00e1zet um\u00edr\u00e1n\u00edm v\u011bc\u00ed.<\/p>\n\n\n\n<h4 class=\"wp-block-heading\">\u2026a oboj\u00ed je pro n\u00e1s dobr\u00fdm u\u010ditelem<\/h4>\n\n\n\n<p>Nen\u00ed to pravda! Nen\u00ed pravda, \u017ee v\u0161echno je st\u00e1le lep\u0161\u00ed a lep\u0161\u00ed. Tento omyl je n\u00e1m br\u00e1n. M\u016f\u017eeme se v\u0161ak vr\u00e1tit ke vzoru na\u0161\u00ed v\u00edry a ke vzoru skute\u010dnosti: \u017ee v\u011bci um\u00edraj\u00ed a v\u011bci vst\u00e1vaj\u00ed z mrtv\u00fdch a oboj\u00ed je dobr\u00fdm u\u010ditelem. Krista je t\u0159eba poznat a p\u0159ijmout na obou m\u00edstech &#8211; v um\u00edr\u00e1n\u00ed v\u011bc\u00ed i v ext\u00e1zi a kr\u00e1se v\u011bc\u00ed.<\/p>\n\n\n\n<h4 class=\"wp-block-heading\">\u2026 abychom i my byli \u010diniteli prom\u011bny.<\/h4>\n\n\n\n<p>Cesta dol\u016f n\u00e1s v\u017edy u\u010d\u00ed. Pot\u0159ebujeme chv\u00edle, kdy je du\u0161e zlomen\u00e1, a pot\u0159ebujeme n\u011bjak\u00e9 m\u00edsto, kam m\u016f\u017eeme j\u00edt a plakat a truchlit. Ale mus\u00edme tam m\u00edt zdrav\u00e9 lidi, kte\u0159\u00ed n\u00e1s nenechaj\u00ed propadnout takov\u00e9 negativit\u011b jako zp\u016fsobu \u017eivota. Jako lid\u00e9 c\u00edrkve jsme povol\u00e1ni b\u00fdt \u010diniteli prom\u011bny, kte\u0159\u00ed sv\u011bd\u010d\u00ed o zm\u011bn\u00e1ch a doprov\u00e1zej\u00ed je moudrost\u00ed du\u0161e.<\/p>\n\n\n\n<h4 class=\"wp-block-heading\">Jsme na konci dominance z\u00e1padu i c\u00edrkve. Co s\u00a0 t\u00edm ud\u011bl\u00e1me?<\/h4>\n\n\n\n<p>Je\u017e\u00ed\u0161 n\u00e1m nikdy ne\u0159ekl, abychom d\u016fv\u011b\u0159ovali v\u011bt\u0161\u00edm kulturn\u00edm instituc\u00edm nebo dokonce c\u00edrkvi. To neznamen\u00e1, \u017ee jsou \u0161patn\u00e9 nebo \u017ee bychom je m\u011bli opustit, ale mus\u00edme si uv\u011bdomit, \u017ee i ony podl\u00e9haj\u00ed velikono\u010dn\u00edmu tajemstv\u00ed, um\u00edr\u00e1n\u00ed a zmrtv\u00fdchvst\u00e1n\u00ed v\u0161ech v\u011bc\u00ed. A mysl\u00edm, \u017ee mus\u00edme b\u00fdt up\u0159\u00edmn\u00ed, \u017ee se nach\u00e1z\u00edme na spodn\u00ed stran\u011b k\u0159ivky. V\u0161echny ukazatele nazna\u010duj\u00ed, \u017ee jsme na konci dominance Spojen\u00fdch st\u00e1t\u016f, z\u00e1padn\u00ed civilizace, a dokonce i k\u0159es\u0165anstv\u00ed. Ot\u00e1zka pro n\u00e1s se st\u00e1v\u00e1 n\u00e1sleduj\u00edc\u00ed: Co s t\u00edm ud\u011bl\u00e1me?<\/p>\n\n\n\n<p><em>Translated with www.DeepL.com\/Translator (free version), mezinadpisy si dovolil vlo\u017eit p\u0159ekladatel<\/em><\/p>\n\n\n\n<h6 class=\"wp-block-heading\">Prameny:<\/h6>\n\n\n\n<p>[1] This memorial acclamation was still used during Mass at the time of this presentation.<\/p>\n\n\n\n<p>Adapted from Richard Rohr, <em>Creating a Church for the 21st Century<\/em>, conference presentation, August 6, 1993.<\/p>\n\n\n\n<p><strong>Image credit: <\/strong>Christopher Holt, <em>Newgrange Triple Spiral<\/em> (detail), 2014, Ireland, photograph, <a href=\"https:\/\/email.cac.org\/t\/d-l-zghkdk-tlkrhyidn-y\/\">Wikimedia<\/a>. Joanna Kosinska, <em>Untitled <\/em>(detail), 2017, photograph, <a href=\"https:\/\/email.cac.org\/t\/d-l-zghkdk-tlkrhyidn-j\/\">Unsplash<\/a>. Nasa and ESA, <em>M104 Sombrero Galaxy<\/em> (detail), 2003, United States, photograph, <a href=\"https:\/\/email.cac.org\/t\/d-l-zghkdk-tlkrhyidn-t\/\">Wikimedia<\/a>. Jenna Keiper &amp; Leslye Colvin, 2022, triptych art, United States.&nbsp;<a href=\"https:\/\/email.cac.org\/t\/d-l-zghkdk-tlkrhyidn-i\/\">Click here to enlarge image<\/a>.<\/p>\n\n\n\n<p><em><strong>Image inspiration: <\/strong>From a past shrouded by time, we hold the known candle of our present moment toward an unknown and expansive future. Past, present, and future\u2014 Christ is present in each.<\/em><\/p>\n","protected":false},"excerpt":{"rendered":"<p>Je\u017e\u00ed\u0161 n\u00e1m nikdy ne\u0159ekl, abychom d\u016fv\u011b\u0159ovali v\u011bt\u0161\u00edm kulturn\u00edm instituc\u00edm nebo dokonce c\u00edrkvi. To neznamen\u00e1, \u017ee jsou \u0161patn\u00e9 nebo \u017ee bychom je m\u011bli opustit, ale mus\u00edme si uv\u011bdomit, \u017ee i ony podl\u00e9haj\u00ed velikono\u010dn\u00edmu tajemstv\u00ed, um\u00edr\u00e1n\u00ed a zmrtv\u00fdchvst\u00e1n\u00ed v\u0161ech v\u011bc\u00ed. A mysl\u00edm, \u017ee mus\u00edme b\u00fdt up\u0159\u00edmn\u00ed, \u017ee se nach\u00e1z\u00edme na spodn\u00ed stran\u011b k\u0159ivky. V\u0161echny ukazatele nazna\u010duj\u00ed, \u017ee jsme na konci dominance Spojen\u00fdch st\u00e1t\u016f, z\u00e1padn\u00ed civilizace, a dokonce i k\u0159es\u0165anstv\u00ed. Ot\u00e1zka pro n\u00e1s se st\u00e1v\u00e1 n\u00e1sleduj\u00edc\u00ed: Co s t\u00edm ud\u011bl\u00e1me?<\/p>\n","protected":false},"author":1,"featured_media":5670,"comment_status":"open","ping_status":"open","sticky":false,"template":"","format":"standard","meta":{"footnotes":""},"categories":[198],"tags":[366,821],"class_list":["post-5672","post","type-post","status-publish","format-standard","has-post-thumbnail","hentry","category-richard-rohr-ofm-centrum-pro-zivot-a-rozjimani","tag-cirkev","tag-promeny-cirkve","latest_post"],"_links":{"self":[{"href":"https:\/\/www.frantiskani.cz\/index.php\/wp-json\/wp\/v2\/posts\/5672","targetHints":{"allow":["GET"]}}],"collection":[{"href":"https:\/\/www.frantiskani.cz\/index.php\/wp-json\/wp\/v2\/posts"}],"about":[{"href":"https:\/\/www.frantiskani.cz\/index.php\/wp-json\/wp\/v2\/types\/post"}],"author":[{"embeddable":true,"href":"https:\/\/www.frantiskani.cz\/index.php\/wp-json\/wp\/v2\/users\/1"}],"replies":[{"embeddable":true,"href":"https:\/\/www.frantiskani.cz\/index.php\/wp-json\/wp\/v2\/comments?post=5672"}],"version-history":[{"count":2,"href":"https:\/\/www.frantiskani.cz\/index.php\/wp-json\/wp\/v2\/posts\/5672\/revisions"}],"predecessor-version":[{"id":5675,"href":"https:\/\/www.frantiskani.cz\/index.php\/wp-json\/wp\/v2\/posts\/5672\/revisions\/5675"}],"wp:featuredmedia":[{"embeddable":true,"href":"https:\/\/www.frantiskani.cz\/index.php\/wp-json\/wp\/v2\/media\/5670"}],"wp:attachment":[{"href":"https:\/\/www.frantiskani.cz\/index.php\/wp-json\/wp\/v2\/media?parent=5672"}],"wp:term":[{"taxonomy":"category","embeddable":true,"href":"https:\/\/www.frantiskani.cz\/index.php\/wp-json\/wp\/v2\/categories?post=5672"},{"taxonomy":"post_tag","embeddable":true,"href":"https:\/\/www.frantiskani.cz\/index.php\/wp-json\/wp\/v2\/tags?post=5672"}],"curies":[{"name":"wp","href":"https:\/\/api.w.org\/{rel}","templated":true}]}}