{"id":5679,"date":"2022-11-29T08:38:23","date_gmt":"2022-11-29T07:38:23","guid":{"rendered":"https:\/\/www.frantiskani.cz\/?p=5679"},"modified":"2022-11-29T08:44:07","modified_gmt":"2022-11-29T07:44:07","slug":"z-obrany-chudych-od-svateho-bonaventury-biskupa","status":"publish","type":"post","link":"https:\/\/www.frantiskani.cz\/index.php\/2022\/11\/29\/z-obrany-chudych-od-svateho-bonaventury-biskupa\/","title":{"rendered":"Z&nbsp;<em>Obrany chud\u00fdch<\/em>&nbsp;od svat\u00e9ho Bonaventury, biskupa"},"content":{"rendered":"\n<p>(Apologia pauperum, kap. 3, 8-10: Opera Omnia, sv. 8, s. 246\u2013247)<\/p>\n\n\n\n<h4 class=\"wp-block-heading\">Nau\u010dme se ned\u00edvat p\u0159\u00edli\u0161 vysoko, ale ztoto\u017enit se s\u00a0mal\u00fdmi<\/h4>\n\n\n<div class=\"wp-block-image\">\n<figure class=\"alignleft size-full is-resized\"><img loading=\"lazy\" decoding=\"async\" src=\"data:image\/gif;base64,R0lGODlhAQABAAAAACH5BAEKAAEALAAAAAABAAEAAAICTAEAOw==\" data-layzr=\"https:\/\/www.frantiskani.cz\/wp-content\/uploads\/2022\/11\/sv-Bonaventura.jpg\" alt=\"\" class=\"wp-image-5680\" width=\"81\" height=\"175\"\/><figcaption class=\"wp-element-caption\">sv. Bonaventura<\/figcaption><\/figure>\n<\/div>\n\n\n<p>Kdy\u017e n\u00e1\u0161 Spasitel \u0159\u00edk\u00e1 na prvn\u00edm m\u00edst\u011b:&nbsp;<em>Blahoslaven\u00ed chud\u00ed v&nbsp;duchu<\/em><a href=\"https:\/\/breviar.sk\/cgi-bin\/l.cgi?qt=pdt&amp;d=29&amp;m=11&amp;r=2022&amp;p=mpc&amp;ds=1&amp;j=cz&amp;k=czofm#fn1\"><sup>1<\/sup><\/a>, vyz\u00fdv\u00e1 k&nbsp;dokonal\u00e9mu <strong>z\u0159eknut\u00ed se \u010dasn\u00e9ho majetku.<\/strong> Kdy\u017e pak \u0159\u00edk\u00e1:&nbsp;<em>Blahoslaven\u00ed ti\u0161\u00ed<\/em><a href=\"https:\/\/breviar.sk\/cgi-bin\/l.cgi?qt=pdt&amp;d=29&amp;m=11&amp;r=2022&amp;p=mpc&amp;ds=1&amp;j=cz&amp;k=czofm#fn2\"><sup>2<\/sup><\/a>, vede ke <strong>z\u0159eknut\u00ed se vlastn\u00ed v\u016fle a smysl\u016f<\/strong>, kter\u00fdmi se \u010dlov\u011bk st\u00e1v\u00e1 tvrd\u00fdm a bezohledn\u00fdm. Kdy\u017e d\u00e1le p\u0159id\u00e1v\u00e1:&nbsp;<em>Blahoslaven\u00ed pla\u010d\u00edc\u00ed<\/em><a href=\"https:\/\/breviar.sk\/cgi-bin\/l.cgi?qt=pdt&amp;d=29&amp;m=11&amp;r=2022&amp;p=mpc&amp;ds=1&amp;j=cz&amp;k=czofm#fn3\"><sup>3<\/sup><\/a>, nab\u00e1d\u00e1 <strong>k&nbsp;\u00fapln\u00e9mu odvr\u00e1cen\u00ed od t\u011blesn\u00fdch rozko\u0161\u00ed.<\/strong> Nato pokra\u010duje:&nbsp;<em>Blahoslaven\u00ed, kdo la\u010dn\u00ed a \u017e\u00edzn\u00ed po spravedlnosti,<\/em>&nbsp;a&nbsp;<em>blahoslaven\u00ed milosrdn\u00ed<\/em><a href=\"https:\/\/breviar.sk\/cgi-bin\/l.cgi?qt=pdt&amp;d=29&amp;m=11&amp;r=2022&amp;p=mpc&amp;ds=1&amp;j=cz&amp;k=czofm#fn4\"><sup>4<\/sup><\/a>&nbsp;a t\u00edm vede ke s<strong>pravedliv\u00e9mu, sv\u011bdomit\u00e9mu a laskav\u00e9mu vztahu k&nbsp;bli\u017en\u00edm.<\/strong> Pak dod\u00e1v\u00e1:&nbsp;<em>Blahoslaven\u00ed \u010dist\u00e9ho srdce<\/em>&nbsp;a&nbsp;<em>blahoslaven\u00ed tv\u016frci pokoje<\/em><a href=\"https:\/\/breviar.sk\/cgi-bin\/l.cgi?qt=pdt&amp;d=29&amp;m=11&amp;r=2022&amp;p=mpc&amp;ds=1&amp;j=cz&amp;k=czofm#fn5\"><sup>5<\/sup><\/a>.<\/p>\n\n\n\n<p>T\u00edm n\u00e1s vol\u00e1, abychom se povzn\u00e1\u0161eli <strong>k&nbsp;Bohu s&nbsp;\u010distou mysl\u00ed a klidn\u00fdm, pokojn\u00fdm srdcem<\/strong>. Tak se du\u0161e dokonal\u00e9ho \u010dlov\u011bka st\u00e1v\u00e1 podobnou Jeruzal\u00e9mu, jeho\u017e jm\u00e9no se vykl\u00e1d\u00e1 jako \u201em\u011bsto pokoje\u201c. Kdy\u017e nakonec prav\u00ed:&nbsp;<em>Blahoslaven\u00ed, kdo jsou pron\u00e1sledov\u00e1ni pro spravedlnost, nebo\u0165 jejich je nebesk\u00e9 kr\u00e1lovstv\u00ed<\/em><a href=\"https:\/\/breviar.sk\/cgi-bin\/l.cgi?qt=pdt&amp;d=29&amp;m=11&amp;r=2022&amp;p=mpc&amp;ds=1&amp;j=cz&amp;k=czofm#fn6\"><sup>6<\/sup><\/a>, <strong>jako by uzav\u00edral kruh a vrac\u00ed se na za\u010d\u00e1tek<\/strong>, proto\u017ee v&nbsp;tomto jedin\u00e9m se v\u0161echno napl\u0148uje.<\/p>\n\n\n\n<h4 class=\"wp-block-heading\">sv. Franti\u0161ek &#8211; \u0158ehole<\/h4>\n\n\n\n<p>To potvrzuje svat\u00fd patriarcha chud\u00fdch, Franti\u0161ek, kdy\u017e na za\u010d\u00e1tku sv\u00e9 \u0159ehole klade prvn\u00ed t\u0159i body jako jej\u00ed \u017eiv\u00e9 z\u00e1klady: \u201e<strong>\u0158ehole a \u017eivot men\u0161\u00edch brat\u0159\u00ed jest: zachov\u00e1vat svat\u00e9 evangelium na\u0161eho P\u00e1na Je\u017e\u00ed\u0161e Krista \u017eivotem v&nbsp;poslu\u0161nosti, bez vlastnictv\u00ed a v&nbsp;\u010distot\u011b\u201c. <\/strong>Dal\u0161\u00ed t\u0159i pak doporu\u010duje jako dopln\u011bn\u00ed, po kter\u00e9m maj\u00ed tou\u017eit: \u201eA\u0165 se brat\u0159i sna\u017e\u00ed o&nbsp;to, po \u010dem maj\u00ed tou\u017eit nade v\u0161ecko, toti\u017e aby m\u011bli Ducha P\u00e1n\u011b a ten aby v&nbsp;nich svat\u011b p\u016fsobil, aby se k&nbsp;n\u011bmu modlili neust\u00e1le \u010dist\u00fdm srdcem, aby byli pokorn\u00ed, trp\u011bliv\u00ed v&nbsp;pron\u00e1sledov\u00e1n\u00ed a v&nbsp;nemoci a milovali ty, kte\u0159\u00ed n\u00e1s pron\u00e1sleduj\u00ed, poni\u017euj\u00ed a tup\u00ed.\u201c T\u00edm se dot\u00fdk\u00e1 on\u00e9 druh\u00e9 trojice, nebo\u0165 na prvn\u00ed m\u00edsto klade povznesen\u00ed se k&nbsp;Bohu, na posledn\u00ed laskavost k&nbsp;bli\u017en\u00edmu, doprost\u0159ed sn\u00e1\u0161enlivost k&nbsp;nep\u0159\u00e1tel\u016fm.<\/p>\n\n\n\n<h4 class=\"wp-block-heading\">Cesta k dokonalosti<\/h4>\n\n\n\n<p>Tak je tedy dokonal\u00fd \u010dlov\u011bk prvn\u00edmi t\u0159emi uk\u0159i\u017eov\u00e1n sv\u011btu a t\u0159emi n\u00e1sleduj\u00edc\u00edmi se st\u00e1v\u00e1 podobn\u00fdm Bohu, aby se jako \u0161esti k\u0159\u00eddly serafa pozdvihoval od v\u011bc\u00ed sv\u011btsk\u00fdch k&nbsp;v\u011bcem bo\u017esk\u00fdm. Zaslou\u017eil si tedy tento chudi\u010dk\u00fd svat\u00fd, kter\u00fd dokonale zachoval dokonalost evangelia a u\u010dil j\u00ed, aby mu Kristus ve zjeven\u00ed serafa vtiskl sv\u00e9 jizvy jako stvrzuj\u00edc\u00ed pe\u010de\u0165. <strong>Tak n\u00e1m proti nebezpe\u010dn\u00e9 temnot\u011b posledn\u00ed doby uk\u00e1zal znamen\u00ed na cest\u011b dokonalosti,<\/strong> a tak jsme byli pou\u010deni, jak t\u00e9to dokonalosti dos\u00e1hnout, nau\u010d\u00edme-li se ned\u00edvat p\u0159\u00edli\u0161 vysoko a budeme-li ochotn\u011b p\u0159ij\u00edmat poko\u0159en\u00ed.<\/p>\n\n\n\n<p><a><\/a><sup>1<\/sup>&nbsp;<a href=\"https:\/\/dkc.kbs.sk\/?in=Mt%205,3\" target=\"_blank\" rel=\"noreferrer noopener\">Mt 5,3<\/a>.&nbsp;<a><\/a><sup>2<\/sup>&nbsp;<a href=\"https:\/\/dkc.kbs.sk\/?in=Mt%205,5\" target=\"_blank\" rel=\"noreferrer noopener\">Mt 5,5<\/a>.&nbsp;<a><\/a><sup>3<\/sup>&nbsp;<a href=\"https:\/\/dkc.kbs.sk\/?in=Mt%205,4\" target=\"_blank\" rel=\"noreferrer noopener\">Mt 5,4<\/a>.&nbsp;<a><\/a><sup>4<\/sup>&nbsp;<a href=\"https:\/\/dkc.kbs.sk\/?in=Mt%205,6-7\" target=\"_blank\" rel=\"noreferrer noopener\">Mt 5,6-7<\/a>.&nbsp;<a><\/a><sup>5<\/sup>&nbsp;<a href=\"https:\/\/dkc.kbs.sk\/?in=Mt%205,8-9\" target=\"_blank\" rel=\"noreferrer noopener\">Mt 5,8-9<\/a>.&nbsp;<a><\/a><sup>6<\/sup>&nbsp;<a href=\"https:\/\/dkc.kbs.sk\/?in=Mt%205,10\" target=\"_blank\" rel=\"noreferrer noopener\">Mt 5,10<\/a>.<\/p>\n","protected":false},"excerpt":{"rendered":"<p>Tak n\u00e1m proti nebezpe\u010dn\u00e9 temnot\u011b posledn\u00ed doby uk\u00e1zal znamen\u00ed na cest\u011b dokonalosti, a tak jsme byli pou\u010deni, jak t\u00e9to dokonalosti dos\u00e1hnout, nau\u010d\u00edme-li se ned\u00edvat p\u0159\u00edli\u0161 vysoko a budeme-li ochotn\u011b p\u0159ij\u00edmat poko\u0159en\u00ed.<\/p>\n","protected":false},"author":1,"featured_media":1514,"comment_status":"open","ping_status":"open","sticky":false,"template":"","format":"standard","meta":{"footnotes":""},"categories":[5],"tags":[822,823,148],"class_list":["post-5679","post","type-post","status-publish","format-standard","has-post-thumbnail","hentry","category-formace","tag-blahoslavenstvi","tag-bonaventura","tag-sv-frantisek","latest_post"],"_links":{"self":[{"href":"https:\/\/www.frantiskani.cz\/index.php\/wp-json\/wp\/v2\/posts\/5679","targetHints":{"allow":["GET"]}}],"collection":[{"href":"https:\/\/www.frantiskani.cz\/index.php\/wp-json\/wp\/v2\/posts"}],"about":[{"href":"https:\/\/www.frantiskani.cz\/index.php\/wp-json\/wp\/v2\/types\/post"}],"author":[{"embeddable":true,"href":"https:\/\/www.frantiskani.cz\/index.php\/wp-json\/wp\/v2\/users\/1"}],"replies":[{"embeddable":true,"href":"https:\/\/www.frantiskani.cz\/index.php\/wp-json\/wp\/v2\/comments?post=5679"}],"version-history":[{"count":2,"href":"https:\/\/www.frantiskani.cz\/index.php\/wp-json\/wp\/v2\/posts\/5679\/revisions"}],"predecessor-version":[{"id":5683,"href":"https:\/\/www.frantiskani.cz\/index.php\/wp-json\/wp\/v2\/posts\/5679\/revisions\/5683"}],"wp:featuredmedia":[{"embeddable":true,"href":"https:\/\/www.frantiskani.cz\/index.php\/wp-json\/wp\/v2\/media\/1514"}],"wp:attachment":[{"href":"https:\/\/www.frantiskani.cz\/index.php\/wp-json\/wp\/v2\/media?parent=5679"}],"wp:term":[{"taxonomy":"category","embeddable":true,"href":"https:\/\/www.frantiskani.cz\/index.php\/wp-json\/wp\/v2\/categories?post=5679"},{"taxonomy":"post_tag","embeddable":true,"href":"https:\/\/www.frantiskani.cz\/index.php\/wp-json\/wp\/v2\/tags?post=5679"}],"curies":[{"name":"wp","href":"https:\/\/api.w.org\/{rel}","templated":true}]}}