{"id":5701,"date":"2022-12-02T09:47:56","date_gmt":"2022-12-02T08:47:56","guid":{"rendered":"https:\/\/www.frantiskani.cz\/?p=5701"},"modified":"2022-12-02T09:48:00","modified_gmt":"2022-12-02T08:48:00","slug":"navrat-ke-korenum","status":"publish","type":"post","link":"https:\/\/www.frantiskani.cz\/index.php\/2022\/12\/02\/navrat-ke-korenum\/","title":{"rendered":"N\u00e1vrat ke ko\u0159en\u016fm&nbsp;&nbsp;&nbsp;&nbsp;&nbsp;&nbsp;&nbsp;&nbsp;"},"content":{"rendered":"\n<h6 class=\"wp-block-heading\">\u010cty\u0159ic\u00e1t\u00fd osm\u00fd t\u00fdden: Budoucnost k\u0159es\u0165anstv\u00ed<\/h6>\n\n\n\n<p><em>B\u011bhem online summitu Budoucnost k\u0159es\u0165anstv\u00ed hovo\u0159il otec Richard o objevov\u00e1n\u00ed moudrosti pro budoucnost k\u0159es\u0165anstv\u00ed prost\u0159ednictv\u00edm inspirace t\u011bmi, kte\u0159\u00ed vedli odv\u00e1\u017en\u00fd \u017eivot v minulosti k\u0159es\u0165anstv\u00ed:<\/em><\/p>\n\n\n\n<h4 class=\"wp-block-heading\">Vr\u00e1tit se k zakladatel\u016fm<\/h4>\n\n\n\n<p>Jednou z v\u011bc\u00ed, kter\u00e9 n\u00e1s Druh\u00fd vatik\u00e1nsk\u00fd koncil (1962-1965) nau\u010dil v \u0159eholn\u00edch \u0159\u00e1dech, a to bylo jist\u011b od Ducha svat\u00e9ho, je, \u017ee jsme se m\u011bli ka\u017ed\u00fd vr\u00e1tit ke sv\u00fdm zakladatel\u016fm a \u0159\u00edci si: &#8222;Pro\u010d Kate\u0159ina McAuleyov\u00e1 zalo\u017eila Milosrdn\u00e9 sestry? Pro co Franti\u0161ek zalo\u017eil franti\u0161k\u00e1ny? Pro co Ign\u00e1c zalo\u017eil jezuity?&#8220; &#8230; .<\/p>\n\n\n\n<h4 class=\"wp-block-heading\">&#8222;Nejlep\u0161\u00ed kritikou \u0161patn\u00e9ho je praxe lep\u0161\u00edho.&#8220;<\/h4>\n\n\n\n<p>Tak\u017ee stejn\u011b jako jsme za\u017eili obnovu P\u00edsma [na II. vatik\u00e1nsk\u00e9m koncilu, kdy jsme se ptali] &#8222;Co Je\u017e\u00ed\u0161 skute\u010dn\u011b u\u010dil?&#8220;, d\u011blali jsme sou\u010dasn\u011b tot\u00e9\u017e &#8211; v na\u0161em p\u0159\u00edpad\u011b s Franti\u0161kem z Assisi. Jsme alternativn\u00ed ortodoxi\u00ed. Docela r\u00e1di bychom z\u016fstali v katolick\u00e9 nebo univerz\u00e1ln\u00ed c\u00edrkvi, ale n\u011bkter\u00e9 v\u011bci, kter\u00e9 d\u011bl\u00e1, nejsou p\u0159\u00edli\u0161 univerz\u00e1ln\u00ed, v\u016fbec ne katolick\u00e9! A to n\u00e1mi ot\u0159\u00e1slo v z\u00e1kladech. Stejn\u011b tak to ot\u0159\u00e1slo i mnou. Zalo\u017eil n\u00e1s prorok Franti\u0161ek, kter\u00fd nebyl obvykl\u00fdm zbo\u017en\u00fdm sv\u011btcem, ale neobvi\u0148oval syst\u00e9m z toho, \u017ee je pod\u0159adn\u00fd. Prost\u011b \u0161el a d\u011blal to l\u00e9pe. To je st\u00e1le jedna z na\u0161ich z\u00e1sad CAC: &#8222;Nejlep\u0161\u00ed kritikou \u0161patn\u00e9ho je praxe lep\u0161\u00edho.&#8220;<\/p>\n\n\n\n<h4 class=\"wp-block-heading\">Sv. Franti\u0161ek \u017eehn\u00e1 ale z\u00e1rove\u0148 je p\u0159ipraven na konfrontaci<\/h4>\n\n\n\n<p>Jak n\u011bkte\u0159\u00ed z v\u00e1s v\u011bd\u00ed, byl jsem p\u0159ed n\u011bkolika m\u011bs\u00edci v \u0158\u00edm\u011b na n\u00e1v\u0161t\u011bv\u011b u Svat\u00e9ho otce [pape\u017ee Franti\u0161ka]. Ud\u011blali jsme si mal\u00fd v\u00fdlet do kostela svat\u00e9ho Jana Later\u00e1nsk\u00e9ho; to je m\u00edsto, kde pape\u017e ve t\u0159in\u00e1ct\u00e9m stolet\u00ed \u017eil. Bazilika Petra je\u0161t\u011b nebyla postavena. Na n\u00e1dvo\u0159\u00ed je n\u00e1dhern\u00fd, pom\u011brn\u011b velk\u00fd soubor soch, a je to Franti\u0161ek ve t\u0159in\u00e1ct\u00e9m stolet\u00ed, jak se bl\u00ed\u017e\u00ed k tomuto vrcholn\u011b monument\u00e1ln\u00edmu \u0159\u00edmsk\u00e9mu kostelu. Usm\u00edv\u00e1 se a ruku m\u00e1 zvednutou v po\u017eehn\u00e1n\u00ed, ale tak\u00e9 v konfrontaci. To je historie, s n\u00ed\u017e se v\u0161ichni pot\u00fdk\u00e1me. Jak se vr\u00e1t\u00edme ke sv\u00fdm zdroj\u016fm a zjist\u00edme, \u017ee t\u00e9m\u011b\u0159 v\u0161echny na\u0161e zdroje byly kritick\u00e9 v\u016f\u010di [sv\u00e9mu sou\u010dasn\u00e9mu] \u0159\u00edmsk\u00e9mu katolicismu&#8230; .<\/p>\n\n\n\n<h4 class=\"wp-block-heading\">P\u016fvodn\u011b jsme byli v\u0161ichni brat\u0159i<\/h4>\n\n\n\n<p>To byla takov\u00e1 dobr\u00e1 zpr\u00e1va! \u017de v\u0161echen legalizmus a ritualizmus, kter\u00e9mu m\u011b u\u010dili, ve skute\u010dnosti v\u016fbec nebyly franti\u0161k\u00e1nsk\u00e9. Nap\u0159\u00edklad v\u00edm, \u017ee mi i v Centru \u0159\u00edk\u00e1te &#8222;ot\u010de Richarde&#8220;, ale Franti\u0161ek necht\u011bl, abychom byli otcov\u00e9. Odm\u00edtal jak\u00fdkoli titul nadvl\u00e1dy nad druh\u00fdm \u010dlov\u011bkem. V\u0161ichni jsme se m\u011bli naz\u00fdvat bratry, latinsky fratres, anglicky friars. Byli jsme tedy brat\u0159i, ne mni\u0161i. Na\u0161\u00edm \u00fakolem nebylo b\u00fdt kn\u011b\u017e\u00edmi, ale \u017e\u00edt mezi lidmi jako brat\u0159i. Nev\u011bd\u011bli byste, \u017ee jakmile Franti\u0161ek zem\u0159e, vzt\u00e1hnou na n\u00e1s ruce a my budeme \u0161\u0165astn\u011b vysv\u011bceni na kn\u011bze. Ani kdy\u017e jsem byl v roce 1970 vysv\u011bcen, neznal jsem pln\u011b tuto historii. Ne\u0159\u00edk\u00e1m, \u017ee ti lid\u00e9 nebyli up\u0159\u00edmn\u00ed. Mnoz\u00ed z nich jsou svat\u011bj\u0161\u00ed ne\u017e j\u00e1. Ale nebylo to franti\u0161k\u00e1nstv\u00ed.<\/p>\n\n\n\n<p>&nbsp;&nbsp;&nbsp;&nbsp;&nbsp;&nbsp;&nbsp;&nbsp;&nbsp;&nbsp;&nbsp;&nbsp;&nbsp;&nbsp;&nbsp; <em>Translated with www.DeepL.com\/Translator (free version), mezinadpisy si dovolil vlo\u017eit p\u0159ekladatel<\/em><\/p>\n\n\n\n<h6 class=\"wp-block-heading\">Prameny:<\/h6>\n\n\n\n<p>Adapted from Richard Rohr, \u201cRichard Rohr,\u201d in <a href=\"https:\/\/email.cac.org\/t\/d-l-zgkill-tlkrhyidn-y\/\"><em>The Future of Christianity: A Virtual Summit<\/em><\/a>, Center for Action and Contemplation, streamed live on August 23, 2022, YouTube video, 1:56:18. &nbsp;<\/p>\n\n\n\n<p><strong>Image credit: <\/strong>Christopher Holt, <em>Newgrange Triple Spiral<\/em> (detail), 2014, Ireland, photograph, <a href=\"https:\/\/email.cac.org\/t\/d-l-zgkill-tlkrhyidn-j\/\">Wikimedia<\/a>. Joanna Kosinska, <em>Untitled <\/em>(detail), 2017, photograph, <a href=\"https:\/\/email.cac.org\/t\/d-l-zgkill-tlkrhyidn-t\/\">Unsplash<\/a>. Nasa and ESA, <em>M104 Sombrero Galaxy<\/em> (detail), 2003, United States, photograph, <a href=\"https:\/\/email.cac.org\/t\/d-l-zgkill-tlkrhyidn-i\/\">Wikimedia<\/a>. Jenna Keiper &amp; Leslye Colvin, 2022, triptych art, United States.&nbsp;<a href=\"https:\/\/email.cac.org\/t\/d-l-zgkill-tlkrhyidn-d\/\">Click here to enlarge image<\/a>.<\/p>\n\n\n\n<p><em><strong>Image inspiration: <\/strong>From a past shrouded by time, we hold the known candle of our present moment toward an unknown and expansive future. Past, present, and future\u2014 Christ is present in each.<\/em><\/p>\n","protected":false},"excerpt":{"rendered":"<p> s Franti\u0161kem z Assisi. Jsme alternativn\u00ed ortodoxi\u00ed. Docela r\u00e1di bychom z\u016fstali v katolick\u00e9 nebo univerz\u00e1ln\u00ed c\u00edrkvi, ale n\u011bkter\u00e9 v\u011bci, kter\u00e9 d\u011bl\u00e1, nejsou p\u0159\u00edli\u0161 univerz\u00e1ln\u00ed, v\u016fbec ne katolick\u00e9! A to n\u00e1mi ot\u0159\u00e1slo v z\u00e1kladech. Stejn\u011b tak to ot\u0159\u00e1slo i mnou. Zalo\u017eil n\u00e1s prorok Franti\u0161ek, kter\u00fd nebyl obvykl\u00fdm zbo\u017en\u00fdm sv\u011btcem, ale neobvi\u0148oval syst\u00e9m z toho, \u017ee je pod\u0159adn\u00fd. Prost\u011b \u0161el a d\u011blal to l\u00e9pe. To je st\u00e1le jedna z na\u0161ich z\u00e1sad CAC: &#8222;Nejlep\u0161\u00ed kritikou \u0161patn\u00e9ho je praxe lep\u0161\u00edho.&#8220;<\/p>\n","protected":false},"author":1,"featured_media":5670,"comment_status":"open","ping_status":"open","sticky":false,"template":"","format":"standard","meta":{"footnotes":""},"categories":[198],"tags":[366,479,148],"class_list":["post-5701","post","type-post","status-publish","format-standard","has-post-thumbnail","hentry","category-richard-rohr-ofm-centrum-pro-zivot-a-rozjimani","tag-cirkev","tag-reforma","tag-sv-frantisek","latest_post"],"_links":{"self":[{"href":"https:\/\/www.frantiskani.cz\/index.php\/wp-json\/wp\/v2\/posts\/5701","targetHints":{"allow":["GET"]}}],"collection":[{"href":"https:\/\/www.frantiskani.cz\/index.php\/wp-json\/wp\/v2\/posts"}],"about":[{"href":"https:\/\/www.frantiskani.cz\/index.php\/wp-json\/wp\/v2\/types\/post"}],"author":[{"embeddable":true,"href":"https:\/\/www.frantiskani.cz\/index.php\/wp-json\/wp\/v2\/users\/1"}],"replies":[{"embeddable":true,"href":"https:\/\/www.frantiskani.cz\/index.php\/wp-json\/wp\/v2\/comments?post=5701"}],"version-history":[{"count":1,"href":"https:\/\/www.frantiskani.cz\/index.php\/wp-json\/wp\/v2\/posts\/5701\/revisions"}],"predecessor-version":[{"id":5702,"href":"https:\/\/www.frantiskani.cz\/index.php\/wp-json\/wp\/v2\/posts\/5701\/revisions\/5702"}],"wp:featuredmedia":[{"embeddable":true,"href":"https:\/\/www.frantiskani.cz\/index.php\/wp-json\/wp\/v2\/media\/5670"}],"wp:attachment":[{"href":"https:\/\/www.frantiskani.cz\/index.php\/wp-json\/wp\/v2\/media?parent=5701"}],"wp:term":[{"taxonomy":"category","embeddable":true,"href":"https:\/\/www.frantiskani.cz\/index.php\/wp-json\/wp\/v2\/categories?post=5701"},{"taxonomy":"post_tag","embeddable":true,"href":"https:\/\/www.frantiskani.cz\/index.php\/wp-json\/wp\/v2\/tags?post=5701"}],"curies":[{"name":"wp","href":"https:\/\/api.w.org\/{rel}","templated":true}]}}