{"id":5864,"date":"2022-12-24T09:08:09","date_gmt":"2022-12-24T08:08:09","guid":{"rendered":"https:\/\/www.frantiskani.cz\/?p=5864"},"modified":"2022-12-24T09:08:12","modified_gmt":"2022-12-24T08:08:12","slug":"automaticky-vytvoreny-koncept-4","status":"publish","type":"post","link":"https:\/\/www.frantiskani.cz\/index.php\/2022\/12\/24\/automaticky-vytvoreny-koncept-4\/","title":{"rendered":"&nbsp;Vt\u011blen\u00ed&nbsp;"},"content":{"rendered":"\n<h6 class=\"wp-block-heading\">Shrnut\u00ed a procvi\u010den\u00ed pades\u00e1t\u00e9ho prvn\u00edho t\u00fddne 18. prosince &#8211; 23. prosince 2022&nbsp;&nbsp;&nbsp;&nbsp;&nbsp;&nbsp;&nbsp;<\/h6>\n\n\n\n<h4 class=\"wp-block-heading\">&nbsp;Ned\u011ble<\/h4>\n\n\n\n<p>Chci nazna\u010dit, \u017ee prvn\u00edm Vt\u011blen\u00edm byl okam\u017eik popsan\u00fd v 1. knize Moj\u017e\u00ed\u0161ov\u011b, kdy se B\u016fh spojil v jednotu s fyzick\u00fdm vesm\u00edrem a stal se sv\u011btlem uvnit\u0159 v\u0161eho. -Richard Rohr<\/p>\n\n\n\n<h4 class=\"wp-block-heading\">Pond\u011bl\u00ed<\/h4>\n\n\n\n<p>M\u00edsto toho, abychom \u0159\u00edkali, \u017ee B\u016fh p\u0159i\u0161el na sv\u011bt skrze Je\u017e\u00ed\u0161e, mo\u017en\u00e1 by bylo lep\u0161\u00ed \u0159\u00edkat, \u017ee Je\u017e\u00ed\u0161 p\u0159i\u0161el z ji\u017e Kristem nas\u00e1kl\u00e9ho sv\u011bta. Druh\u00e9 Vt\u011blen\u00ed vyplynulo z prvn\u00edho, z Bo\u017e\u00edho l\u00e1skypln\u00e9ho spojen\u00ed s fyzick\u00fdm stvo\u0159en\u00edm. -Richard Rohr<\/p>\n\n\n\n<h4 class=\"wp-block-heading\">\u00dater\u00fd<\/h4>\n\n\n\n<p>Nesna\u017ete se mi vysv\u011btlit Vt\u011blen\u00ed! Je od vysv\u011btlen\u00ed d\u00e1l ne\u017e nejvzd\u00e1len\u011bj\u0161\u00ed hv\u011bzda v nejvzd\u00e1len\u011bj\u0161\u00ed galaxii. Je to l\u00e1ska, bezmezn\u00e1 Bo\u017e\u00ed l\u00e1ska, kter\u00e1 se vt\u011blila do podoby lidsk\u00e9 bytosti, Je\u017e\u00ed\u0161e, Krista, pln\u011b lidsk\u00e9ho a pln\u011b bo\u017esk\u00e9ho. -Madeleine L&#8217;Engle<\/p>\n\n\n\n<h4 class=\"wp-block-heading\">St\u0159eda<\/h4>\n\n\n\n<p>Kde se tento B\u016fh zjevuje? Ne v bezpe\u010dn\u00e9m sv\u011bt\u011b, ale na okraji, na dn\u011b, mezi t\u011bmi, kde Boha nechceme naj\u00edt, kde Boha nehled\u00e1me, kde Boha ne\u010dek\u00e1me. -Richard Rohr<\/p>\n\n\n\n<h4 class=\"wp-block-heading\">\u010ctvrtek<\/h4>\n\n\n\n<p>Jsme sv\u00e1tostn\u00ed a\u017e do morku kost\u00ed, kdy\u017e si mysl\u00edme, \u017ee v\u0161echno je svat\u00e9. Svat\u00fd se nenach\u00e1z\u00ed jen v nadp\u0159irozenu, ale ve Vt\u011blen\u00ed tady a te\u010f.-Gregory Boyle<\/p>\n\n\n\n<h4 class=\"wp-block-heading\">P\u00e1tek<\/h4>\n\n\n\n<p>B\u016fh pot\u0159eboval \u017eeny k p\u0159e\u017eit\u00ed. Ne\u017e n\u00e1s Je\u017e\u00ed\u0161 nasytil chlebem a v\u00ednem, t\u011blem a krv\u00ed, pot\u0159eboval b\u00fdt s\u00e1m Je\u017e\u00ed\u0161 nasycen, a to \u017eenou. Pot\u0159eboval \u017eenu, kter\u00e1 by \u0159ekla: &#8222;Toto je m\u00e9 t\u011blo, kter\u00e9 se za v\u00e1s d\u00e1v\u00e1.&#8220; -Rachel Held Evansov\u00e1&nbsp;&nbsp;&nbsp;&nbsp;&nbsp;&nbsp;&nbsp;&nbsp;&nbsp;&nbsp;&nbsp;&nbsp;<\/p>\n\n\n\n<h2 class=\"wp-block-heading\">Naslouch\u00e1n\u00ed na \u0160t\u011bdr\u00fd den<\/h2>\n\n\n\n<p>Pades\u00e1t\u00fd prvn\u00ed t\u00fdden&nbsp;&nbsp;&nbsp;<\/p>\n\n\n\n<p><em>&nbsp;&nbsp;&nbsp;&nbsp;&nbsp;&nbsp;&nbsp;&nbsp;&nbsp;&nbsp;&nbsp;&nbsp;&nbsp;&nbsp;&nbsp; Maria \u0159ekla: &#8222;Z cel\u00e9ho srdce oslavuji P\u00e1na! V hloubi toho, kdo jsem, se raduji z Boha, sv\u00e9ho Spasitele. . . . On sesadil mocn\u00e9 z jejich tr\u016fn\u016f a pozvedl pon\u00ed\u017een\u00e9.&#8220; -Luk\u00e1\u0161 1:46-47, 52, Common English Bible<\/em><\/p>\n\n\n\n<h4 class=\"wp-block-heading\">V&nbsp;t\u011ble Marie rostl tlak a z\u00e1rove\u0148 nad\u011bje sv\u011bta<\/h4>\n\n\n\n<p>D\u00edt\u011b, kter\u00e9 v n\u00ed [Marii] roste, je aktem odporu a v jej\u00edm vyzn\u00e1n\u00ed s\u00edly du\u0161e nen\u00ed nic pokorn\u00e9ho ani m\u00edrn\u00e9ho. . . . Stejn\u011b jako Maria c\u00edt\u00edme v jej\u00edm t\u011ble \u00fatlak jej\u00edho lidu a nad\u011bji sv\u011bta. \u010casto v\u0161ak uml\u010dujeme n\u00e1\u0159ek nebo o\u010dek\u00e1v\u00e1n\u00ed sv\u00e9ho t\u011bla. -Jeannie Alexanderov\u00e1, Dr\u017e se mnou str\u00e1\u017e<\/p>\n\n\n\n<p><em>Biskupsk\u00e1 kn\u011b\u017eka Claire Brownov\u00e1 nab\u00edz\u00ed toto cvi\u010den\u00ed v\u011bdom\u00e9ho t\u011bla inspirovan\u00e9 Mari\u00ed:<\/em><\/p>\n\n\n\n<h4 class=\"wp-block-heading\">Nechte i vy promlouvat sv\u00e9 t\u011blo, kdy\u017e se modl\u00edte<\/h4>\n\n\n\n<p>Dnes se cvi\u010d\u00edme v naslouch\u00e1n\u00ed t\u00e9to moudrosti a proroctv\u00ed t\u011bla. Najd\u011bte si klidnou, pohodlnou polohu. Zav\u0159ete o\u010di a zam\u011b\u0159te svou pozornost na dech. V\u0161\u00edmejte si m\u00edst, kde va\u0161e t\u011blo spo\u010d\u00edv\u00e1: na \u017eidli, nohama na podlaze, rukama v kl\u00edn\u011b. Nechte rytmus dechu v\u00e9st va\u0161i pozornost nap\u0159\u00ed\u010d t\u011blem, po\u010d\u00ednaje prsty na nohou a chodidly p\u0159es nohy a kolena, sedac\u00ed \u010d\u00e1st, b\u0159icho a z\u00e1da, pa\u017ee, ruce a prsty, hrudn\u00edk, ramena a krk, obli\u010dej a hlavu. V\u011bnujte \u010das tomu, abyste si v\u0161\u00edmali, kde se ve va\u0161em t\u011ble nach\u00e1z\u00ed tlak, nap\u011bt\u00ed nebo uvoln\u011bn\u00ed, ani\u017e byste sp\u011bchali kolem, soudili, disciplinovali a napravovali. Nechte sv\u00e9 t\u011blo promluvit svou adventn\u00ed modlitbu. [1]<\/p>\n\n\n\n<p><em>Translated with www.DeepL.com\/Translator (free version), mezinadpisy si dovolil vlo\u017eit p\u0159ekladatel<\/em><\/p>\n\n\n\n<h6 class=\"wp-block-heading\">Prameny:<\/h6>\n\n\n\n<p>[1] Claire Brown and Michael T. McRay, <em>Keep Watch with Me: An Advent Reader for Peacemakers<\/em> (Nashville, TN: Abingdon Press, 2019), 150.<\/p>\n\n\n\n<p><strong>Image credit:<\/strong> Zoe Schaffer, <em>Seedling <\/em>(detail), 2022, Pennsylvania, photograph, <a href=\"https:\/\/email.cac.org\/t\/d-l-zjythud-tlkrhyidn-o\/\">Unsplash<\/a>. Markus Ilg, <em>Austria <\/em>(detail), 2020, Austria, photograph, <a href=\"https:\/\/email.cac.org\/t\/d-l-zjythud-tlkrhyidn-b\/\">Unsplash<\/a>. Benjamin Yazza, <em>Untitled 11 <\/em>(detail), 2022, New Mexico, photograph, used with permission. Jenna Keiper &amp; Leslye Colvin, 2022, triptych art, United States.&nbsp;<a href=\"https:\/\/email.cac.org\/t\/d-l-zjythud-tlkrhyidn-n\/\">Click here to enlarge image<\/a>.<\/p>\n\n\n\n<p><strong>Image inspiration:<\/strong> <em>The Christ in everything: nature, Advent candles and Scriptures, God in the cells of our hands.<\/em><\/p>\n","protected":false},"excerpt":{"rendered":"<p>B\u016fh pot\u0159eboval \u017eeny k p\u0159e\u017eit\u00ed. Ne\u017e n\u00e1s Je\u017e\u00ed\u0161 nasytil chlebem a v\u00ednem, t\u011blem a krv\u00ed, pot\u0159eboval b\u00fdt s\u00e1m Je\u017e\u00ed\u0161 nasycen, a to \u017eenou. Pot\u0159eboval \u017eenu, kter\u00e1 by \u0159ekla: &#8222;Toto je m\u00e9 t\u011blo, kter\u00e9 se za v\u00e1s d\u00e1v\u00e1.&#8220; -Rachel Held Evansov\u00e1\u00a0\u00a0<\/p>\n","protected":false},"author":1,"featured_media":5833,"comment_status":"open","ping_status":"open","sticky":false,"template":"","format":"standard","meta":{"footnotes":""},"categories":[198],"tags":[851,582,425],"class_list":["post-5864","post","type-post","status-publish","format-standard","has-post-thumbnail","hentry","category-richard-rohr-ofm-centrum-pro-zivot-a-rozjimani","tag-marie","tag-telo","tag-vteleni","latest_post"],"_links":{"self":[{"href":"https:\/\/www.frantiskani.cz\/index.php\/wp-json\/wp\/v2\/posts\/5864","targetHints":{"allow":["GET"]}}],"collection":[{"href":"https:\/\/www.frantiskani.cz\/index.php\/wp-json\/wp\/v2\/posts"}],"about":[{"href":"https:\/\/www.frantiskani.cz\/index.php\/wp-json\/wp\/v2\/types\/post"}],"author":[{"embeddable":true,"href":"https:\/\/www.frantiskani.cz\/index.php\/wp-json\/wp\/v2\/users\/1"}],"replies":[{"embeddable":true,"href":"https:\/\/www.frantiskani.cz\/index.php\/wp-json\/wp\/v2\/comments?post=5864"}],"version-history":[{"count":1,"href":"https:\/\/www.frantiskani.cz\/index.php\/wp-json\/wp\/v2\/posts\/5864\/revisions"}],"predecessor-version":[{"id":5865,"href":"https:\/\/www.frantiskani.cz\/index.php\/wp-json\/wp\/v2\/posts\/5864\/revisions\/5865"}],"wp:featuredmedia":[{"embeddable":true,"href":"https:\/\/www.frantiskani.cz\/index.php\/wp-json\/wp\/v2\/media\/5833"}],"wp:attachment":[{"href":"https:\/\/www.frantiskani.cz\/index.php\/wp-json\/wp\/v2\/media?parent=5864"}],"wp:term":[{"taxonomy":"category","embeddable":true,"href":"https:\/\/www.frantiskani.cz\/index.php\/wp-json\/wp\/v2\/categories?post=5864"},{"taxonomy":"post_tag","embeddable":true,"href":"https:\/\/www.frantiskani.cz\/index.php\/wp-json\/wp\/v2\/tags?post=5864"}],"curies":[{"name":"wp","href":"https:\/\/api.w.org\/{rel}","templated":true}]}}