{"id":5867,"date":"2022-12-25T09:27:00","date_gmt":"2022-12-25T08:27:00","guid":{"rendered":"https:\/\/www.frantiskani.cz\/?p=5867"},"modified":"2022-12-25T09:27:41","modified_gmt":"2022-12-25T08:27:41","slug":"jsme-milovani","status":"publish","type":"post","link":"https:\/\/www.frantiskani.cz\/index.php\/2022\/12\/25\/jsme-milovani\/","title":{"rendered":"Jsme milovan\u00ed&nbsp;&nbsp;&nbsp;&nbsp;&nbsp;&nbsp;&nbsp;"},"content":{"rendered":"\n<h6 class=\"wp-block-heading\">Pades\u00e1t\u00fd druh\u00fd t\u00fdden: Nic nestoj\u00ed samo (Shrnut\u00ed)<\/h6>\n\n\n\n<p><em>V tento v\u00e1no\u010dn\u00ed den popisuje otec Richard d\u016fv\u011brn\u00fd vztah s Bohem jako l\u00e1skypln\u00e9 &#8222;ano&#8220; Bo\u017e\u00ed p\u0159\u00edtomnosti:<\/em><\/p>\n\n\n\n<h4 class=\"wp-block-heading\">B\u016fh je samotn\u00fdm z\u00e1kladem na\u0161eho byt\u00ed \u2013 je P\u0159\u00edtomnost\u00ed v  n\u00e1s<\/h4>\n\n\n\n<p>Pro k\u0159es\u0165any, kte\u0159\u00ed se pono\u0159ili do vlastn\u00edho nitra, je to odhalen\u00ed p\u0159eb\u00fdvaj\u00edc\u00ed P\u0159\u00edtomnosti &#8211; hlubok\u00e9, l\u00e1skypln\u00e9 &#8222;ano&#8220;, kter\u00e9 je n\u00e1m vlastn\u00ed. V k\u0159es\u0165ansk\u00e9 teologii by tato vnit\u0159n\u00ed P\u0159\u00edtomnost byla pops\u00e1na jako Duch svat\u00fd, co\u017e je pr\u00e1v\u011b B\u016fh jako imanentn\u00ed, uvnit\u0159, a dokonce na\u0161e nejhlub\u0161\u00ed, nejpravdiv\u011bj\u0161\u00ed j\u00e1. B\u016fh je samotn\u00fdm z\u00e1kladem na\u0161eho byt\u00ed.<\/p>\n\n\n\n<h4 class=\"wp-block-heading\">P\u0159\u00edtomnost je v n\u00e1s, ale je t\u0159eba ji probudit<\/h4>\n\n\n\n<p>N\u011bkte\u0159\u00ed mystikov\u00e9 popisuj\u00ed P\u0159\u00edtomnost jako &#8222;\u017ee je bli\u017e\u0161\u00ed mn\u011b ne\u017e j\u00e1 s\u00e1m sob\u011b&#8220; nebo &#8222;v\u00edce mn\u011b ne\u017e j\u00e1 s\u00e1m sob\u011b&#8220;. Mnoz\u00ed z n\u00e1s by ji tak\u00e9 popsali, stejn\u011b jako Thomas Merton, jako Prav\u00e9 J\u00e1. P\u0159esto je t\u0159eba ji probudit a zvolit. Duch svat\u00fd je zcela d\u00e1n a je d\u00e1n v\u0161em stejn\u011b, ale mus\u00ed b\u00fdt tak\u00e9 v\u011bdom\u011b p\u0159ijat. P\u0159\u00edtomnost je t\u0159eba rozpoznat, uct\u00edt a p\u0159it\u00e1hnout, aby se v n\u00e1s stala \u017eivou P\u0159\u00edtomnost\u00ed.<\/p>\n\n\n\n<h4 class=\"wp-block-heading\">P\u0159\u00edtomnosti je t\u0159eba \u0159\u00edci \u201eano\u201c<\/h4>\n\n\n\n<p>Z tohoto prostorn\u011bj\u0161\u00edho a nejhlub\u0161\u00edho m\u00edsta se \u010dlov\u011bk p\u0159irozen\u011b spojuje, vc\u00edt\u00ed se, odpou\u0161t\u00ed a miluje t\u00e9m\u011b\u0159 v\u0161e. Byli jsme stvo\u0159eni v l\u00e1sce, pro l\u00e1sku a k l\u00e1sce, a pr\u00e1v\u011b z t\u00e9to l\u00e1sky jedn\u00e1me. Toto hlubok\u00e9 vnit\u0159n\u00ed &#8222;ano&#8220;, kter\u00e9 je Bohem ve mn\u011b, ji\u017e skrze m\u011b miluje Boha. [1]<\/p>\n\n\n\n<p><em>Autor a duchovn\u00ed u\u010ditel Henri Nouwen (1932-1996) n\u00e1s zve k vlastn\u00ed modlitebn\u00ed zku\u0161enosti milovan\u00e9ho Boha:&nbsp;<\/em><\/p>\n\n\n\n<h4 class=\"wp-block-heading\">Jsi od po\u010d\u00e1tku milov\u00e1n &#8211; opravdu je to tak<\/h4>\n\n\n\n<p>Jsme milovan\u00ed. Jsme d\u016fv\u011brn\u011b milov\u00e1ni d\u00e1vno p\u0159edt\u00edm, ne\u017e n\u00e1s milovali nebo zranili na\u0161i rodi\u010de, u\u010ditel\u00e9, man\u017eel\u00e9, d\u011bti a p\u0159\u00e1tel\u00e9. To je pravda na\u0161eho \u017eivota. Je to skute\u010dnost , kterou chci, abyste si sami pro sebe n\u00e1rokovali. To je fakt, kterou vyslovuje hlas, jen\u017e \u0159\u00edk\u00e1: &#8222;Ty jsi m\u016fj milovan\u00fd&#8220; [viz Mk 1,9-11].<\/p>\n\n\n\n<h4 class=\"wp-block-heading\">Kamkoliv jde\u0161 &#8211; jsem s \u00a0tebou<\/h4>\n\n\n<div class=\"wp-block-image is-style-rounded\">\n<figure class=\"alignleft size-full is-resized\"><img loading=\"lazy\" decoding=\"async\" src=\"data:image\/gif;base64,R0lGODlhAQABAAAAACH5BAEKAAEALAAAAAABAAEAAAICTAEAOw==\" data-layzr=\"https:\/\/www.frantiskani.cz\/wp-content\/uploads\/2022\/12\/52-HenriNouwen.jpg\" alt=\" Henri Nouwen\" class=\"wp-image-5869\" width=\"160\" height=\"201\"\/><\/figure>\n<\/div>\n\n\n<p>Kdy\u017e tomuto hlasu naslouch\u00e1m s velkou vnit\u0159n\u00ed pozornost\u00ed, sly\u0161\u00edm ve sv\u00e9m st\u0159edu slova, kter\u00e1 \u0159\u00edkaj\u00ed: &#8222;Od sam\u00e9ho po\u010d\u00e1tku jsem t\u011b volal jm\u00e9nem. Jsi m\u016fj a j\u00e1 jsem tv\u016fj. Jsi m\u016fj milovan\u00fd, na tob\u011b spo\u010d\u00edv\u00e1 m\u00e1 p\u0159\u00edze\u0148. Zformoval jsem t\u011b v hlubin\u00e1ch zem\u011b a upletl jsem t\u011b v l\u016fn\u011b tv\u00e9 matky. Vytesal jsem t\u011b do dlan\u00ed sv\u00fdch rukou a ukryl jsem t\u011b ve st\u00ednu sv\u00e9ho objet\u00ed. Hled\u00edm na tebe s nekone\u010dnou n\u011bhou a pe\u010duji o tebe s p\u00e9\u010d\u00ed d\u016fv\u011brn\u011bj\u0161\u00ed ne\u017e matka o sv\u00e9 d\u00edt\u011b. Spo\u010d\u00edtal jsem ka\u017ed\u00fd vlas na tv\u00e9 hlav\u011b a vedl t\u011b na ka\u017ed\u00e9m kroku. Kamkoli jde\u0161, jdu s tebou, a kdekoli odpo\u010d\u00edv\u00e1\u0161, bd\u00edm nad tebou. D\u00e1m ti pokrm, kter\u00fd nasyt\u00ed v\u0161echen tv\u016fj hlad, a n\u00e1poj, kter\u00fd uhas\u00ed v\u0161echnu tvou \u017e\u00edze\u0148. Svou tv\u00e1\u0159 p\u0159ed tebou neskryji. Pozn\u00e1te m\u011b jako sv\u00e9ho vlastn\u00edho, stejn\u011b jako j\u00e1 zn\u00e1m v\u00e1s jako sv\u00e9 vlastn\u00ed. Pat\u0159\u00ed\u0161 mi. Jsem tv\u016fj otec, tv\u00e1 matka, tv\u016fj bratr, tv\u00e1 sestra, tv\u016fj milenec a tv\u016fj man\u017eel&#8230; ano, i tv\u00e9 d\u00edt\u011b&#8230; Kdekoli bude\u0161, budu. Nikdy n\u00e1s nic nerozd\u011bl\u00ed. Jsme jedno.&#8220; [2]<\/p>\n\n\n\n<p><em>Translated with www.DeepL.com\/Translator (free version),mezinadpisy si dovolil vlo\u017eit p\u0159ekladatel<\/em><\/p>\n\n\n\n<h6 class=\"wp-block-heading\">Prameny:<\/h6>\n\n\n\n<p>[1] Adapted from Richard Rohr, <a href=\"https:\/\/email.cac.org\/t\/d-l-zjkduuy-tlkrhyidn-y\/\"><em>Silent Compassion: Finding God in Contemplation<\/em><\/a> (Cincinnati, OH: Franciscan Media, 2014), 46, 47.<\/p>\n\n\n\n<p>[2] Henri J. M. Nouwen, <em>Life of the Beloved: Spiritual Living in a Secular World<\/em> (New York: Crossroad Publishing, 1992), 30\u201331.<\/p>\n\n\n\n<p><em><strong>Image credit:<\/strong> <\/em>Benjamin Yazza, <em>Untitled 05<\/em> (detail), United States, photograph, used with permission. Benjamin Yazza, <em>Untitled 12<\/em> (detail), United States, photograph, used with permission. NASA, <em>Galaxy NGC 4013 <\/em>(detail), 2020, United States, photograph, <a href=\"https:\/\/email.cac.org\/t\/d-l-zjkduuy-tlkrhyidn-j\/\">public domain<\/a>. Jenna Keiper &amp; Leslye Colvin, 2022, triptych art, United States. <a href=\"https:\/\/email.cac.org\/t\/d-l-zjkduuy-tlkrhyidn-t\/\">Click here to enlarge image.<\/a><\/p>\n\n\n\n<p><em><strong>Image inspiration: <\/strong>Infinitesimal. Massive. Incomprehensibly expansive. It is all connected: everything is a part of the whole, seen or unseen. Nothing stands alone.<\/em><\/p>\n","protected":false},"excerpt":{"rendered":"<p>sme milovan\u00ed. Jsme d\u016fv\u011brn\u011b milov\u00e1ni d\u00e1vno p\u0159edt\u00edm, ne\u017e n\u00e1s milovali nebo zranili na\u0161i rodi\u010de, u\u010ditel\u00e9, man\u017eel\u00e9, d\u011bti a p\u0159\u00e1tel\u00e9. To je pravda na\u0161eho \u017eivota. Je to skute\u010dnost , kterou chci, abyste si sami pro sebe n\u00e1rokovali. To je fakt, kterou vyslovuje hlas, jen\u017e \u0159\u00edk\u00e1: &#8222;Ty jsi m\u016fj milovan\u00fd&#8220; [viz Mk 1,9-11].<\/p>\n","protected":false},"author":1,"featured_media":5868,"comment_status":"open","ping_status":"open","sticky":false,"template":"","format":"standard","meta":{"footnotes":""},"categories":[198],"tags":[336,854,503,515],"class_list":["post-5867","post","type-post","status-publish","format-standard","has-post-thumbnail","hentry","category-richard-rohr-ofm-centrum-pro-zivot-a-rozjimani","tag-buh-v-nas","tag-byti","tag-pritomnost","tag-vnitrni-ja","latest_post"],"_links":{"self":[{"href":"https:\/\/www.frantiskani.cz\/index.php\/wp-json\/wp\/v2\/posts\/5867","targetHints":{"allow":["GET"]}}],"collection":[{"href":"https:\/\/www.frantiskani.cz\/index.php\/wp-json\/wp\/v2\/posts"}],"about":[{"href":"https:\/\/www.frantiskani.cz\/index.php\/wp-json\/wp\/v2\/types\/post"}],"author":[{"embeddable":true,"href":"https:\/\/www.frantiskani.cz\/index.php\/wp-json\/wp\/v2\/users\/1"}],"replies":[{"embeddable":true,"href":"https:\/\/www.frantiskani.cz\/index.php\/wp-json\/wp\/v2\/comments?post=5867"}],"version-history":[{"count":2,"href":"https:\/\/www.frantiskani.cz\/index.php\/wp-json\/wp\/v2\/posts\/5867\/revisions"}],"predecessor-version":[{"id":5871,"href":"https:\/\/www.frantiskani.cz\/index.php\/wp-json\/wp\/v2\/posts\/5867\/revisions\/5871"}],"wp:featuredmedia":[{"embeddable":true,"href":"https:\/\/www.frantiskani.cz\/index.php\/wp-json\/wp\/v2\/media\/5868"}],"wp:attachment":[{"href":"https:\/\/www.frantiskani.cz\/index.php\/wp-json\/wp\/v2\/media?parent=5867"}],"wp:term":[{"taxonomy":"category","embeddable":true,"href":"https:\/\/www.frantiskani.cz\/index.php\/wp-json\/wp\/v2\/categories?post=5867"},{"taxonomy":"post_tag","embeddable":true,"href":"https:\/\/www.frantiskani.cz\/index.php\/wp-json\/wp\/v2\/tags?post=5867"}],"curies":[{"name":"wp","href":"https:\/\/api.w.org\/{rel}","templated":true}]}}