{"id":5908,"date":"2023-01-03T09:35:01","date_gmt":"2023-01-03T08:35:01","guid":{"rendered":"https:\/\/www.frantiskani.cz\/?p=5908"},"modified":"2023-01-03T09:36:38","modified_gmt":"2023-01-03T08:36:38","slug":"automaticky-vytvoreny-koncept-5","status":"publish","type":"post","link":"https:\/\/www.frantiskani.cz\/index.php\/2023\/01\/03\/automaticky-vytvoreny-koncept-5\/","title":{"rendered":"Dar proroctv\u00ed v c\u00edrkvi&nbsp;"},"content":{"rendered":"\n<h6 class=\"wp-block-heading\">Prvn\u00ed t\u00fdden: Prorock\u00e1 cesta<\/h6>\n\n\n\n<p><em>Mus\u00edte cht\u00edt l\u00e1sku v\u00edc ne\u017e cokoli jin\u00e9ho; ale st\u00e1le douf\u00e1te i v duchovn\u00ed dary, zejm\u00e9na v proroctv\u00ed. -1 Korintsk\u00fdm 14,1, Jeruzal\u00e9msk\u00e1 Bible<\/em><\/p>\n\n\n\n<p><em>Richard se zam\u00fd\u0161l\u00ed nad darem proroctv\u00ed v c\u00edrkvi a nad t\u00edm, pro\u010d dnes tolik z n\u00e1s tento dar nerozpozn\u00e1v\u00e1:<\/em><\/p>\n\n\n\n<h4 class=\"wp-block-heading\">Je dar proroctv\u00ed minulost\u00ed?<\/h4>\n\n\n\n<p>Je zaj\u00edmav\u00e9, \u017ee Pavel uv\u00e1d\u00ed proroctv\u00ed jako druh\u00fd nejd\u016fle\u017eit\u011bj\u0161\u00ed z dar\u016f Ducha. P\u0159esto si mysl\u00edm, \u017ee lze s jistotou \u0159\u00edci, \u017ee v\u011bt\u0161ina z n\u00e1s vyrostla v domn\u011bn\u00ed, \u017ee proroctv\u00ed je n\u011bco, co existovalo v minulosti, ale nem\u00e1 \u017e\u00e1dn\u00fd sou\u010dasn\u00fd v\u00fdznam nebo smysl. Opravdu jsme neo\u010dek\u00e1vali, \u017ee bychom se s n\u011bjak\u00fdmi proroky setkali; kdyby ano, ur\u010dit\u011b bychom si mysleli, \u017ee jsou v\u00fdst\u0159edn\u00ed, fanati\u010dt\u00ed nebo divn\u00ed. Ale Pavel p\u00ed\u0161e: &#8222;<em>N\u011bkter\u00fdm [Kristus] daroval, aby byli apo\u0161toly, n\u011bkter\u00fdm proroky, n\u011bkter\u00fdm evangelisty, n\u011bkter\u00fdm pastory a u\u010diteli, aby svat\u00ed spole\u010dn\u011b vytv\u00e1\u0159eli jednotu v d\u00edle slu\u017eby a budovali Kristovo t\u011blo&#8220;<\/em> (Ef 4,11-12, Jeruzal\u00e9msk\u00e1 Bible). V listu Korintsk\u00fdm je v\u00fdslovn\u011b jmenuje hned po l\u00e1sce, p\u0159ed ostatn\u00edmi dary (viz 1 Kor 14,1).<\/p>\n\n\n\n<h4 class=\"wp-block-heading\">Podle Pavla pat\u0159\u00ed k&nbsp;d\u016fle\u017eit\u00fdm dar\u016fm Ducha<\/h4>\n\n\n\n<p>M\u00e1me tu tedy fenom\u00e9n n\u011b\u010deho, co je \u00fadajn\u011b \u00fast\u0159edn\u00ed, a p\u0159esto o tom v\u011bt\u0161ina z n\u00e1s nic nev\u00ed. N\u011bco se pokazilo, nebo se Pavel m\u00fdl\u00ed? P\u0159edstavuji si velkou skl\u00e1danku, ale jeden kousek chyb\u00ed, a mysl\u00edm, \u017ee je to d\u016fle\u017eitost v\u00fdznamu proroctv\u00ed.<\/p>\n\n\n\n<h4 class=\"wp-block-heading\">Nejsme pod vlivem \u0161patn\u00fdch p\u0159edstav o proroc\u00edch?<\/h4>\n\n\n\n<p>P\u0159edev\u0161\u00edm p\u0159edpokl\u00e1dejme, \u017ee neznamen\u00e1 nic z toho, co si mysl\u00edme, \u017ee p\u0159edstavuje prorok: n\u011bkoho, kdo p\u0159edpov\u00edd\u00e1 budoucnost nebo vyd\u00e1v\u00e1 hroziv\u00e1 varov\u00e1n\u00ed. Toho se zbavme. Tak\u00e9 jsem p\u0159i sv\u00fdch cest\u00e1ch po sv\u011bt\u011b na\u0161el mnoho kostel\u016f s n\u00e1zvem Kristus Kr\u00e1l, ale nikdy jsem nena\u0161el kostel s n\u00e1zvem Kristus Prorok. A t\u00e9m\u011b\u0159 nikdy, s v\u00fdjimkou posledn\u00edch n\u011bkolika let, jsem nevid\u011bl Krista Proroka zobrazen\u00e9ho v um\u011bn\u00ed. Mysl\u00edm, \u017ee to prozrazuje, \u017ee existuje jen velk\u00e9 nepochopen\u00ed, nedocen\u011bn\u00ed, ba dokonce neo\u010dek\u00e1v\u00e1n\u00ed Je\u017e\u00ed\u0161e v t\u00e9to roli. Neo\u010dek\u00e1v\u00e1me ji, a pokud ji neo\u010dek\u00e1v\u00e1me, pokud ji nechceme, pokud ji nehled\u00e1me, ur\u010dit\u011b ji nedostaneme.<\/p>\n\n\n\n<h4 class=\"wp-block-heading\">V \u00a0c\u00edrkvi nejsou proroci v\u00edt\u00e1ni, Jsou nebezpe\u010dn\u00ed?&#8230;<\/h4>\n\n\n\n<p>Kdy\u017e si vzpomenu na semin\u00e1\u0159e pro ty z n\u00e1s, kte\u0159\u00ed m\u00e1me b\u00fdt u\u010diteli a apo\u0161toly v c\u00edrkvi, doslova jsme \u0161kolili lidi, aby rostli v dal\u0161\u00edch darech Ducha. Vzd\u011bl\u00e1vali jsme je, potvrzovali jsme je, certifikovali jsme je, vysv\u011bcovali jsme je. Ale ve skute\u010dnosti, kdyby se n\u011bkdo odv\u00e1\u017eil pova\u017eovat se za proroka, pravd\u011bpodobn\u011b by ani nebyl v c\u00edrkvi v\u00edt\u00e1n. Pravd\u011bpodobn\u011b by se p\u0159edpokl\u00e1dalo, \u017ee jsou nebezpe\u010dn\u00ed nebo kriti\u010dt\u00ed nebo negativn\u00ed nebo pom\u00fdlen\u00ed.<\/p>\n\n\n\n<h4 class=\"wp-block-heading\">\u2026nebo jde jen o ideologickou p\u0159edpojatost?<\/h4>\n\n\n\n<p>Jedin\u00e9, co mohu p\u0159edpokl\u00e1dat, je, \u017ee zde existuje n\u011bjak\u00e1 ideologick\u00e1 p\u0159edpojatost. Pro\u010d tento dar nevid\u00edme, nehled\u00e1me nebo neo\u010dek\u00e1v\u00e1me? Mysl\u00edm, \u017ee ti, kdo zakl\u00e1daj\u00ed n\u00e1bo\u017eenstv\u00ed, a ti, kdo buduj\u00ed c\u00edrkve, maj\u00ed p\u0159irozenou zaujatost proti charismatu \u010di daru proroka. Prorok je v\u017edy v\u00fdzvou pro &#8222;obvykl\u00fd byznys&#8220;.<\/p>\n\n\n\n<p><em>&nbsp;Translated with www.DeepL.com\/Translator (free version), mezinadpisy si dovolil vlo\u017eit p\u0159ekladatel<\/em><\/p>\n\n\n\n<h6 class=\"wp-block-heading\">Prameny:<\/h6>\n\n\n\n<p>Adapted from Richard Rohr, <em>Way of the Prophet<\/em> (Albuquerque, NM: Center for Action and Contemplation, 1994), audio recording. No longer available for purchase.<\/p>\n\n\n\n<p><strong>Image credit: <\/strong>Jenna Keiper, <em>Untitled Bosque<\/em> (detail), New Mexico, photograph, used with permission. Benjamin Yazza, <em>Untitled 10<\/em> (detail), New Mexico, photograph, used with permission. <em>This year\u2019s images are inspired in form by the 2023 Daily Meditation theme. This week\u2019s main photo takes up most of the image, but we also see a sliver of the image for next week: the next step on our journey.&nbsp;<\/em><a href=\"https:\/\/email.cac.org\/t\/d-l-zjujjdy-tlkrhyidn-y\/\">Click here to enlarge image<\/a>.<\/p>\n","protected":false},"excerpt":{"rendered":"<p>Jedin\u00e9, co mohu p\u0159edpokl\u00e1dat, je, \u017ee zde existuje n\u011bjak\u00e1 ideologick\u00e1 p\u0159edpojatost. Pro\u010d tento dar nevid\u00edme, nehled\u00e1me nebo neo\u010dek\u00e1v\u00e1me? Mysl\u00edm, \u017ee ti, kdo zakl\u00e1daj\u00ed n\u00e1bo\u017eenstv\u00ed, a ti, kdo buduj\u00ed c\u00edrkve, maj\u00ed p\u0159irozenou zaujatost proti charismatu \u010di daru proroka. Prorok je v\u017edy v\u00fdzvou pro &#8222;obvykl\u00fd byznys&#8220;.<\/p>\n","protected":false},"author":1,"featured_media":5902,"comment_status":"open","ping_status":"open","sticky":false,"template":"","format":"standard","meta":{"footnotes":""},"categories":[198],"tags":[374,871],"class_list":["post-5908","post","type-post","status-publish","format-standard","has-post-thumbnail","hentry","category-richard-rohr-ofm-centrum-pro-zivot-a-rozjimani","tag-proroci","tag-sv-pavel","latest_post"],"_links":{"self":[{"href":"https:\/\/www.frantiskani.cz\/index.php\/wp-json\/wp\/v2\/posts\/5908","targetHints":{"allow":["GET"]}}],"collection":[{"href":"https:\/\/www.frantiskani.cz\/index.php\/wp-json\/wp\/v2\/posts"}],"about":[{"href":"https:\/\/www.frantiskani.cz\/index.php\/wp-json\/wp\/v2\/types\/post"}],"author":[{"embeddable":true,"href":"https:\/\/www.frantiskani.cz\/index.php\/wp-json\/wp\/v2\/users\/1"}],"replies":[{"embeddable":true,"href":"https:\/\/www.frantiskani.cz\/index.php\/wp-json\/wp\/v2\/comments?post=5908"}],"version-history":[{"count":2,"href":"https:\/\/www.frantiskani.cz\/index.php\/wp-json\/wp\/v2\/posts\/5908\/revisions"}],"predecessor-version":[{"id":5911,"href":"https:\/\/www.frantiskani.cz\/index.php\/wp-json\/wp\/v2\/posts\/5908\/revisions\/5911"}],"wp:featuredmedia":[{"embeddable":true,"href":"https:\/\/www.frantiskani.cz\/index.php\/wp-json\/wp\/v2\/media\/5902"}],"wp:attachment":[{"href":"https:\/\/www.frantiskani.cz\/index.php\/wp-json\/wp\/v2\/media?parent=5908"}],"wp:term":[{"taxonomy":"category","embeddable":true,"href":"https:\/\/www.frantiskani.cz\/index.php\/wp-json\/wp\/v2\/categories?post=5908"},{"taxonomy":"post_tag","embeddable":true,"href":"https:\/\/www.frantiskani.cz\/index.php\/wp-json\/wp\/v2\/tags?post=5908"}],"curies":[{"name":"wp","href":"https:\/\/api.w.org\/{rel}","templated":true}]}}