{"id":5914,"date":"2023-01-04T08:56:20","date_gmt":"2023-01-04T07:56:20","guid":{"rendered":"https:\/\/www.frantiskani.cz\/?p=5914"},"modified":"2023-01-04T08:57:20","modified_gmt":"2023-01-04T07:57:20","slug":"proroci-patri-do-spolecenstvi","status":"publish","type":"post","link":"https:\/\/www.frantiskani.cz\/index.php\/2023\/01\/04\/proroci-patri-do-spolecenstvi\/","title":{"rendered":"Proroci pat\u0159\u00ed do spole\u010denstv\u00ed&nbsp;&nbsp;&nbsp;&nbsp;&nbsp;"},"content":{"rendered":"\n<h6 class=\"wp-block-heading\">Prvn\u00ed t\u00fdden: Prorock\u00e1 cesta<\/h6>\n\n\n<div class=\"wp-block-image is-style-rounded\">\n<figure class=\"alignleft size-full is-resized\"><img loading=\"lazy\" decoding=\"async\" src=\"data:image\/gif;base64,R0lGODlhAQABAAAAACH5BAEKAAEALAAAAAABAAEAAAICTAEAOw==\" data-layzr=\"https:\/\/www.frantiskani.cz\/wp-content\/uploads\/2022\/06\/Barbara-Holmes.jpg\" alt=\"\" class=\"wp-image-4561\" width=\"80\" height=\"80\"\/><\/figure>\n<\/div>\n\n\n<p><em>U\u010ditelka CAC Dr. Barbara Holmesov\u00e1 popisuje n\u00e1\u0161 p\u0159irozen\u00fd odpor v\u016f\u010di prorok\u016fm v na\u0161em st\u0159edu:<\/em><\/p>\n\n\n\n<h4 class=\"wp-block-heading\">Proroky je t\u011b\u017ek\u00e9 m\u00edt kolem sebe<\/h4>\n\n\n\n<p>Proroky je t\u011b\u017ek\u00e9 m\u00edt kolem sebe. Nikdo se k tomuto titulu nechce hl\u00e1sit a nikdo kv\u016fli n\u011bmu nechce vykon\u00e1vat svou pr\u00e1ci. V t\u00e9to postmodern\u00ed dob\u011b jsou v\u0161ichni z prorok\u016f nesv\u00ed. K\u0159i\u010d\u00ed, i kdy\u017e si to nep\u0159ejete. \u0158\u00edkaj\u00ed si o pot\u00ed\u017ee, kdy\u017e se jim m\u016f\u017eete vyhnout. Nemaj\u00ed v t\u011ble jedinou politicky korektn\u00ed kost&#8230;..<\/p>\n\n\n\n<h4 class=\"wp-block-heading\">Jsou nebezpe\u010dn\u00ed pro syst\u00e9m<\/h4>\n\n\n\n<p>Proroci jsou v\u016fdci, ale ne v\u016fdci podle vlastn\u00edho v\u00fdb\u011bru. Nevyhnuteln\u011b se jim p\u0159ihod\u00ed n\u011bjak\u00e9 bo\u017esk\u00e9 setk\u00e1n\u00ed. Ho\u0159\u00edc\u00ed ke\u0159, beran v ke\u0159i, vol\u00e1n\u00ed v noci, vid\u011bn\u00ed, sny. Jsou sv\u00e9r\u00e1zn\u00ed a v\u00edce ne\u017e podivn\u00ed. Vezm\u011bme si jako p\u0159\u00edklad Jeremi\u00e1\u0161e, kter\u00fd neust\u00e1le pl\u00e1\u010de. A Izaj\u00e1\u0161 post\u00edc\u00ed se a le\u017e\u00edc\u00ed v hl\u00edn\u011b, Jan K\u0159titel poj\u00eddaj\u00edc\u00ed kobylky a Hulda prorokuj\u00edc\u00ed zk\u00e1zu. A kone\u010dn\u011b, jednou z nejd\u016fle\u017eit\u011bj\u0161\u00edch vlastnost\u00ed prorok\u016f je, \u017ee jsou nebezpe\u010dn\u00ed pro syst\u00e9m&#8230;..<\/p>\n\n\n\n<h4 class=\"wp-block-heading\">Jednaj\u00ed v\u0161ak ve prosp\u011bch komunity<\/h4>\n\n\n\n<p>Kdy\u017e p\u0159in\u00e1\u0161ej\u00ed poselstv\u00ed od Boha &#8211; a B\u016fh ne\u0161et\u0159\u00ed slovy -, B\u016fh skrze n\u011b mluv\u00ed p\u0159\u00edmo. Maj\u00ed vztah a d\u016fv\u011brn\u00fd vztah s Bohem. Komunikuj\u00ed s Bohem prost\u0159ednictv\u00edm modlitby, p\u0159\u00edm\u00e9 \u0159e\u010di; B\u016fh s nimi chod\u00ed a hovo\u0159\u00ed. Mo\u017en\u00e1 ne doslova, ale jin\u00fdmi zp\u016fsoby. Maj\u00ed dary a nab\u00edzej\u00ed znamen\u00ed a z\u00e1zraky spojen\u00e9 s ov\u011b\u0159en\u00edm Bo\u017e\u00ed p\u0159\u00edtomnosti. Maj\u00ed komunitn\u00ed spojen\u00ed. Jednaj\u00ed ve prosp\u011bch komunity, ne pro sv\u016fj vlastn\u00ed prosp\u011bch, a jsou z\u00e1visl\u00ed na pomoci komunity, kdy\u017e ji pot\u0159ebuj\u00ed.<\/p>\n\n\n\n<p>Holmes zd\u016fraz\u0148uje komunitn\u00ed povahu prorock\u00e9 role :<\/p>\n\n\n\n<h4 class=\"wp-block-heading\">Prorok Moj\u017e\u00ed\u0161 nem\u011bl prorokovat s\u00e1m<\/h4>\n\n\n\n<p>To je opom\u00edjen\u00fd, ale d\u016fle\u017eit\u00fd aspekt prorock\u00e9ho povol\u00e1n\u00ed. V Numeri 11,24-29 se Moj\u017e\u00ed\u0161 vy\u010derp\u00e1v\u00e1 s lidem. B\u016fh v podstat\u011b \u0159\u00edk\u00e1: &#8222;Dob\u0159e, dob\u0159e, shrom\u00e1\u017ed\u011bte star\u0161\u00ed. Pod\u00edvej se na spole\u010denstv\u00ed. Nikdy jsi to nem\u011bl d\u011blat s\u00e1m. \u0158ekl jsem ti, abys to ud\u011blal; ne\u0159ekl jsem ti, abys to ud\u011blal s\u00e1m.&#8220; A tak se Moj\u017e\u00ed\u0161ovi poda\u0159ilo to, co mu \u0159ekl.<\/p>\n\n\n\n<h4 class=\"wp-block-heading\">S&nbsp;Moj\u017e\u00ed\u0161em za\u010dali prorokovat i dal\u0161\u00ed star\u0161\u00ed lidu<\/h4>\n\n\n\n<p>Kolik z n\u00e1s nese b\u0159emena, kter\u00e1 nejsou na\u0161e, a c\u00edt\u00edme se kv\u016fli tomu dost spravedliv\u00ed? Pr\u00e1ce \u017e\u00edt a um\u00edrat, vychov\u00e1vat d\u011bti, v\u00e9st sbory nikdy nem\u011bla b\u00fdt osam\u011blou prac\u00ed. A tak pot\u00e9, co se star\u0161\u00ed shrom\u00e1\u017ed\u00ed, Jozue Moj\u017e\u00ed\u0161ovi \u0159ekne, \u017ee star\u0161\u00ed prorokuj\u00ed, a \u0159ekne: &#8222;Moj\u017e\u00ed\u0161i, za\u0159i\u010f, aby to p\u0159estalo!&#8220; Moj\u017e\u00ed\u0161 se na to pod\u00edv\u00e1 a \u0159ekne: &#8222;Tohle je proroctv\u00ed. A Moj\u017e\u00ed\u0161ova odpov\u011b\u010f v Numeri 11,29 zn\u00ed: &#8222;\u017d\u00e1rl\u00ed\u0161 kv\u016fli mn\u011b? K\u00e9\u017e by cel\u00fd Hospodin\u016fv lid byl proroky a B\u016fh by na n\u011b seslal sv\u00e9ho Ducha!&#8220; A tak se mu to poda\u0159\u00ed.<\/p>\n\n\n\n<h4 class=\"wp-block-heading\">Jak\u00e9mu spole\u010denstv\u00ed byste prorokovali vy?<\/h4>\n\n\n\n<p>Na chv\u00edli se nad t\u00edm zastavme. M\u011bli jste n\u011bkdy pocit, \u017ee na v\u00e1s spo\u010d\u00edv\u00e1 Bo\u017e\u00ed Duch? A\u010dkoli jsou mnoz\u00ed proroci v Bibli p\u0159edstaveni jako jednotliv\u00ed nositel\u00e9 Bo\u017e\u00edho slova, \u010dasto existovalo spole\u010denstv\u00ed dal\u0161\u00edch prorok\u016f, z n\u011bho\u017e poch\u00e1zeli nebo s n\u00edm\u017e byli spojeni. A kdo je tedy va\u0161\u00edm spole\u010denstv\u00edm? &#8230; Pokud jste povol\u00e1ni k prorock\u00e9mu \u00fakolu, a mysl\u00edm, \u017ee v n\u011bkter\u00fdch ohledech jsme jimi v\u0161ichni &#8211; kde je va\u0161e prorock\u00e9 spole\u010denstv\u00ed, kter\u00e9 v\u00e1s bude \u017eivit a podporovat, v\u00e9st a pom\u00e1hat v\u00e1m?<\/p>\n\n\n\n<p><em>Translated with www.DeepL.com\/Translator (free version),mezinadpisy si dovolil vlo\u017eit p\u0159ekladatel<\/em><\/p>\n\n\n\n<h6 class=\"wp-block-heading\">Prameny:<\/h6>\n\n\n\n<p>Adapted from Barbara A. Holmes, \u201cWe Shall Also Be Prophets,\u201d Living School Symposium (Albuquerque, NM: Center for Action and Contemplation, 2022), unpublished transcript.<\/p>\n\n\n\n<p><strong>Image credit: <\/strong>Jenna Keiper, <em>Untitled Bosque<\/em> (detail), New Mexico, photograph, used with permission. Benjamin Yazza, <em>Untitled 10<\/em> (detail), New Mexico, photograph, used with permission. <em>This year\u2019s images are inspired in form by the 2023 Daily Meditation theme. This week\u2019s main photo takes up most of the image, but we also see a sliver of the image for next week: the next step on our journey.&nbsp;<\/em><a href=\"https:\/\/email.cac.org\/t\/d-l-zjujjky-tlkrhyidn-y\/\">Click here to enlarge image<\/a>.<\/p>\n","protected":false},"excerpt":{"rendered":"<p>. M\u011bli jste n\u011bkdy pocit, \u017ee na v\u00e1s spo\u010d\u00edv\u00e1 Bo\u017e\u00ed Duch? A\u010dkoli jsou mnoz\u00ed proroci v Bibli p\u0159edstaveni jako jednotliv\u00ed nositel\u00e9 Bo\u017e\u00edho slova, \u010dasto existovalo spole\u010denstv\u00ed dal\u0161\u00edch prorok\u016f, z n\u011bho\u017e poch\u00e1zeli nebo s n\u00edm\u017e byli spojeni. A kdo je tedy va\u0161\u00edm spole\u010denstv\u00edm? &#8230; Pokud jste povol\u00e1ni k prorock\u00e9mu \u00fakolu, a mysl\u00edm, \u017ee v n\u011bkter\u00fdch ohledech jsme jimi v\u0161ichni &#8211; kde je va\u0161e prorock\u00e9 spole\u010denstv\u00ed, kter\u00e9 v\u00e1s bude \u017eivit a podporovat, v\u00e9st a pom\u00e1hat v\u00e1m?<\/p>\n","protected":false},"author":1,"featured_media":5902,"comment_status":"open","ping_status":"open","sticky":false,"template":"","format":"standard","meta":{"footnotes":""},"categories":[198],"tags":[524,374,796,152],"class_list":["post-5914","post","type-post","status-publish","format-standard","has-post-thumbnail","hentry","category-richard-rohr-ofm-centrum-pro-zivot-a-rozjimani","tag-komunita","tag-proroci","tag-sluzba","tag-spolecenstvi","latest_post"],"_links":{"self":[{"href":"https:\/\/www.frantiskani.cz\/index.php\/wp-json\/wp\/v2\/posts\/5914","targetHints":{"allow":["GET"]}}],"collection":[{"href":"https:\/\/www.frantiskani.cz\/index.php\/wp-json\/wp\/v2\/posts"}],"about":[{"href":"https:\/\/www.frantiskani.cz\/index.php\/wp-json\/wp\/v2\/types\/post"}],"author":[{"embeddable":true,"href":"https:\/\/www.frantiskani.cz\/index.php\/wp-json\/wp\/v2\/users\/1"}],"replies":[{"embeddable":true,"href":"https:\/\/www.frantiskani.cz\/index.php\/wp-json\/wp\/v2\/comments?post=5914"}],"version-history":[{"count":2,"href":"https:\/\/www.frantiskani.cz\/index.php\/wp-json\/wp\/v2\/posts\/5914\/revisions"}],"predecessor-version":[{"id":5916,"href":"https:\/\/www.frantiskani.cz\/index.php\/wp-json\/wp\/v2\/posts\/5914\/revisions\/5916"}],"wp:featuredmedia":[{"embeddable":true,"href":"https:\/\/www.frantiskani.cz\/index.php\/wp-json\/wp\/v2\/media\/5902"}],"wp:attachment":[{"href":"https:\/\/www.frantiskani.cz\/index.php\/wp-json\/wp\/v2\/media?parent=5914"}],"wp:term":[{"taxonomy":"category","embeddable":true,"href":"https:\/\/www.frantiskani.cz\/index.php\/wp-json\/wp\/v2\/categories?post=5914"},{"taxonomy":"post_tag","embeddable":true,"href":"https:\/\/www.frantiskani.cz\/index.php\/wp-json\/wp\/v2\/tags?post=5914"}],"curies":[{"name":"wp","href":"https:\/\/api.w.org\/{rel}","templated":true}]}}