{"id":5920,"date":"2023-01-05T09:00:50","date_gmt":"2023-01-05T08:00:50","guid":{"rendered":"https:\/\/www.frantiskani.cz\/?p=5920"},"modified":"2023-01-05T09:01:44","modified_gmt":"2023-01-05T08:01:44","slug":"bozi-dynamicka-intimita","status":"publish","type":"post","link":"https:\/\/www.frantiskani.cz\/index.php\/2023\/01\/05\/bozi-dynamicka-intimita\/","title":{"rendered":"Bo\u017e\u00ed dynamick\u00e1 intimita"},"content":{"rendered":"\n<h6 class=\"wp-block-heading\">Prvn\u00ed t\u00fdden: Prorock\u00e1 cesta<\/h6>\n\n\n<div class=\"wp-block-image is-style-rounded\">\n<figure class=\"alignleft size-full is-resized\"><img loading=\"lazy\" decoding=\"async\" src=\"data:image\/gif;base64,R0lGODlhAQABAAAAACH5BAEKAAEALAAAAAABAAEAAAICTAEAOw==\" data-layzr=\"https:\/\/www.frantiskani.cz\/wp-content\/uploads\/2022\/09\/38-Howardu-Thurman.jpg\" alt=\"\" class=\"wp-image-5175\" width=\"150\" height=\"84\"\/><\/figure>\n<\/div>\n\n\n<p><em>V tomto k\u00e1z\u00e1n\u00ed zn\u00e1m\u00fd pastor, teolog a mystik Howard Thurman (1900-1981) popisuje v\u00edru hebrejsk\u00fdch prorok\u016f:<\/em><\/p>\n\n\n\n<p><\/p>\n\n\n\n<h4 class=\"wp-block-heading\">Proroci byli v\u00a0 Izraeli zapojeni do spole\u010densk\u00e9ho hnut\u00ed<\/h4>\n\n\n\n<p>Proroci Izraele byli \u00fazce spjati s hnut\u00edm doby, v n\u00ed\u017e \u017eili. Byli zapojeni do spole\u010densk\u00e9ho d\u011bn\u00ed, co\u017e je velmi d\u016fle\u017eit\u00e9 si uv\u011bdomit. Interpretovali Izrael a jeho vztah k Bohu &#8230; jako prim\u00e1rn\u00ed a osobn\u00ed smluvn\u00ed vztah. A je velmi d\u016fle\u017eit\u00e9 m\u00edt na pam\u011bti, \u017ee z d\u016fvod\u016f, kter\u00e9 dodnes nedok\u00e1\u017eeme zcela pochopit, se tato skupina lid\u00ed n\u011bjak\u00fdm zvl\u00e1\u0161tn\u00edm a fascinuj\u00edc\u00edm, a p\u0159esto z\u00e1zra\u010dn\u00fdm zp\u016fsobem pova\u017eovala za [v] n\u011bjak\u00e9m p\u016fvodn\u011b jedine\u010dn\u00e9m vztahu se Stvo\u0159itelem sv\u00e9ho vlastn\u00edho \u017eivota a sv\u00e9ho mal\u00e9ho sv\u011bta a sv\u00e9ho mal\u00e9ho st\u00e1tu&#8230;.<\/p>\n\n\n\n<h4 class=\"wp-block-heading\">B\u016fh je uvnit\u0159 historick\u00e9ho procesu<\/h4>\n\n\n\n<p>Nyn\u00ed je z\u00e1kladem tohoto pojet\u00ed &#8230; filozofie, jej\u00ed\u017e \u010dten\u00ed \u0159\u00edk\u00e1, \u017ee B\u016fh je uvnit\u0159 historick\u00e9ho procesu: \u017ee [B\u016fh] nen\u00ed mimo n\u011bj a nemanipuluje s n\u00edm nebo si ho nev\u0161\u00edm\u00e1.<\/p>\n\n\n\n<p>Proroci vid\u00ed Boha jako aktivn\u011b zapojen\u00e9ho do na\u0161ich \u017eivot\u016f a Thurman n\u00e1s vyz\u00fdv\u00e1, abychom na tuto dynamickou intimitu reagovali:<\/p>\n\n\n\n<h4 class=\"wp-block-heading\">Jak \u017eijete sv\u016fj \u017eivot? D\u00e1 se s n\u00edm n\u011bco d\u011blat? Jste v dobrovoln\u00e9 izolaci?<\/h4>\n\n\n\n<p>Jak interpretujete ud\u00e1losti sv\u00e9ho \u017eivota? Jak je pom\u011b\u0159ujete? \u017dijete sv\u016fj \u017eivot na z\u00e1klad\u011b toho, \u017ee v\u0161e, co je pro v\u00e1s a co d\u011bl\u00e1te, je zabaleno do pohybu, izolovan\u00e9ho, ohrani\u010den\u00e9ho pohybu, tepu va\u0161eho mal\u00e9ho \u017eivota? Pokud ano, pak v\u00edte, ch\u00e1pete, \u017ee samotn\u00e1 povaha \u017eivota je takov\u00e1, \u017ee je pevn\u011b dan\u00e1&#8230; je hotov\u00e1, je \u00fapln\u00e1, a vy v\u00edte, \u017ee stejn\u011b nem\u016f\u017eete s ni\u010d\u00edm nic ud\u011blat, tak\u017ee to nezkou\u0161\u00edte&#8230;..<\/p>\n\n\n\n<h4 class=\"wp-block-heading\">Ka\u017ed\u00fd lidsk\u00fd \u017eivot se v\u017edy odehr\u00e1v\u00e1 v&nbsp;kontextu \u0161irok\u00fdch mo\u017enost\u00ed<\/h4>\n\n\n\n<p>Nyn\u00ed existuje je\u0161t\u011b jeden pohled, a to pohled proroka. A ten spo\u010d\u00edv\u00e1 v tom, \u017ee lidsk\u00fd \u017eivot, stejn\u011b jako \u017eivot n\u00e1rod\u016f, se odehr\u00e1v\u00e1 v kontextu, kter\u00fd je dynamick\u00fd. \u017de v\u017edy, kdy\u017e jsem v p\u0159\u00edtomnosti n\u011bjak\u00e9 ud\u00e1losti, jsem zachycen p\u0159i setk\u00e1n\u00ed s \u0159adou potenci\u00e1l\u016f, kter\u00e9 se rozprost\u00edraj\u00ed do nej\u0161ir\u0161\u00edch mo\u017en\u00fdch sm\u011br\u016f a s nej\u00fa\u017easn\u011bj\u0161\u00ed variabilitou. Tak\u017ee pokud jsem v p\u0159\u00edtomnosti ud\u00e1losti bd\u011bl\u00fd, sna\u017e\u00edm se s ud\u00e1lost\u00ed zach\u00e1zet nejen z hlediska toho, co \u0159\u00edk\u00e1, jak vypad\u00e1, ale z hlediska toho, co se mi zd\u00e1 b\u00fdt dynamikou ud\u00e1losti, potenci\u00e1ly ud\u00e1losti.<\/p>\n\n\n\n<h4 class=\"wp-block-heading\">Je v\u00e1\u0161 \u017eivot zapojen do dynamiky \u017divota?<\/h4>\n\n\n\n<p>Zab\u00fdv\u00e1te se ud\u00e1lostmi sv\u00e9ho \u017eivota t\u00edmto zp\u016fsobem? V\u011b\u0159\u00edte, \u017ee \u017eivot je skute\u010dn\u011b dynamick\u00fd? \u017de je\u0161t\u011b nen\u00ed zcela dokon\u010den? \u017de nejen\u017ee jste st\u00e1le zapojeni do krou\u017e\u00edc\u00ed \u0159ady potenci\u00e1l\u016f, ale \u017ee jste potenci\u00e1lem. Vy, potenci\u00e1l. A \u017e\u00e1dn\u00e9 \u010dasov\u00e9 p\u00e1smo, \u017e\u00e1dn\u00fd \u010dasov\u00fd interval nen\u00ed schopen zcela pojmout v\u00e1s a dynamiku va\u0161eho \u017eivota a va\u0161\u00ed situace. V\u011b\u0159\u00edte tomu?<\/p>\n\n\n\n<p><em>Translated with www.DeepL.com\/Translator (free version), mezinadpisy si dovolil vlo\u017eit p\u0159ekladatel<\/em><\/p>\n\n\n\n<h6 class=\"wp-block-heading\">Prameny:<\/h6>\n\n\n\n<p>Howard Thurman, \u201cThe Message of Isaiah II,\u201d June 22, 1952, in <em>Moral Struggle and the Prophets<\/em>, ed. Peter Eisenstadt and Walter Earl Fluker (Maryknoll, NY: Orbis Books, 2020), 156, 157, 158\u2013159.<\/p>\n\n\n\n<p><strong>Image credit: <\/strong>Jenna Keiper, <em>Untitled Bosque<\/em> (detail), New Mexico, photograph, used with permission. Benjamin Yazza, <em>Untitled 10<\/em> (detail), New Mexico, photograph, used with permission.<em>This year\u2019s images are inspired in form by the 2023 Daily Meditation theme. This week\u2019s main photo takes up most of the image, but we also see a sliver of the image for next week: the next step on our journey.&nbsp;<\/em><a href=\"https:\/\/email.cac.org\/t\/d-l-zjujtld-tlkrhyidn-y\/\">Click here to enlarge image<\/a>.<\/p>\n","protected":false},"excerpt":{"rendered":"<p> V\u011b\u0159\u00edte, \u017ee \u017eivot je skute\u010dn\u011b dynamick\u00fd? \u017de je\u0161t\u011b nen\u00ed zcela dokon\u010den? \u017de nejen\u017ee jste st\u00e1le zapojeni do krou\u017e\u00edc\u00ed \u0159ady potenci\u00e1l\u016f, ale \u017ee jste potenci\u00e1lem. Vy, potenci\u00e1l. A \u017e\u00e1dn\u00e9 \u010dasov\u00e9 p\u00e1smo, \u017e\u00e1dn\u00fd \u010dasov\u00fd interval nen\u00ed schopen zcela pojmout v\u00e1s a dynamiku va\u0161eho \u017eivota a va\u0161\u00ed situace. V\u011b\u0159\u00edte tomu?<\/p>\n","protected":false},"author":1,"featured_media":5902,"comment_status":"open","ping_status":"open","sticky":false,"template":"","format":"standard","meta":{"footnotes":""},"categories":[198],"tags":[873,374,872],"class_list":["post-5920","post","type-post","status-publish","format-standard","has-post-thumbnail","hentry","category-richard-rohr-ofm-centrum-pro-zivot-a-rozjimani","tag-dynamika-zivota","tag-proroci","tag-zivot-2","latest_post"],"_links":{"self":[{"href":"https:\/\/www.frantiskani.cz\/index.php\/wp-json\/wp\/v2\/posts\/5920","targetHints":{"allow":["GET"]}}],"collection":[{"href":"https:\/\/www.frantiskani.cz\/index.php\/wp-json\/wp\/v2\/posts"}],"about":[{"href":"https:\/\/www.frantiskani.cz\/index.php\/wp-json\/wp\/v2\/types\/post"}],"author":[{"embeddable":true,"href":"https:\/\/www.frantiskani.cz\/index.php\/wp-json\/wp\/v2\/users\/1"}],"replies":[{"embeddable":true,"href":"https:\/\/www.frantiskani.cz\/index.php\/wp-json\/wp\/v2\/comments?post=5920"}],"version-history":[{"count":2,"href":"https:\/\/www.frantiskani.cz\/index.php\/wp-json\/wp\/v2\/posts\/5920\/revisions"}],"predecessor-version":[{"id":5922,"href":"https:\/\/www.frantiskani.cz\/index.php\/wp-json\/wp\/v2\/posts\/5920\/revisions\/5922"}],"wp:featuredmedia":[{"embeddable":true,"href":"https:\/\/www.frantiskani.cz\/index.php\/wp-json\/wp\/v2\/media\/5902"}],"wp:attachment":[{"href":"https:\/\/www.frantiskani.cz\/index.php\/wp-json\/wp\/v2\/media?parent=5920"}],"wp:term":[{"taxonomy":"category","embeddable":true,"href":"https:\/\/www.frantiskani.cz\/index.php\/wp-json\/wp\/v2\/categories?post=5920"},{"taxonomy":"post_tag","embeddable":true,"href":"https:\/\/www.frantiskani.cz\/index.php\/wp-json\/wp\/v2\/tags?post=5920"}],"curies":[{"name":"wp","href":"https:\/\/api.w.org\/{rel}","templated":true}]}}