{"id":5924,"date":"2023-01-06T08:58:37","date_gmt":"2023-01-06T07:58:37","guid":{"rendered":"https:\/\/www.frantiskani.cz\/?p=5924"},"modified":"2023-01-06T08:58:59","modified_gmt":"2023-01-06T07:58:59","slug":"osvobozujici-cesta","status":"publish","type":"post","link":"https:\/\/www.frantiskani.cz\/index.php\/2023\/01\/06\/osvobozujici-cesta\/","title":{"rendered":"Osvobozuj\u00edc\u00ed cesta&nbsp;&nbsp;&nbsp;&nbsp;&nbsp;&nbsp;&nbsp;"},"content":{"rendered":"\n<h6 class=\"wp-block-heading\">Prvn\u00ed t\u00fdden: Prorock\u00e1 cesta<\/h6>\n\n\n\n<p><em>Rab\u00edn Nahum Ward-Lev je autor a u\u010ditel, kter\u00fd se hluboce zam\u00fd\u0161l\u00ed nad osvobozuj\u00edc\u00ed a uzdravuj\u00edc\u00ed cestou prorok\u016f. P\u00ed\u0161e:<\/em><\/p>\n\n\n\n<h4 class=\"wp-block-heading\">Proroci vyz\u00fdvaj\u00ed k\u00a0 n\u00e1vratu do spr\u00e1vn\u00fdch vztah\u016f<\/h4>\n\n\n<div class=\"wp-block-image is-style-rounded\">\n<figure class=\"alignleft size-full is-resized\"><img loading=\"lazy\" decoding=\"async\" src=\"data:image\/gif;base64,R0lGODlhAQABAAAAACH5BAEKAAEALAAAAAABAAEAAAICTAEAOw==\" data-layzr=\"https:\/\/www.frantiskani.cz\/wp-content\/uploads\/2023\/01\/023-1Rabbi-Nahum-Ward-Lev.jpg\" alt=\"Nahum Ward-Lev\" class=\"wp-image-5925\" width=\"66\" height=\"99\"\/><\/figure>\n<\/div>\n\n\n<p>V prorock\u00e9m sv\u011bton\u00e1zoru B\u016fh podporuje p\u00e1d vp\u0159ed, riskantn\u00ed omyly a p\u0159ekra\u010dov\u00e1n\u00ed hranic v z\u00e1jmu r\u016fstu v\u011bdom\u00ed a vztah\u016f. Proroci vn\u00edmaj\u00ed Boha jako toho, kdo dod\u00e1v\u00e1 energii t\u00e9to cest\u011b, o\u017eivuje v\u0161echny formy \u017eivota, aby p\u0159in\u00e1\u0161ely nov\u00e9 cesty a zkoumaly nov\u00e9 vztahy. Proroci tak\u00e9 u\u010d\u00ed, \u017ee B\u016fh nab\u00edz\u00ed lidem odpu\u0161t\u011bn\u00ed, kdy\u017e jejich dobrodru\u017estv\u00ed sejde z cesty, kdy\u017e se chovaj\u00ed zp\u016fsobem, kter\u00fd zrazuje jejich p\u0159\u00e1telstv\u00ed s bli\u017en\u00edmi a s Bohem. B\u016fh prorok\u016f neust\u00e1le vyz\u00fdv\u00e1 zbloudil\u00fd lid k n\u00e1vratu do spr\u00e1vn\u00fdch vztah\u016f, aby mohl b\u00fdt uzdraven z n\u00e1sledk\u016f sv\u00fdch chyb: &#8222;<em>Jist\u011b, takto prav\u00ed \u017div\u00e1 P\u0159\u00edtomnost: Kdy\u017e se vr\u00e1t\u00edte, p\u0159ivedu v\u00e1s zp\u011bt a budete st\u00e1t p\u0159ede mnou, a kdy\u017e vyjmete vz\u00e1cn\u00e9 z hnusn\u00e9ho, budete jako m\u00e1 \u00fasta&#8220; (Jeremi\u00e1\u0161 15,19).<\/em><\/p>\n\n\n\n<h4 class=\"wp-block-heading\">Proroci pom\u00e1haj\u00ed hledat sm\u011br cesty<\/h4>\n\n\n\n<p>Prorock\u00fd proud podporuje u\u010den\u00ed, v\u00fdvoj \u017eivota sm\u011brem k v\u011bt\u0161\u00edmu v\u011bdom\u00ed a ka\u017ed\u00e9 hnut\u00ed ke spravedlnosti a komunitn\u00edmu blahu. Prorock\u00fd proud z\u00e1rove\u0148 nab\u00edz\u00ed l\u00e9\u010div\u00e9 vody, kdy\u017e si uv\u011bdom\u00edme sv\u00e9 chyby, o\u010distn\u00e9 vody, kter\u00e9 n\u00e1m umo\u017e\u0148uj\u00ed pou\u010dit se ze sv\u00fdch chyb a posunout se vp\u0159ed&#8230;.. V\u0161e, co pot\u0159ebujeme vn\u00edmat, je sm\u011br cesty &#8211; ke vz\u00e1jemn\u00e9mu vztahu &#8211; a dal\u0161\u00ed krok v tomto sm\u011bru&#8230;..<\/p>\n\n\n\n<h4 class=\"wp-block-heading\">Proroci pom\u00e1haj\u00ed p\u0159ekonat chyby<\/h4>\n\n\n\n<p>Proroci, starov\u011bc\u00ed i modern\u00ed, mi pomohli nau\u010dit se kr\u00e1\u010det k osvobozen\u00ed. I s jejich pomoc\u00ed je m\u016fj krok n\u00e1ro\u010dn\u00fd a nejist\u00fd. Jejich p\u0159\u00edklad mi v\u0161ak dodal &#8211; a m\u016f\u017ee dodat odvahu n\u00e1m v\u0161em &#8211; riskovat a ct\u00edt chyby, kdy\u017e se sna\u017e\u00edme nau\u010dit se j\u00edt kup\u0159edu. D\u00edky tomuto u\u010den\u00ed m\u016f\u017eeme ud\u011blat dal\u0161\u00ed krok na cest\u011b osvobozen\u00ed.<\/p>\n\n\n<div class=\"wp-block-image is-style-rounded\">\n<figure class=\"alignleft size-full is-resized\"><img loading=\"lazy\" decoding=\"async\" src=\"data:image\/gif;base64,R0lGODlhAQABAAAAACH5BAEKAAEALAAAAAABAAEAAAICTAEAOw==\" data-layzr=\"https:\/\/www.frantiskani.cz\/wp-content\/uploads\/2022\/02\/illa-Delioo-Frannescano.jpg\" alt=\"Ilia Delio\" class=\"wp-image-3551\" width=\"60\" height=\"60\"\/><\/figure>\n<\/div>\n\n\n<p><em>Podle teolo\u017eky a franti\u0161k\u00e1nsk\u00e9 sestry Ilie Delio n\u00e1m kontemplace jedine\u010dn\u00fdm zp\u016fsobem umo\u017e\u0148uje vydat se na takovou prom\u011b\u0148uj\u00edc\u00ed cestu.<\/em><\/p>\n\n\n\n<h4 class=\"wp-block-heading\">Sv\u011bt m\u011bn\u00edme t\u00edm, \u017ee m\u011bn\u00edme sami sebe<\/h4>\n\n\n\n<p>Abychom parafr\u00e1zovali Steva Jobse [1955-2011], jsou to bl\u00e1zni, kte\u0159\u00ed si mysl\u00ed, \u017ee mohou zm\u011bnit sv\u011bt, kulat\u00e9 kol\u00edky v hranat\u00fdch d\u00edr\u00e1ch, kte\u0159\u00ed to ve skute\u010dnosti d\u011blaj\u00ed, proto\u017ee vid\u00ed v\u011bci jinak. Pokud vid\u00edte to, co je\u0161t\u011b neexistuje, a jedn\u00e1te podle toho, co vid\u00edte, budete pravd\u011bpodobn\u011b pova\u017eov\u00e1ni za trochu bl\u00e1zniv\u00e9, vybo\u010duj\u00edc\u00ed ze st\u0159edu, nep\u0159izp\u016fsobiv\u00e9 nebo rebeluj\u00edc\u00ed. Pokud v\u0161ak z\u016fstanete v\u011brn\u00ed tomu, co vid\u00edte, proto\u017ee Bo\u017e\u00ed moc je sv\u011btlem va\u0161eho vid\u011bn\u00ed, pak zm\u011bn\u00edte sv\u011bt, proto\u017ee se zm\u011bn\u00edte vy sami. Sv\u00fdm vlastn\u00edm prom\u011bn\u011bn\u00fdm byt\u00edm v l\u00e1sce uvedete novou realitu. V\u011b\u0159\u00edm, \u017ee toto je j\u00e1dro k\u0159es\u0165ansk\u00e9ho u\u010dednictv\u00ed.<\/p>\n\n\n\n<h4 class=\"wp-block-heading\">Kontemplativn\u00ed vize je srdcem k\u0159es\u0165ansk\u00e9ho \u017eivota<\/h4>\n\n\n\n<p>Souhrnn\u011b \u0159e\u010deno, kontemplativn\u00ed vize je srdcem k\u0159es\u0165ansk\u00e9ho \u017eivota, d\u00edky n\u011bmu\u017e jsme uvedeni do nov\u00e9 reality, spojeni srdcem s cel\u00fdm \u017eivotem, nalad\u011bni na hlub\u0161\u00ed inteligenci p\u0159\u00edrody a neodolateln\u011b povol\u00e1ni Duchem, abychom tvo\u0159iv\u011b vyj\u00e1d\u0159ili sv\u00e9 dary ve v\u00fdvoji sebe a sv\u011bta.<\/p>\n\n\n\n<p><em>Translated with www.DeepL.com\/Translator (free version), mezinapisy si dovolil vlo\u017eit p\u0159ekladatel<\/em><\/p>\n","protected":false},"excerpt":{"rendered":"<p>Souhrnn\u011b \u0159e\u010deno, kontemplativn\u00ed vize je srdcem k\u0159es\u0165ansk\u00e9ho \u017eivota, d\u00edky n\u011bmu\u017e jsme uvedeni do nov\u00e9 reality, spojeni srdcem s cel\u00fdm \u017eivotem, nalad\u011bni na hlub\u0161\u00ed inteligenci p\u0159\u00edrody a neodolateln\u011b povol\u00e1ni Duchem, abychom tvo\u0159iv\u011b vyj\u00e1d\u0159ili sv\u00e9 dary ve v\u00fdvoji sebe a sv\u011bta.<\/p>\n","protected":false},"author":1,"featured_media":5902,"comment_status":"open","ping_status":"open","sticky":false,"template":"","format":"standard","meta":{"footnotes":""},"categories":[198],"tags":[875,401,374],"class_list":["post-5924","post","type-post","status-publish","format-standard","has-post-thumbnail","hentry","category-richard-rohr-ofm-centrum-pro-zivot-a-rozjimani","tag-cesta","tag-kontemplace","tag-proroci","latest_post"],"_links":{"self":[{"href":"https:\/\/www.frantiskani.cz\/index.php\/wp-json\/wp\/v2\/posts\/5924","targetHints":{"allow":["GET"]}}],"collection":[{"href":"https:\/\/www.frantiskani.cz\/index.php\/wp-json\/wp\/v2\/posts"}],"about":[{"href":"https:\/\/www.frantiskani.cz\/index.php\/wp-json\/wp\/v2\/types\/post"}],"author":[{"embeddable":true,"href":"https:\/\/www.frantiskani.cz\/index.php\/wp-json\/wp\/v2\/users\/1"}],"replies":[{"embeddable":true,"href":"https:\/\/www.frantiskani.cz\/index.php\/wp-json\/wp\/v2\/comments?post=5924"}],"version-history":[{"count":2,"href":"https:\/\/www.frantiskani.cz\/index.php\/wp-json\/wp\/v2\/posts\/5924\/revisions"}],"predecessor-version":[{"id":5927,"href":"https:\/\/www.frantiskani.cz\/index.php\/wp-json\/wp\/v2\/posts\/5924\/revisions\/5927"}],"wp:featuredmedia":[{"embeddable":true,"href":"https:\/\/www.frantiskani.cz\/index.php\/wp-json\/wp\/v2\/media\/5902"}],"wp:attachment":[{"href":"https:\/\/www.frantiskani.cz\/index.php\/wp-json\/wp\/v2\/media?parent=5924"}],"wp:term":[{"taxonomy":"category","embeddable":true,"href":"https:\/\/www.frantiskani.cz\/index.php\/wp-json\/wp\/v2\/categories?post=5924"},{"taxonomy":"post_tag","embeddable":true,"href":"https:\/\/www.frantiskani.cz\/index.php\/wp-json\/wp\/v2\/tags?post=5924"}],"curies":[{"name":"wp","href":"https:\/\/api.w.org\/{rel}","templated":true}]}}