{"id":5931,"date":"2023-01-07T08:49:52","date_gmt":"2023-01-07T07:49:52","guid":{"rendered":"https:\/\/www.frantiskani.cz\/?p=5931"},"modified":"2023-01-07T08:49:57","modified_gmt":"2023-01-07T07:49:57","slug":"prorocka-cesta","status":"publish","type":"post","link":"https:\/\/www.frantiskani.cz\/index.php\/2023\/01\/07\/prorocka-cesta\/","title":{"rendered":"&nbsp;Prorock\u00e1 cesta&nbsp;&nbsp;&nbsp;&nbsp;"},"content":{"rendered":"\n<h6 class=\"wp-block-heading\">&nbsp;Shrnut\u00ed prvn\u00edho t\u00fddne &nbsp;1. ledna &#8211; 6. ledna 2023&nbsp;&nbsp;&nbsp;&nbsp;&nbsp;&nbsp;&nbsp;&nbsp;&nbsp;&nbsp;&nbsp;&nbsp;<\/h6>\n\n\n\n<h4 class=\"wp-block-heading\">Ned\u011ble<\/h4>\n\n\n\n<p>V\u011bt\u0161ina z n\u00e1s byla nau\u010dena vn\u00edmat k\u0159es\u0165anstv\u00ed nikoliv jako prorockou cestu, ale jako sout\u011b\u017e, kter\u00e1 okam\u017eit\u011b r\u00e1muje realitu v pojmech v\u00fdhra-prohra, v\u00edt\u011bzov\u00e9 a pora\u017een\u00ed. Prorock\u00e1 cesta \u0159\u00edk\u00e1, \u017ee existuje zp\u016fsob sm\u011b\u0159ov\u00e1n\u00ed k v\u00edt\u011bzstv\u00ed, kter\u00fd zahrnuje i prohru. Nevylu\u010duje ji. -Richard Rohr<\/p>\n\n\n\n<h4 class=\"wp-block-heading\">Pond\u011bl\u00ed<\/h4>\n\n\n\n<p>Proroci zachov\u00e1vali Bo\u017e\u00ed slovo pozemsk\u00e9. Zachov\u00e1vali ho v celistvosti. Zachov\u00e1vali ho skute\u010dn\u00e9. Nedovolili n\u00e1m odd\u011blit zemi od nebe. D\u00e1vali nebe a zemi dohromady a \u0159\u00edkali: &#8222;V\u0161echno je to jedno&#8220;. -Richard Rohr<\/p>\n\n\n\n<h4 class=\"wp-block-heading\">\u00dater\u00fd<\/h4>\n\n\n\n<p>Je zaj\u00edmav\u00e9, \u017ee Pavel uv\u00e1d\u00ed proroctv\u00ed jako druh\u00fd nejd\u016fle\u017eit\u011bj\u0161\u00ed z dar\u016f Ducha. P\u0159esto si mysl\u00edm, \u017ee m\u016f\u017eeme s jistotou \u0159\u00edci, \u017ee v\u011bt\u0161ina z n\u00e1s vyrostla v domn\u011bn\u00ed, \u017ee proroctv\u00ed je n\u011bco, co existovalo v minulosti, ale nem\u00e1 \u017e\u00e1dn\u00fd sou\u010dasn\u00fd v\u00fdznam nebo smysl. Opravdu jsme ne\u010dekali, \u017ee se s n\u011bjak\u00fdmi proroky setk\u00e1me. -Richard Rohr<\/p>\n\n\n\n<h4 class=\"wp-block-heading\">St\u0159eda<\/h4>\n\n\n\n<p>A\u010dkoli je mnoho prorok\u016f v Bibli p\u0159edstavov\u00e1no jako jednotliv\u00ed nositel\u00e9 Bo\u017e\u00edho slova, \u010dasto existovalo spole\u010denstv\u00ed dal\u0161\u00edch prorok\u016f, z n\u011bho\u017e poch\u00e1zeli nebo s n\u00edm\u017e byli spojeni. A kdo je tedy va\u0161e spole\u010denstv\u00ed? -Barbara A. Holmes<\/p>\n\n\n\n<h4 class=\"wp-block-heading\">\u010ctvrtek<\/h4>\n\n\n\n<p>V\u011b\u0159\u00edte, \u017ee \u017eivot je skute\u010dn\u011b dynamick\u00fd? \u017de je\u0161t\u011b nen\u00ed zcela dokon\u010den? \u017de nejen\u017ee jste st\u00e1le zapojeni do krou\u017e\u00edc\u00ed \u0159ady potenci\u00e1l\u016f, ale \u017ee jste potenci\u00e1lem. Vy, potenci\u00e1l. V\u011b\u0159\u00edte tomu? -Howard Thurman<\/p>\n\n\n\n<h4 class=\"wp-block-heading\">P\u00e1tek<\/h4>\n\n\n\n<p>Prorock\u00fd proud podporuje u\u010den\u00ed, v\u00fdvoj \u017eivota sm\u011brem k vy\u0161\u0161\u00edmu v\u011bdom\u00ed a ka\u017ed\u00e9 hnut\u00ed ke spravedlnosti a komunitn\u00edmu blahu. -Nahum Ward-Lev&nbsp;&nbsp;&nbsp;&nbsp;&nbsp;&nbsp;&nbsp;&nbsp;&nbsp;&nbsp;&nbsp;<\/p>\n\n\n\n<h2 class=\"wp-block-heading\">Po\u0161lete n\u00e1m proroky<\/h2>\n\n\n\n<h6 class=\"wp-block-heading\">Praxe prvn\u00edho t\u00fddne&nbsp;&nbsp;&nbsp;&nbsp;<\/h6>\n\n\n\n<p>&nbsp;<em>&nbsp;&nbsp;&nbsp;&nbsp;&nbsp;&nbsp;&nbsp;&nbsp;&nbsp;&nbsp;&nbsp;&nbsp;&nbsp;&nbsp; &#8222;Po\u0161lu jim proroky,&#8220; \u0159\u00edk\u00e1 Bo\u017e\u00ed Moudrost, &#8222;ale oni je zabij\u00ed a potom jim postav\u00ed pomn\u00edky.&#8220; &#8222;Proroci jsou proroci,&#8220; \u0159\u00edk\u00e1 Bo\u017e\u00ed Moudrost. -Na z\u00e1klad\u011b Luk\u00e1\u0161e 11,47.49.<\/em><\/p>\n\n\n\n<h5 class=\"wp-block-heading\">Spole\u010dn\u011b pros\u00edme<\/h5>\n\n\n\n<p>Spole\u010dn\u011b pros\u00edme o odvahu pro ka\u017ed\u00e9ho z n\u00e1s, abychom dnes i v p\u0159\u00ed\u0161t\u00edch dnech p\u0159istupovali k prorock\u00e9 cest\u011b:<\/p>\n\n\n\n<h4 class=\"wp-block-heading\">B\u016fh velk\u00e9ho pohledu<\/h4>\n\n\n\n<p>My lid\u00e9 d\u00e1v\u00e1me p\u0159ednost uspokojuj\u00edc\u00ed nepravd\u011b p\u0159ed Pravdou, kter\u00e1 je obvykle neuspokojiv\u00e1.<\/p>\n\n\n\n<p>Pravda je pro n\u00e1s v\u017edy p\u0159\u00edli\u0161 velk\u00e1, a my jsme tak mal\u00ed a boj\u00edme se.<\/p>\n\n\n\n<p>Proto n\u00e1m pos\u00edl\u00e1\u0161 proroky a mluv\u010d\u00ed Pravdy, aby n\u00e1m otev\u0159eli o\u010di a u\u0161i pro Tv\u016fj Velk\u00fd obraz.<\/p>\n\n\n\n<p>Uka\u017e n\u00e1m, jak je sly\u0161et, jak je podpo\u0159it,&nbsp; a jak interpretovat jejich moudrost.<\/p>\n\n\n\n<p>Pomoz n\u00e1m d\u016fv\u011b\u0159ovat, \u017ee Tv\u016fj prorock\u00fd hlas m\u016f\u017ee b\u00fdt sd\u011blov\u00e1n i na\u0161imi slovy a \u010diny.<\/p>\n\n\n\n<p>K\u00e9\u017e se cvi\u010d\u00edme v duchu rozli\u0161ov\u00e1n\u00ed a postoj pokory,<\/p>\n\n\n\n<p>aby byla vyslovov\u00e1na Tv\u00e1 pravda, a ne na\u0161e vlastn\u00ed.<\/p>\n\n\n\n<p>Pros\u00edme o to ve jm\u00e9nu Je\u017e\u00ed\u0161e Proroka, kter\u00e9ho jsme tak\u00e9 zabili a v\u017edycky budeme zab\u00edjet<\/p>\n\n\n\n<p>Ve jm\u00e9nu na\u0161ich mal\u00fdch pravd.<\/p>\n\n\n\n<p>Pomoz n\u00e1m, nebo\u0165 tou\u017e\u00edme m\u00edt pod\u00edl na Tv\u00e9m Velk\u00e9m pohledu. Amen.<\/p>\n\n\n\n<p><em>Translated with www.DeepL.com\/Translator (free version),mezinadpisy si dovolil vlo\u017eit p\u0159ekladatel<\/em><\/p>\n\n\n\n<h6 class=\"wp-block-heading\">Prameny:<\/h6>\n\n\n\n<p>\u201cGod of the Great Gaze,\u201d prayer from <a href=\"https:\/\/email.cac.org\/t\/d-l-zjujtky-itiuujuudy-k\/\"><em>Prophets Then, Prophets Now<\/em><\/a>, conference, July 2006 Center for Action and Contemplation. Conference teachings by Joan Chittister and Richard Rohr available as MP3 download.<\/p>\n\n\n\n<p><strong>Image:&nbsp;<\/strong>Jenna Keiper, <em>Untitled Bosque<\/em> (detail), New Mexico, photograph, used with permission. Benjamin Yazza, <em>Untitled 10<\/em> (detail), New Mexico, photograph, used with permission. <em>This year\u2019s images are inspired in form by the 2023 Daily Meditation theme. This week\u2019s main photo takes up most of the image, but we also see a sliver of the image for next week: the next step on our journey. <\/em><a href=\"https:\/\/email.cac.org\/t\/d-l-zjujtky-itiuujuudy-u\/\">Click here to enlarge image<\/a>.<\/p>\n","protected":false},"excerpt":{"rendered":"<p>My lid\u00e9 d\u00e1v\u00e1me p\u0159ednost uspokojuj\u00edc\u00ed nepravd\u011b p\u0159ed Pravdou, kter\u00e1 je obvykle neuspokojiv\u00e1.<\/p>\n<p>Pravda je pro n\u00e1s v\u017edy p\u0159\u00edli\u0161 velk\u00e1, a my jsme tak mal\u00ed a boj\u00edme se.<\/p>\n<p>Proto n\u00e1m pos\u00edl\u00e1\u0161 proroky a mluv\u010d\u00ed Pravdy, aby n\u00e1m otev\u0159eli o\u010di a u\u0161i pro Tv\u016fj Velk\u00fd obraz.<\/p>\n<p>Uka\u017e n\u00e1m, jak je sly\u0161et, jak je podpo\u0159it,\u00a0 a jak interpretovat jejich moudrost.<\/p>\n<p>Pomoz n\u00e1m d\u016fv\u011b\u0159ovat, \u017ee Tv\u016fj prorock\u00fd hlas m\u016f\u017ee b\u00fdt sd\u011blov\u00e1n i na\u0161imi slovy a \u010diny.<\/p>\n<p>K\u00e9\u017e se cvi\u010d\u00edme v duchu rozli\u0161ov\u00e1n\u00ed a postoj pokory,<\/p>\n","protected":false},"author":1,"featured_media":5902,"comment_status":"open","ping_status":"open","sticky":false,"template":"","format":"standard","meta":{"footnotes":""},"categories":[198],"tags":[727,374,876],"class_list":["post-5931","post","type-post","status-publish","format-standard","has-post-thumbnail","hentry","category-richard-rohr-ofm-centrum-pro-zivot-a-rozjimani","tag-pravda","tag-proroci","tag-slyset","latest_post"],"_links":{"self":[{"href":"https:\/\/www.frantiskani.cz\/index.php\/wp-json\/wp\/v2\/posts\/5931","targetHints":{"allow":["GET"]}}],"collection":[{"href":"https:\/\/www.frantiskani.cz\/index.php\/wp-json\/wp\/v2\/posts"}],"about":[{"href":"https:\/\/www.frantiskani.cz\/index.php\/wp-json\/wp\/v2\/types\/post"}],"author":[{"embeddable":true,"href":"https:\/\/www.frantiskani.cz\/index.php\/wp-json\/wp\/v2\/users\/1"}],"replies":[{"embeddable":true,"href":"https:\/\/www.frantiskani.cz\/index.php\/wp-json\/wp\/v2\/comments?post=5931"}],"version-history":[{"count":1,"href":"https:\/\/www.frantiskani.cz\/index.php\/wp-json\/wp\/v2\/posts\/5931\/revisions"}],"predecessor-version":[{"id":5932,"href":"https:\/\/www.frantiskani.cz\/index.php\/wp-json\/wp\/v2\/posts\/5931\/revisions\/5932"}],"wp:featuredmedia":[{"embeddable":true,"href":"https:\/\/www.frantiskani.cz\/index.php\/wp-json\/wp\/v2\/media\/5902"}],"wp:attachment":[{"href":"https:\/\/www.frantiskani.cz\/index.php\/wp-json\/wp\/v2\/media?parent=5931"}],"wp:term":[{"taxonomy":"category","embeddable":true,"href":"https:\/\/www.frantiskani.cz\/index.php\/wp-json\/wp\/v2\/categories?post=5931"},{"taxonomy":"post_tag","embeddable":true,"href":"https:\/\/www.frantiskani.cz\/index.php\/wp-json\/wp\/v2\/tags?post=5931"}],"curies":[{"name":"wp","href":"https:\/\/api.w.org\/{rel}","templated":true}]}}