{"id":5938,"date":"2023-01-08T09:04:00","date_gmt":"2023-01-08T08:04:00","guid":{"rendered":"https:\/\/www.frantiskani.cz\/?p=5938"},"modified":"2023-01-08T09:04:04","modified_gmt":"2023-01-08T08:04:04","slug":"pocatecni-konverze","status":"publish","type":"post","link":"https:\/\/www.frantiskani.cz\/index.php\/2023\/01\/08\/pocatecni-konverze\/","title":{"rendered":"Po\u010d\u00e1te\u010dn\u00ed konverze&nbsp;&nbsp;&nbsp;&nbsp;&nbsp;"},"content":{"rendered":"\n<h6 class=\"wp-block-heading\">Druh\u00fd t\u00fdden: Reakce na vol\u00e1n\u00ed<\/h6>\n\n\n\n<p><em>Otec Richard Rohr popisuje d\u016fv\u011bru, kter\u00e1 charakterizuje hlas prorok\u016f:<\/em><\/p>\n\n\n\n<h4 class=\"wp-block-heading\">Povol\u00e1n\u00ed prorok\u016f<\/h4>\n\n\n\n<p>Proroky charakterizuje &#8211; a pro n\u00e1s ostatn\u00ed je to st\u00e1le je\u0161t\u011b trochu \u0161ok &#8211; nesm\u00edrn\u00e1 sebed\u016fv\u011bra, \u017ee mluv\u00ed za Boha. Odkud se to bere? Jak si mohou b\u00fdt tak jist\u00ed? &#8222;Tak prav\u00ed Hospodin,&#8220; za\u010d\u00ednaj\u00ed a &#8222;Sly\u0161te Hospodinovo slovo&#8220;. Popisuj\u00ed sv\u00e9 povol\u00e1n\u00ed, a kdy\u017e se pod\u00edv\u00e1me na obr\u00e1cen\u00ed Izai\u00e1\u0161e nebo Jeremi\u00e1\u0161e, nebo dokonce Moj\u017e\u00ed\u0161e, kter\u00fd byl naz\u00fdv\u00e1n prvn\u00edm z prorok\u016f, vid\u00edme, \u017ee je to jejich po\u010d\u00e1te\u010dn\u00ed prom\u011b\u0148uj\u00edc\u00ed zku\u0161enost, kter\u00e1 pojmenov\u00e1v\u00e1 zbytek jejich vhledu.<\/p>\n\n\n\n<h4 class=\"wp-block-heading\">Povol\u00e1n\u00ed Pavla<\/h4>\n\n\n\n<p>Tot\u00e9\u017e vid\u00edme u Pavla, kde se Pavlova zku\u0161enost obr\u00e1cen\u00ed (Sk 9,1-19) odehr\u00e1v\u00e1 pot\u00e9, co sly\u0161el Je\u017e\u00ed\u0161ova slova: &#8222;Saule, Saule, pro\u010d m\u011b pron\u00e1sleduje\u0161?&#8220; (Sk 9,1-19). (9:4). Pavel se nejprve br\u00e1n\u00ed, jako by cht\u011bl \u0159\u00edci: &#8222;J\u00e1 jsem nepron\u00e1sledoval tebe, Je\u017e\u00ed\u0161i, ale tyto lidi.&#8220; Nakonec Pavel p\u0159ich\u00e1z\u00ed s \u00fa\u017easn\u00fdm u\u010den\u00edm o mystick\u00e9m t\u011ble Kristov\u011b: mezi Je\u017e\u00ed\u0161em a jeho lidem existuje neodmysliteln\u00e9 spole\u010denstv\u00ed \u010di jednota. Co ud\u011bl\u00e1te jednomu, ud\u011bl\u00e1te i druh\u00e9mu. Dokud to nepochop\u00edme, neporozum\u00edme Pavlovi na z\u00e1kladn\u00ed \u00farovni. Od toho se odv\u00edj\u00ed v\u0161echno.<\/p>\n\n\n\n<p><em>Richard potvrzuje, \u017ee prorock\u00e9 povol\u00e1n\u00ed p\u0159ich\u00e1z\u00ed ke ka\u017ed\u00e9mu z n\u00e1s jedine\u010dn\u00fdm zp\u016fsobem:<\/em><\/p>\n\n\n\n<h4 class=\"wp-block-heading\">Va\u0161e povol\u00e1n\u00ed\u2026<\/h4>\n\n\n\n<p>Je to po\u010d\u00e1te\u010dn\u00ed teofanie prorok\u016f, jejich po\u010d\u00e1te\u010dn\u00ed rozhrnut\u00ed z\u00e1voje, kter\u00e9 jako by se stalo podstatou toho, jak od nyn\u011bj\u0161ka vid\u00ed skute\u010dnost. Chci, abyste to vid\u011bli, proto\u017ee bych r\u00e1d, abyste se pod\u00edvali na svou vlastn\u00ed duchovn\u00ed autobiografii a zjistili, jak jste byli formov\u00e1ni, jak a kam jste byli vedeni, kdy\u017e v\u00e1m B\u016fh uk\u00e1zal svou tv\u00e1\u0159. Pr\u00e1v\u011b na t\u00e9to \u00farovni v\u00edte \u2013 a poznali jste, \u017ee v\u00edte. Va\u0161e prorock\u00e9 charisma poch\u00e1z\u00ed z va\u0161eho vlastn\u00edho obr\u00e1cen\u00ed, z prom\u011bny v Bo\u017e\u00ed tajemstv\u00ed.<\/p>\n\n\n\n<h4 class=\"wp-block-heading\">\u2026spo\u010d\u00edv\u00e1 ve zbaven\u00ed se fale\u0161n\u00e9ho a vymy\u0161len\u00e9ho j\u00e1<\/h4>\n\n\n\n<p>Pavel v\u011bd\u011bl, \u017ee k tomuto p\u0159erodu dojde jedin\u011b skrze zku\u0161enost zbaven\u00ed ega, kter\u00e1 strhne na\u0161e fale\u0161n\u00e9 a vymy\u0161len\u00e9 j\u00e1 a p\u0159ivede n\u00e1s k nov\u00e9mu j\u00e1 (Ef 2,15; Gal 6,15), v n\u011bm\u017e lze vst\u0159ebat a p\u0159ekonat v\u0161echny rozpory. Stalo se to v n\u011bm a nyn\u00ed vid\u011bl sv\u016fj \u017eivot jako &#8222;p\u0159ed\u00e1v\u00e1n\u00ed tohoto sm\u00ed\u0159en\u00ed&#8220; (2 Kor 5,18), kter\u00e9 v\u017edy prob\u00edhalo skrze soub\u011bh protiklad\u016f zvan\u00fd k\u0159\u00ed\u017e.<\/p>\n\n\n\n<h4 class=\"wp-block-heading\">\u2026a v&nbsp;pln\u00e9 d\u016fv\u011b\u0159e v&nbsp; &nbsp;Je\u017e\u00ed\u0161e i &nbsp;p\u0159es nesrovnalosti<\/h4>\n\n\n\n<p>K\u0159\u00ed\u017e je i z geometrick\u00e9ho hlediska sr\u00e1\u017ekou dvou protikladn\u00fdch lini\u00ed. Pavel d\u00edky sv\u00e9mu neopr\u00e1vn\u011bn\u00e9mu vyvolen\u00ed v\u011bd\u011bl, \u017ee B\u016fh jeho d\u0159\u00edv\u011bj\u0161\u00ed j\u00e1 neodstranil ani nevyhnal, ale naopak ho &#8222;v\u010dlenil&#8220; do Kristova J\u00e1. V\u011bd\u011bl, \u017ee je st\u00e1le masou rozpor\u016f a nesrovnalost\u00ed, co\u017e je p\u0159esn\u011b to, co je naps\u00e1no na v\u0161ech str\u00e1nk\u00e1ch jeho dopis\u016f. Jeho absolutn\u00ed d\u016fv\u011bra v\u0161ak nespo\u010d\u00edvala v jeho osobn\u00ed celistvosti, ale v Je\u017e\u00ed\u0161i, kter\u00fd ho narouboval na Bo\u017e\u00ed celistvost. To je celkov\u00fd z\u00e1klad Pavlovy radosti, jeho l\u00e1sky, jeho odv\u00e1\u017en\u00e9 sebed\u016fv\u011bry a jeho v\u00e1\u0161niv\u00e9 touhy, aby stejnou prom\u011bnu a ext\u00e1zi za\u017eili i v\u0161ichni ostatn\u00ed.<\/p>\n\n\n\n<p><em>Translated with www.DeepL.com\/Translator (free version), mezinapisy vlo\u017eil p\u0159ekladatel<\/em><\/p>\n\n\n\n<h6 class=\"wp-block-heading\">Prameny:<\/h6>\n\n\n\n<p>Adapted from Joan Chittister and Richard Rohr, <em><a href=\"https:\/\/email.cac.org\/t\/d-l-ztdtkkk-tlkrhyidn-y\/\">Prophets Then, Prophets Now<\/a><\/em> (Albuquerque, NM: Center for Action and Contemplation, 2006). Available as MP3 download; and<br><br>Richard Rohr, <em><a href=\"https:\/\/email.cac.org\/t\/d-l-ztdtkkk-tlkrhyidn-j\/\">Soul Brothers: Men in the Bible Speak to Men Today<\/a><\/em> (Maryknoll, NY: Orbis Books, 2004), 67\u201368.<\/p>\n\n\n\n<p><strong>Image credit:&nbsp;<\/strong>A path from one week to the next\u2014Jenna Keiper, <em>Untitled Bosque<\/em>, Benjamin Yazza, <em>Untitled 10, <\/em>and <em>Untitled 8<\/em>. Used with permission.<a href=\"https:\/\/email.cac.org\/t\/d-l-ztdtkkk-tlkrhyidn-t\/\">Click here to enlarge image<\/a>.&nbsp;<br><br><em>Just as a bird notices an impulse and takes flight, so we also hear and respond.<\/em>&nbsp;<\/p>\n","protected":false},"excerpt":{"rendered":"<p>K\u0159\u00ed\u017e je i z geometrick\u00e9ho hlediska sr\u00e1\u017ekou dvou protikladn\u00fdch lini\u00ed. Pavel d\u00edky sv\u00e9mu neopr\u00e1vn\u011bn\u00e9mu vyvolen\u00ed v\u011bd\u011bl, \u017ee B\u016fh jeho d\u0159\u00edv\u011bj\u0161\u00ed j\u00e1 neodstranil ani nevyhnal, ale naopak ho &#8222;v\u010dlenil&#8220; do Kristova J\u00e1. V\u011bd\u011bl, \u017ee je st\u00e1le masou rozpor\u016f a nesrovnalost\u00ed, co\u017e je p\u0159esn\u011b to, co je naps\u00e1no na v\u0161ech str\u00e1nk\u00e1ch jeho dopis\u016f. Jeho absolutn\u00ed d\u016fv\u011bra v\u0161ak nespo\u010d\u00edvala v jeho osobn\u00ed celistvosti, ale v Je\u017e\u00ed\u0161i, kter\u00fd ho narouboval na Bo\u017e\u00ed celistvost. <\/p>\n","protected":false},"author":1,"featured_media":5939,"comment_status":"open","ping_status":"open","sticky":false,"template":"","format":"standard","meta":{"footnotes":""},"categories":[198],"tags":[561,877],"class_list":["post-5938","post","type-post","status-publish","format-standard","has-post-thumbnail","hentry","category-richard-rohr-ofm-centrum-pro-zivot-a-rozjimani","tag-duvera","tag-povolani","latest_post"],"_links":{"self":[{"href":"https:\/\/www.frantiskani.cz\/index.php\/wp-json\/wp\/v2\/posts\/5938","targetHints":{"allow":["GET"]}}],"collection":[{"href":"https:\/\/www.frantiskani.cz\/index.php\/wp-json\/wp\/v2\/posts"}],"about":[{"href":"https:\/\/www.frantiskani.cz\/index.php\/wp-json\/wp\/v2\/types\/post"}],"author":[{"embeddable":true,"href":"https:\/\/www.frantiskani.cz\/index.php\/wp-json\/wp\/v2\/users\/1"}],"replies":[{"embeddable":true,"href":"https:\/\/www.frantiskani.cz\/index.php\/wp-json\/wp\/v2\/comments?post=5938"}],"version-history":[{"count":1,"href":"https:\/\/www.frantiskani.cz\/index.php\/wp-json\/wp\/v2\/posts\/5938\/revisions"}],"predecessor-version":[{"id":5940,"href":"https:\/\/www.frantiskani.cz\/index.php\/wp-json\/wp\/v2\/posts\/5938\/revisions\/5940"}],"wp:featuredmedia":[{"embeddable":true,"href":"https:\/\/www.frantiskani.cz\/index.php\/wp-json\/wp\/v2\/media\/5939"}],"wp:attachment":[{"href":"https:\/\/www.frantiskani.cz\/index.php\/wp-json\/wp\/v2\/media?parent=5938"}],"wp:term":[{"taxonomy":"category","embeddable":true,"href":"https:\/\/www.frantiskani.cz\/index.php\/wp-json\/wp\/v2\/categories?post=5938"},{"taxonomy":"post_tag","embeddable":true,"href":"https:\/\/www.frantiskani.cz\/index.php\/wp-json\/wp\/v2\/tags?post=5938"}],"curies":[{"name":"wp","href":"https:\/\/api.w.org\/{rel}","templated":true}]}}