{"id":6114,"date":"2023-01-14T08:14:50","date_gmt":"2023-01-14T07:14:50","guid":{"rendered":"https:\/\/www.frantiskani.cz\/?p=6114"},"modified":"2023-01-14T08:14:57","modified_gmt":"2023-01-14T07:14:57","slug":"reakce-na-volani","status":"publish","type":"post","link":"https:\/\/www.frantiskani.cz\/index.php\/2023\/01\/14\/reakce-na-volani\/","title":{"rendered":"&nbsp;Reakce na vol\u00e1n\u00ed"},"content":{"rendered":"\n<h6 class=\"wp-block-heading\">&nbsp;Shrnut\u00ed druh\u00e9ho t\u00fddne 8. ledna &#8211; 13. ledna 2023&nbsp;&nbsp;&nbsp;&nbsp;&nbsp;&nbsp;&nbsp;&nbsp;&nbsp;<\/h6>\n\n\n\n<h4 class=\"wp-block-heading\">Ned\u011ble<\/h4>\n\n\n\n<p>Je to po\u010d\u00e1te\u010dn\u00ed teofanie prorok\u016f, jejich po\u010d\u00e1te\u010dn\u00ed odhalen\u00ed z\u00e1voje, kter\u00e9 jako by se stalo podstatou toho, jak od nyn\u011bj\u0161ka vid\u00ed skute\u010dnost. -Richard Rohr<\/p>\n\n\n\n<h4 class=\"wp-block-heading\">Pond\u011bl\u00ed<\/h4>\n\n\n\n<p>\u017divot je t\u011b\u017ek\u00fd, Jeremi\u00e1\u0161i. Vzd\u00e1\u0161 to p\u0159i prvn\u00ed vln\u011b odporu? &#8230;. Bude\u0161 \u017e\u00edt opatrn\u011b, nebo odv\u00e1\u017en\u011b? J\u00e1 [B\u016fh] jsem t\u011b povolal, abys \u017eil co nejl\u00e9pe, abys usiloval o spravedlnost, abys udr\u017eoval snahu o dokonalost.-Eugene Peterson<\/p>\n\n\n\n<h4 class=\"wp-block-heading\">\u00dater\u00fd<\/h4>\n\n\n\n<p>Jak \u00fa\u017easn\u00e9! Pro\u017e\u00edt obrovsk\u00fd n\u00e1bo\u017eensk\u00fd z\u00e1\u017eitek, obrovsk\u00fd z\u00e1\u017eitek osv\u00edcen\u00ed a pak, zat\u00edmco jste pod obrovsk\u00fdm tlakem t\u00e9to \u010derstv\u00e9 orientace, z\u00edskat anal\u00fdzu sv\u00e9 dal\u0161\u00ed slu\u017eby&#8230;. Izaj\u00e1\u0161 u\u017e byl prorokem. A jeho hlas \u0159ekl Bohu: &#8222;P\u016fjdu. P\u0159ijmu poselstv\u00ed.&#8220; -Howard Thurman<\/p>\n\n\n\n<h4 class=\"wp-block-heading\">St\u0159eda<\/h4>\n\n\n\n<p>Ne v\u0161ichni proroci d\u011blaj\u00ed, co se jim \u0159ekne. Alespo\u0148 ne zpo\u010d\u00e1tku. Kdy\u017e p\u0159ijde v\u00fdzva, v\u011bt\u0161ina z nich se oto\u010d\u00ed doleva a pak doprava: &#8222;Kdo? J\u00e1?&#8220; zabru\u010d\u00ed. Pokud je vol\u00e1n\u00ed prav\u00e9, hlas Ducha svat\u00e9ho se rozezn\u00ed: &#8222;Ano, ty!&#8220; -Mirabai Starrov\u00e1<\/p>\n\n\n\n<h4 class=\"wp-block-heading\">\u010ctvrtek<\/h4>\n\n\n\n<p>Ti, kdo na v\u00fdzvu odpov\u00ed a souhlas\u00ed s t\u00edm, \u017ee ponesou a budou milovat to, co miluje B\u016fh &#8211; co\u017e je dobr\u00e9 i \u0161patn\u00e9 &#8211; a zaplat\u00ed cenu za jeho sm\u00ed\u0159en\u00ed v sob\u011b, to jsou n\u00e1sledovn\u00edci Je\u017e\u00ed\u0161e Krista. -Richard Rohr<\/p>\n\n\n\n<h4 class=\"wp-block-heading\">P\u00e1tek<\/h4>\n\n\n\n<p>Mus\u00edme naslouchat, \u010dekat a modlit se za sv\u00e9 charisma a povol\u00e1n\u00ed. V\u011bt\u0161ina z n\u00e1s je opravdu dobr\u00e1 jen v jedn\u00e9 nebo dvou v\u011bcech. Meditace by m\u011bla v\u00e9st k ujasn\u011bn\u00ed si toho, k\u00fdm jsme, a mo\u017en\u00e1 je\u0161t\u011b v\u00edce toho, k\u00fdm nejsme. -Richard Rohr&nbsp;&nbsp;&nbsp;&nbsp;&nbsp;&nbsp;<\/p>\n\n\n\n<h2 class=\"wp-block-heading\">Modlitba &#8222;Tady jsem&#8220;<\/h2>\n\n\n\n<h6 class=\"wp-block-heading\">Druh\u00fd t\u00fdden praxe&nbsp;&nbsp;&nbsp;&nbsp;&nbsp;&nbsp;&nbsp;<\/h6>\n\n\n\n<p>&nbsp;&nbsp;&nbsp;&nbsp;&nbsp;&nbsp;&nbsp;&nbsp;&nbsp;&nbsp;&nbsp;&nbsp;&nbsp;&nbsp;&nbsp; <em>&#8222;Tady jsem, Pane. Po\u0161li m\u011b!&#8220; (Izaj\u00e1\u0161 6,8). Takov\u00e1 byla Izaj\u00e1\u0161ova odpov\u011b\u010f na Bo\u017e\u00ed vol\u00e1n\u00ed. Vyzkou\u0161ejte dnes tuto jednoduchou modlitbu &#8222;Tady jsem&#8220; od duchovn\u00ed v\u016fdkyn\u011b a spisovatelky Teresy Blythe jako zp\u016fsob, jak se st\u00e1t Bohu k dispozici:<\/em><\/p>\n\n\n\n<h4 class=\"wp-block-heading\">P\u0159edsevzet\u00ed, kter\u00e1 m\u016f\u017eeme sd\u00edlet s Bohem<\/h4>\n\n\n\n<p>&#8211; P\u0159edsevz\u00edt si, \u017ee se budete modlit alespo\u0148 p\u011bt minut. Nezvedejte telefon ani se nenechte od sv\u00e9ho c\u00edle rozptylovat.<\/p>\n\n\n\n<p>&#8211; Posa\u010fte se a \u0159ekn\u011bte si: &#8222;Tady sed\u00edm a nic ned\u011bl\u00e1m. P\u011bt minut nebudu d\u011blat nic&#8220; (nebo d\u00e9le, podle toho, jakou dobu si stanov\u00edte).<\/p>\n\n\n\n<p>&#8211; Za\u010dn\u011bte si v\u0161\u00edmat vlastn\u00ed t\u011blesn\u00e9 p\u0159\u00edtomnosti &#8211; jak se va\u0161e t\u011blo c\u00edt\u00ed vedle \u017eidle; jak se va\u0161e nohy dot\u00fdkaj\u00ed podlahy. Uvoln\u011bte sv\u00e9 t\u011blo. V\u0161\u00edmejte si, co c\u00edt\u00edte uvnit\u0159.<\/p>\n\n\n\n<p>&#8211; Nyn\u00ed si v\u0161\u00edmejte p\u0159\u00edtomnosti v\u0161eho, co je kolem v\u00e1s. \u0158ekn\u011bte si: &#8222;Tady jsem v p\u0159\u00edtomnosti m\u00edstnosti (zahrady, kaple, kdekoli se nach\u00e1z\u00edte).&#8220; \u0158ekn\u011bte si: &#8222;Tady jsem v p\u0159\u00edtomnosti m\u00edstnosti (zahrady, kaple, kdekoli se nach\u00e1z\u00edte)&#8220;. Vn\u00edmejte n\u00e1bytek, st\u011bny a p\u0159\u00edpadn\u00e1 dom\u00e1c\u00ed zv\u00ed\u0159ata nebo lidi v m\u00edstnosti. Bu\u010fte prost\u011b p\u0159\u00edtomni a zticha ve sv\u00e9m prost\u0159ed\u00ed. Je\u0161t\u011b v\u00edce se uvoln\u011bte.<\/p>\n\n\n\n<p>&#8211; Nyn\u00ed si \u0159ekn\u011bte: &#8222;Tady jsem v Bo\u017e\u00ed p\u0159\u00edtomnosti.&#8220; \u0158ekn\u011bte si: &#8222;Tady jsem v Bo\u017e\u00ed p\u0159\u00edtomnosti.&#8220; V\u0161ichni se zti\u0161te. Ti\u0161e Bohu opakujte: &#8222;Tady jsem.&#8220; Vyh\u0159\u00edvejte se v p\u0159\u00edtomnosti Svat\u00e9ho, dokud nedos\u00e1hnete sv\u00e9ho \u010dasov\u00e9ho c\u00edle.<\/p>\n\n\n\n<p><em>Translated with www.DeepL.com\/Translator (free version), mezinadpisy si dovolil vlo\u017eit p\u0159ekladatel<\/em><\/p>\n\n\n\n<h6 class=\"wp-block-heading\">Prameny:<\/h6>\n\n\n\n<p>Teresa A. Blythe, <em>50 Ways to Pray: Practices from Many Traditions and Times <\/em>(Nashville, TN: Abingdon Press, 2006), 31\u201332.<\/p>\n\n\n\n<p><strong>Image credit:&nbsp;<\/strong>A path from one week to the next\u2014Jenna Keiper, <em>Untitled Bosque<\/em>, Benjamin Yazza, <em>Untitled 10, <\/em>and <em>Untitled 8<\/em>. Used with permission.<a href=\"https:\/\/email.cac.org\/t\/d-l-zthlrjk-itiuujuudy-h\/\">Click here to enlarge image<\/a>.&nbsp;<br><br><em>Just as a bird notices an impulse and takes flight, so we also hear and respond.<\/em>&nbsp;<\/p>\n","protected":false},"excerpt":{"rendered":"<p>Mus\u00edme naslouchat, \u010dekat a modlit se za sv\u00e9 charisma a povol\u00e1n\u00ed. V\u011bt\u0161ina z n\u00e1s je opravdu dobr\u00e1 jen v jedn\u00e9 nebo dvou v\u011bcech. Meditace by m\u011bla v\u00e9st k ujasn\u011bn\u00ed si toho, k\u00fdm jsme, a mo\u017en\u00e1 je\u0161t\u011b v\u00edce toho, k\u00fdm nejsme. -Richard Rohr\u00a0\u00a0\u00a0\u00a0\u00a0<\/p>\n","protected":false},"author":1,"featured_media":5939,"comment_status":"open","ping_status":"open","sticky":false,"template":"","format":"standard","meta":{"footnotes":""},"categories":[198],"tags":[877,147,892],"class_list":["post-6114","post","type-post","status-publish","format-standard","has-post-thumbnail","hentry","category-richard-rohr-ofm-centrum-pro-zivot-a-rozjimani","tag-povolani","tag-rozjimani","tag-volani-ducha","latest_post"],"_links":{"self":[{"href":"https:\/\/www.frantiskani.cz\/index.php\/wp-json\/wp\/v2\/posts\/6114","targetHints":{"allow":["GET"]}}],"collection":[{"href":"https:\/\/www.frantiskani.cz\/index.php\/wp-json\/wp\/v2\/posts"}],"about":[{"href":"https:\/\/www.frantiskani.cz\/index.php\/wp-json\/wp\/v2\/types\/post"}],"author":[{"embeddable":true,"href":"https:\/\/www.frantiskani.cz\/index.php\/wp-json\/wp\/v2\/users\/1"}],"replies":[{"embeddable":true,"href":"https:\/\/www.frantiskani.cz\/index.php\/wp-json\/wp\/v2\/comments?post=6114"}],"version-history":[{"count":1,"href":"https:\/\/www.frantiskani.cz\/index.php\/wp-json\/wp\/v2\/posts\/6114\/revisions"}],"predecessor-version":[{"id":6115,"href":"https:\/\/www.frantiskani.cz\/index.php\/wp-json\/wp\/v2\/posts\/6114\/revisions\/6115"}],"wp:featuredmedia":[{"embeddable":true,"href":"https:\/\/www.frantiskani.cz\/index.php\/wp-json\/wp\/v2\/media\/5939"}],"wp:attachment":[{"href":"https:\/\/www.frantiskani.cz\/index.php\/wp-json\/wp\/v2\/media?parent=6114"}],"wp:term":[{"taxonomy":"category","embeddable":true,"href":"https:\/\/www.frantiskani.cz\/index.php\/wp-json\/wp\/v2\/categories?post=6114"},{"taxonomy":"post_tag","embeddable":true,"href":"https:\/\/www.frantiskani.cz\/index.php\/wp-json\/wp\/v2\/tags?post=6114"}],"curies":[{"name":"wp","href":"https:\/\/api.w.org\/{rel}","templated":true}]}}