{"id":6456,"date":"2023-02-09T12:34:18","date_gmt":"2023-02-09T11:34:18","guid":{"rendered":"https:\/\/www.frantiskani.cz\/index.php\/2023\/02\/09\/g-8-cinte-pokani\/"},"modified":"2023-02-09T12:34:18","modified_gmt":"2023-02-09T11:34:18","slug":"g-8-cinte-pokani","status":"publish","type":"post","link":"https:\/\/www.frantiskani.cz\/index.php\/2023\/02\/09\/g-8-cinte-pokani\/","title":{"rendered":"G-8 \u010ci\u0148te pok\u00e1n\u00ed"},"content":{"rendered":"<div class=\"et_pb_section et_pb_section_5 et_section_regular\">\n<div class=\"et_pb_row et_pb_row_5\">\n<div class=\"et_pb_column et_pb_column_4_4 et_pb_column_5  et_pb_css_mix_blend_mode_passthrough et-last-child\">\n<div class=\"et_pb_module et_pb_text et_pb_text_5  et_pb_text_align_left et_pb_bg_layout_light\">\n<div class=\"et_pb_text_inner\"><!-- divi:image {\"align\":\"left\",\"id\":311,\"width\":26,\"height\":26,\"sizeSlug\":\"full\",\"linkDestination\":\"none\"} -->\n<p>\u00a0<span>Nad \u00faryvkem z P\u00edsma: <em>\u201e\u010ci\u0148te pok\u00e1n\u00ed, nebo\u0165 se p\u0159ibl\u00ed\u017eilo kr\u00e1lovstv\u00ed nebesk\u00e9.\u201c<\/em><\/span><\/p>\n<p>\u00a0<\/p>\n<p>Pok\u00e1n\u00ed v kaj\u00edc\u00edm \u0159\u00e1du<\/p>\n<p><span>\u00a0<strong>1. verze Listu v\u011b\u0159\u00edc\u00edm sv. Franti\u0161ka:<\/strong> <em>V\u0161ichni, kte\u0159\u00ed miluj\u00ed Boha cel\u00fdm sv\u00fdm srdcem, celou svou du\u0161\u00ed, celou svou mysl\u00ed a celou svou silou (srov. Mk 12, 30) a miluj\u00ed sv\u00e9 bli\u017en\u00ed jako sami sebe (srov. Mt. 22, 39), maj\u00ed v nen\u00e1visti sv\u00e1 t\u011bla s jejich ne\u0159estmi a h\u0159\u00edchy, p\u0159ij\u00edmaj\u00ed t\u011blo a krev na\u0161eho P\u00e1na Je\u017e\u00ed\u0161e Krista a p\u0159in\u00e1\u0161ej\u00ed plody hodn\u00e9 pok\u00e1n\u00ed: <\/em>Kdo \u010din\u00ed pok\u00e1n\u00ed?\u00a0 Kdy\u017e si Duch u n\u00e1s u\u010din\u00ed p\u0159\u00edbytek, kdy\u017e jsme d\u011bti Otce, kdy\u017e jsme snoubenci Je\u017e\u00ed\u0161e Krista. Znamen\u00e1 to znavu za\u010d\u00edt svat\u00e9 kon\u00e1n\u00ed a snahu b\u00fdt vzorem, nevzd\u00e1vat snahu budovat lep\u0161\u00ed sv\u011bt, nevzd\u00e1vat se dober sv\u00e9ho povol\u00e1n\u00ed.Kdo ne\u010din\u00ed pok\u00e1n\u00ed? <em>Vid\u00ed a nech\u00e1pou, pozn\u00e1vaj\u00ed a konaj\u00ed zlo a [tak] sami v\u011bdom\u011b ztr\u00e1cej\u00ed [sv\u00e9] du\u0161e\u2026.<\/em><\/span><\/p>\n<p><strong>\u0158ehole: <\/strong><em>Jako \u201ckaj\u00edc\u00ed brat\u0159i a sestry\u201d\u00a0 podn\u011bcovan\u00ed na z\u00e1klad\u011b sv\u00e9ho povol\u00e1n\u00ed dynamickou silou evangelia a\u0165 naprostou a dokonalou vnit\u0159n\u00ed prom\u011bnou uv\u00e1d\u011bj\u00ed sv\u016fj zp\u016fsob my\u0161len\u00ed a jedn\u00e1n\u00ed do souladu s Kristem. [Tuto prom\u011bnu], kterou samo evangelium naz\u00fdv\u00e1 \u201cobr\u00e1cen\u00edm\u201d, je vzhledem k lidsk\u00e9 k\u0159ehkosti t\u0159eba konat denn\u011b .<\/em><br \/><em>Na t\u00e9to cest\u011b obnovy je sv\u00e1tost sm\u00ed\u0159en\u00ed v\u00fdsadn\u00edm znamen\u00edm Otcova milosrdenstv\u00ed a pramenem milosti .<\/em><em>Tak jako se Je\u017e\u00ed\u0161 vpravd\u011b klan\u011bl Otci, tak a\u0165 i oni u\u010din\u00ed modlitbu a kontemplaci st\u0159edem sv\u00e9 existence i \u010dinnosti . A\u0165 se \u00fa\u010dastn\u00ed sv\u00e1tostn\u00e9ho \u017eivota c\u00edrkve, p\u0159edev\u0161\u00edm eucharistie, a p\u0159ipojuj\u00ed se k liturgick\u00e9 modlitb\u011b jednou z forem, kter\u00e9 c\u00edrkev p\u0159edkl\u00e1d\u00e1. Tak a\u0165 [v sob\u011b] obnovuj\u00ed tajemstv\u00ed Kristova \u017eivota.<\/em><\/p>\n<p><strong>Cesta kaj\u00edcn\u00edk\u016f podle sv. Franti\u0161ka znamen\u00e1:<\/strong> pln\u011b si uv\u011bdomit Bo\u017e\u00ed l\u00e1sku k n\u00e1m. Nikdy se j\u00ed nevzd\u00e1vat. S Duchem svat\u00fdm znovu hledat cestu v modlitb\u011b a kontemplaci a ve spojen\u00ed s c\u00edrkv\u00ed \u2013 tedy s bratry a sestrami p\u0159i liturgii a spole\u010dn\u00fdch modlitb\u00e1ch. \u010cinit pok\u00e1n\u00ed znamen\u00e1 nez\u016fstat st\u00e1t. Ne\u010dinit pok\u00e1n\u00ed znamen\u00e1 zastavit se.\u00a0 Z\u016fstat st\u00e1t znamen\u00e1 bi\u010dovat sebe, zatracovat sebe, p\u0159estat si sebe v\u00e1\u017eit, ztratit odvahu \u017eit v p\u0159\u00edtomnosti \u2013 to v\u0161e chce \u010f\u00e1bel, ne B\u016fh. Pok\u00e1n\u00ed znamen\u00e1 cestu aby <span>Slep\u00fd uvid\u011bl, chrom\u00fd za\u010dal chodit, malomocn\u00fd se o\u010distil, hluch\u00fd usly\u0161el, mrtv\u00fd obnovil sv\u00e9ho ducha, a chud\u00fdm znovu uv\u011b\u0159il evengeliu.<\/span><\/p>\n<p><em>\u00a0<\/em>\u00a0<\/p>\n<p>\u00a0<\/p>\n<p>\u00a0<\/p>\n<p>\u00a0<\/p>\n<p>\u00a0<\/p>\n<p>\u00a0<\/p>\n<p>\u00a0<\/p>\n<p><!-- divi:paragraph {\"style\":{\"color\":{\"gradient\":\"linear-gradient(135deg,rgb(122,220,180) 0%,rgb(255,255,255) 54%,rgb(0,208,130) 100%)\"}}} --><\/p>\n<p class=\"has-background\"><span>Hebrejsk\u00e1 slova pou\u017e\u00edvan\u00e1 pro pok\u00e1n\u00ed znamenala v b\u011b\u017en\u00e9 hovorov\u00e9 \u0159e\u010di: \u201ezm\u011bnu cesty, n\u00e1vrat po n\u00ed v protism\u011bru\u201c, ale i \u201evzdych\u00e1n\u00ed, poci\u0165ov\u00e1n\u00ed l\u00edtosti\u201c. Podle Krista to znamen\u00e1 d\u00e1l v\u011b\u0159it evangeliu \u2013 dobr\u00e9 zpr\u00e1v\u011b (Marek 1-15)<\/span><\/p>\n<h4><\/h4>\n<p>\u00a0<\/p>\n<p>\u00a0<\/p>\n<p>\u00a0<\/p>\n<p>C<\/p>\n<p>\u00a0<\/p>\n<p>\u00a0<\/p>\n<p>\u00a0<\/p>\n<p>\u00a0<\/p>\n<p>\u00a0<\/p>\n<p>\u00a0<\/p>\n<p>\u00a0<\/p>\n<p>\u00a0<\/p>\n<p>\u00a0<\/p>\n<p>\u00a0<\/p>\n<p>\u00a0<\/p>\n<p>\u00a0<\/p>\n<p>\u00a0<\/p>\n<p>\u00a0<\/p>\n<p>\u00a0<\/p>\n<p>\u00a0<\/p>\n<p>\u00a0<\/p>\n<p>\u00a0<\/p>\n<p>\u00a0<\/p>\n<p>\u00a0<\/p>\n<p>\u00a0<\/p>\n<p>\u00a0<\/p>\n<p>\u00a0<\/p>\n<p>\u00a0<\/p>\n<p>\u00a0<\/p>\n<p>\u00a0<\/p>\n<p>\u00a0<\/p>\n<p>\u00a0<\/p>\n<p>\u00a0<\/p>\n<p>\u00a0<\/p>\n<p>\u00a0<\/p>\n<p>\u00a0<\/p>\n<p>\u00a0<\/p>\n<p>\u00a0<\/p>\n<p>\u00a0<\/p>\n<p>\u00a0<\/p>\n<p>\u00a0<\/p>\n<p>\u00a0<\/p>\n<p>\u00a0<\/p>\n<p>\u00a0<\/p>\n<p>\u00a0<\/p>\n<p>\u00a0<\/p>\n<p>\u00a0<\/p>\n<p>\u00a0<\/p>\n<p>\u00a0<\/p>\n<p>\u00a0<\/p>\n<p>\u00a0<\/p>\n<p>\u00a0<\/p>\n<p>\u00a0<\/p>\n<p>\u00a0<\/p>\n<p><!-- \/divi:paragraph --><\/p>\n<\/div><\/div>\n<\/div>\n<\/div>\n<\/div>","protected":false},"excerpt":{"rendered":"<p>\u00a0Nad \u00faryvkem z P\u00edsma: \u201e\u010ci\u0148te pok\u00e1n\u00ed, nebo\u0165 se p\u0159ibl\u00ed\u017eilo kr\u00e1lovstv\u00ed nebesk\u00e9.\u201c \u00a0 Pok\u00e1n\u00ed v kaj\u00edc\u00edm \u0159\u00e1du \u00a01. verze Listu v\u011b\u0159\u00edc\u00edm &hellip; <\/p>\n","protected":false},"author":0,"featured_media":0,"comment_status":"open","ping_status":"open","sticky":false,"template":"","format":"standard","meta":{"footnotes":""},"categories":[6,28],"tags":[],"class_list":["post-6456","post","type-post","status-publish","format-standard","hentry","category-frantiskanskarodina","category-sekularni-frantiskani","latest_post"],"_links":{"self":[{"href":"https:\/\/www.frantiskani.cz\/index.php\/wp-json\/wp\/v2\/posts\/6456","targetHints":{"allow":["GET"]}}],"collection":[{"href":"https:\/\/www.frantiskani.cz\/index.php\/wp-json\/wp\/v2\/posts"}],"about":[{"href":"https:\/\/www.frantiskani.cz\/index.php\/wp-json\/wp\/v2\/types\/post"}],"replies":[{"embeddable":true,"href":"https:\/\/www.frantiskani.cz\/index.php\/wp-json\/wp\/v2\/comments?post=6456"}],"version-history":[{"count":0,"href":"https:\/\/www.frantiskani.cz\/index.php\/wp-json\/wp\/v2\/posts\/6456\/revisions"}],"wp:attachment":[{"href":"https:\/\/www.frantiskani.cz\/index.php\/wp-json\/wp\/v2\/media?parent=6456"}],"wp:term":[{"taxonomy":"category","embeddable":true,"href":"https:\/\/www.frantiskani.cz\/index.php\/wp-json\/wp\/v2\/categories?post=6456"},{"taxonomy":"post_tag","embeddable":true,"href":"https:\/\/www.frantiskani.cz\/index.php\/wp-json\/wp\/v2\/tags?post=6456"}],"curies":[{"name":"wp","href":"https:\/\/api.w.org\/{rel}","templated":true}]}}