{"id":6457,"date":"2023-02-09T12:34:18","date_gmt":"2023-02-09T11:34:18","guid":{"rendered":"https:\/\/www.frantiskani.cz\/index.php\/2023\/02\/09\/rehole-smysl-radu\/"},"modified":"2023-02-09T12:34:18","modified_gmt":"2023-02-09T11:34:18","slug":"rehole-smysl-radu","status":"publish","type":"post","link":"https:\/\/www.frantiskani.cz\/index.php\/2023\/02\/09\/rehole-smysl-radu\/","title":{"rendered":"\u0158ehole \u2013 smysl \u0159\u00e1du"},"content":{"rendered":"<div class=\"et_pb_section et_pb_section_6 et_section_regular\">\n<div class=\"et_pb_row et_pb_row_6\">\n<div class=\"et_pb_column et_pb_column_4_4 et_pb_column_6  et_pb_css_mix_blend_mode_passthrough et-last-child\">\n<div class=\"et_pb_module et_pb_image et_pb_image_3\">\n<p>\t\t\t\t<span class=\"et_pb_image_wrap \"><\/span>\n\t\t\t<\/p><\/div>\n<div class=\"et_pb_module et_pb_text et_pb_text_6  et_pb_text_align_left et_pb_bg_layout_light\">\n<div class=\"et_pb_text_inner\">\n<p><!-- divi:image {\"align\":\"left\",\"id\":311,\"width\":26,\"height\":26,\"sizeSlug\":\"full\",\"linkDestination\":\"none\"} --><\/p>\n<p><!-- \/divi:image --><\/p>\n<p><!-- divi:paragraph --><\/p>\n<p>\u00a0 \u00a0 \u00a0 Nad \u00faryvkem z \u0158ehole: <em>\u0158ehole po [dokumentu] \u201cMemoriale propositi\u201d (1221) a\u00a0po \u0159ehol\u00edch schv\u00e1len\u00fdch pape\u017ei Mikul\u00e1\u0161em\u00a0IV. a\u00a0Lvem\u00a0XIII. p\u0159izp\u016fsobuje Sekul\u00e1rn\u00ed franti\u0161k\u00e1nsk\u00fd \u0159\u00e1d pot\u0159eb\u00e1m a\u00a0o\u010dek\u00e1v\u00e1n\u00edm svat\u00e9 c\u00edrkve <strong>ve zm\u011bn\u011bn\u00fdch podm\u00ednk\u00e1ch doby.<\/strong> V\u00fdklad \u0158ehole p\u0159\u00edslu\u0161\u00ed Svat\u00e9mu stolci. \u0158ehole se bude uv\u00e1d\u011bt do \u017eivota podle Gener\u00e1ln\u00edch konstituc\u00ed a\u00a0zvl\u00e1\u0161tn\u00edch stanov.<\/em><\/p>\n<p><!-- \/divi:paragraph --><\/p>\n<p><!-- divi:paragraph --><\/p>\n<p>N\u00e1zor Vendel\u00edna H\u00e1jka OFS:<\/p>\n<p><!-- \/divi:paragraph --><\/p>\n<p><!-- divi:paragraph --><\/p>\n<p>Odkaz svat\u00e9ho Franti\u0161ka, kter\u00fd chceme nosit ve sv\u00e9m srdci a ukazovat jej sv\u00fdmi postoji sv\u011btu je kr\u00e1sn\u00fd i pestr\u00fd a nem\u011bl by b\u00fdt zast\u00edr\u00e1n. Na\u0161emu spole\u010denstv\u00ed by prosp\u011blo br\u00e1t n\u011bkter\u00e9 v\u011bci s\u00a0v\u011bt\u0161\u00edm nadhledem \u2013 nestav\u011bt jednotliv\u00e9 n\u00e1zory proti sob\u011b. Vyhnout se ob\u010dasn\u00e9mu; nechce\u0161 to, co navrhuji j\u00e1 \u2013 jsi proti tomu, onomu\u2026 Stejn\u011b pokorn\u011b nab\u00edzet i p\u0159ij\u00edmat. \u00a0\u00a0<\/p>\n<p>\u010cemu bychom tak\u00e9 mysl\u00edm nem\u011bli podl\u00e9hat je nadbyte\u010dn\u00fd institucionalismus \u2013 je dobr\u00e9 rozli\u0161it v\u00e1hu jednotliv\u00fdch pravidel. \u0158ehole, jako z\u00e1klad na\u0161eho \u017eivota, vych\u00e1z\u00ed z\u00a0Franti\u0161kova odkazu, Konstituce navazuj\u00ed na \u0158eholi a Stanovy na Konstituce. A zvl\u00e1\u0161\u0165 u pravidel navazuj\u00edc\u00edch nen\u00ed od v\u011bci db\u00e1t na to, aby n\u00e1m nebr\u00e1nily v\u00a0tom nad\u0159azen\u00e9m \u2013 v tom, co by n\u00e1m m\u011blo b\u00fdt \u201esvat\u00e9\u201c \u2026a to je evangelijn\u00ed radost a bratrstv\u00ed*. \u00a0<\/p>\n<p>Slu\u017eba v\u00a0N\u00e1rodn\u00ed rad\u011b je v\u0161estrann\u00e1 slu\u017eba m\u00edstn\u00edm spole\u010denstv\u00ed. Ta si n\u00e1s prost\u0159ednictv\u00edm sv\u00fdch deleg\u00e1t\u016f zvolila, abychom jim napom\u00e1hali v\u00a0bratrsk\u00e9m sou\u017eit\u00ed a v duchovn\u00edm r\u016fstu. Rozli\u0161\u00ed-li n\u011bkdo, jak tomu napom\u00e1hat (jednotlivc\u016fm, nebo i cel\u00e9mu spole\u010denstv\u00ed), m\u011bl by to laskav\u011b p\u0159edlo\u017eit, pokorn\u011b nab\u00eddnout, odevzdan\u011b p\u0159edat brat\u0159\u00edm, sestr\u00e1m \u2013 Duchu svat\u00e9mu. A s\u00e1m na sv\u00e9 p\u0159edstav\u011b nelp\u011bt **.<\/p>\n<p>A je\u0161t\u011b jeden podn\u011bt, mo\u017en\u00e1 pon\u011bkud citliv\u011bj\u0161\u00ed. P\u016fsoben\u00edm Svat\u00e9ho Ducha vzniklo v\u00a0posledn\u00edch n\u011bkolika desetilet\u00edch v\u011bt\u0161\u00ed mno\u017estv\u00ed charismatick\u00fdch evangeliza\u010dn\u00edch hnut\u00ed a spole\u010denstv\u00ed, kter\u00e9 po znovunastolen\u00ed n\u00e1bo\u017eensk\u00e9 svobody za\u010daly pln\u011b p\u016fsobit i u n\u00e1s. Roz\u0161i\u0159uj\u00ed nab\u00eddku duchovn\u00edho pro\u017e\u00edv\u00e1n\u00ed \u2013 a to je dob\u0159e. Nem\u011bli bychom ji v\u0161ak my sami zu\u017eovat t\u00edm, \u017ee na\u0161e p\u016fsoben\u00ed ve sv\u011bt\u011b budeme soust\u0159e\u010fovat do \u010dinnost\u00ed kop\u00edruj\u00edc\u00edch modlitebn\u00ed skupiny, hnut\u00ed Emanuel, laick\u00e9 mision\u00e1\u0159e\u2026 jakkoliv je jejich \u00fasil\u00ed bohulib\u00e9.<\/p>\n<p><!-- \/divi:paragraph --><\/p>\n<p><!-- divi:paragraph {\"style\":{\"color\":{\"gradient\":\"linear-gradient(135deg,rgb(122,220,180) 0%,rgb(255,255,255) 54%,rgb(0,208,130) 100%)\"}}} --><\/p>\n<p class=\"has-background\">Ka\u017ed\u00e9ho z n\u00e1s m\u016f\u017ee zast\u00ednit moc Nejvy\u0161\u0161\u00edho, kdy\u017e mu to dovol\u00edme. Nechceme kop\u00edrovat jin\u00e1 spole\u010denstv\u00ed v c\u00edrkvi ale zp\u0159\u00edtom\u0148ovat spole\u010dn\u00e9 charisma seraf\u00ednsk\u00e9ho Otce v\u00a0\u017eivot\u011b a\u00a0posl\u00e1n\u00ed c\u00edrkve<\/p>\n<p><!-- \/divi:paragraph --><\/p>\n<\/div><\/div>\n<\/div>\n<\/div>\n<\/div>","protected":false},"excerpt":{"rendered":"<p>\u00a0 \u00a0 \u00a0 Nad \u00faryvkem z \u0158ehole: \u0158ehole po [dokumentu] \u201cMemoriale propositi\u201d (1221) a\u00a0po \u0159ehol\u00edch schv\u00e1len\u00fdch pape\u017ei Mikul\u00e1\u0161em\u00a0IV. a\u00a0Lvem\u00a0XIII. p\u0159izp\u016fsobuje &hellip; <\/p>\n","protected":false},"author":0,"featured_media":0,"comment_status":"open","ping_status":"open","sticky":false,"template":"","format":"standard","meta":{"footnotes":""},"categories":[6,28],"tags":[],"class_list":["post-6457","post","type-post","status-publish","format-standard","hentry","category-frantiskanskarodina","category-sekularni-frantiskani","latest_post"],"_links":{"self":[{"href":"https:\/\/www.frantiskani.cz\/index.php\/wp-json\/wp\/v2\/posts\/6457","targetHints":{"allow":["GET"]}}],"collection":[{"href":"https:\/\/www.frantiskani.cz\/index.php\/wp-json\/wp\/v2\/posts"}],"about":[{"href":"https:\/\/www.frantiskani.cz\/index.php\/wp-json\/wp\/v2\/types\/post"}],"replies":[{"embeddable":true,"href":"https:\/\/www.frantiskani.cz\/index.php\/wp-json\/wp\/v2\/comments?post=6457"}],"version-history":[{"count":0,"href":"https:\/\/www.frantiskani.cz\/index.php\/wp-json\/wp\/v2\/posts\/6457\/revisions"}],"wp:attachment":[{"href":"https:\/\/www.frantiskani.cz\/index.php\/wp-json\/wp\/v2\/media?parent=6457"}],"wp:term":[{"taxonomy":"category","embeddable":true,"href":"https:\/\/www.frantiskani.cz\/index.php\/wp-json\/wp\/v2\/categories?post=6457"},{"taxonomy":"post_tag","embeddable":true,"href":"https:\/\/www.frantiskani.cz\/index.php\/wp-json\/wp\/v2\/tags?post=6457"}],"curies":[{"name":"wp","href":"https:\/\/api.w.org\/{rel}","templated":true}]}}