{"id":6458,"date":"2023-02-09T12:34:18","date_gmt":"2023-02-09T11:34:18","guid":{"rendered":"https:\/\/www.frantiskani.cz\/index.php\/2023\/02\/09\/rehole-hlava-i-sfr\/"},"modified":"2023-02-09T12:34:18","modified_gmt":"2023-02-09T11:34:18","slug":"rehole-hlava-i-sfr","status":"publish","type":"post","link":"https:\/\/www.frantiskani.cz\/index.php\/2023\/02\/09\/rehole-hlava-i-sfr\/","title":{"rendered":"\u0158ehole \u2013 hlava I. (SF\u0158)"},"content":{"rendered":"<div class=\"et_pb_section et_pb_section_7 et_section_regular\">\n<div class=\"et_pb_row et_pb_row_7\">\n<div class=\"et_pb_column et_pb_column_4_4 et_pb_column_7  et_pb_css_mix_blend_mode_passthrough et-last-child\">\n<div class=\"et_pb_module et_pb_text et_pb_text_7  et_pb_text_align_left et_pb_bg_layout_light\">\n<div class=\"et_pb_text_inner\">\n<h5>Hlava I<\/h5>\n<h2>SEKUL\u00c1RN\u00cd FRANTI\u0160K\u00c1NSK\u00dd \u0158\u00c1D (SF\u0158)<span><em>[1]<\/em><\/span><\/h2>\n<p>1. Mezi duchovn\u00edmi rodinami, kter\u00e9 Duch Svat\u00fd probudil v\u00a0c\u00edrkvi <span>[2]<\/span>, sdru\u017euje franti\u0161k\u00e1nsk\u00e1 rodina v\u0161echny \u010dleny Bo\u017e\u00edho lidu \u2013 laiky, \u0159eholn\u00edky i\u00a0kn\u011bze \u2013 kte\u0159\u00ed se c\u00edt\u00ed povol\u00e1ni n\u00e1sledovat Krista ve stop\u00e1ch sv.\u00a0Franti\u0161ka z\u00a0Assisi.<span> [3]<\/span><br \/>Tito [v\u0161ichni] cht\u011bj\u00ed r\u016fzn\u00fdmi zp\u016fsoby a\u00a0formami, ale v \u017eiv\u00e9m vz\u00e1jemn\u00e9m spole\u010denstv\u00ed, zp\u0159\u00edtom\u0148ovat spole\u010dn\u00e9 charisma seraf\u00ednsk\u00e9ho Otce v\u00a0\u017eivot\u011b a\u00a0posl\u00e1n\u00ed c\u00edrkve.<span> [4]<\/span><\/p>\n<p>2. V\u00a0r\u00e1mci t\u00e9to [franti\u0161k\u00e1nsk\u00e9] rodiny zauj\u00edm\u00e1 sv\u00e9 zvl\u00e1\u0161tn\u00ed m\u00edsto Sekul\u00e1rn\u00ed franti\u0161k\u00e1nsk\u00fd \u0159\u00e1d, kter\u00fd je charakterizov\u00e1n jako organick\u00e1 jednota v\u0161ech katolick\u00fdch bratrsk\u00fdch spole\u010denstv\u00ed (fraternit), rozpt\u00fdlen\u00fdch po cel\u00e9m sv\u011bt\u011b a\u00a0otev\u0159en\u00fdch pro v\u0161echny skupiny v\u011b\u0159\u00edc\u00edch. V t\u011bchto bratrsk\u00fdch spole\u010denstv\u00edch se brat\u0159i a sestry z\u00a0podn\u011btu Ducha Svat\u00e9ho sna\u017e\u00ed ve sv\u00e9m sv\u011btsk\u00e9m stavu dosahovat dokonalosti v l\u00e1sce a profes\u00ed (slibem) se zavazuj\u00ed \u017e\u00edt evangelium tak jako sv.\u00a0Franti\u0161ek podle t\u00e9to \u0158ehole, potvrzen\u00e9 c\u00edrkv\u00ed. <span>[5]<\/span><\/p>\n<p>3. Tato \u0158ehole po [dokumentu] \u201cMemoriale propositi\u201d (1221) a\u00a0po \u0159ehol\u00edch schv\u00e1len\u00fdch pape\u017ei Mikul\u00e1\u0161em\u00a0IV. a\u00a0Lvem\u00a0XIII. p\u0159izp\u016fsobuje Sekul\u00e1rn\u00ed franti\u0161k\u00e1nsk\u00fd \u0159\u00e1d pot\u0159eb\u00e1m a\u00a0o\u010dek\u00e1v\u00e1n\u00edm svat\u00e9 c\u00edrkve ve zm\u011bn\u011bn\u00fdch podm\u00ednk\u00e1ch doby. V\u00fdklad \u0158ehole p\u0159\u00edslu\u0161\u00ed Svat\u00e9mu stolci. \u0158ehole se bude uv\u00e1d\u011bt do \u017eivota podle Gener\u00e1ln\u00edch konstituc\u00ed a\u00a0zvl\u00e1\u0161tn\u00edch stanov.<\/p>\n<p>Odkazy<\/p>\n<p><span>[1]franti\u0161k\u00e1nsk\u00fd \u0159\u00e1d [\u010di T\u0159et\u00ed \u0159\u00e1d sv. Franti\u0161ka] (latinsky Tertius ordo franciscanus), zkratka TOF.franti\u0161k\u00e1nsk\u00fd \u0159\u00e1d [\u010di T\u0159et\u00ed \u0159\u00e1d sv. Franti\u0161ka] (latinsky Tertius ordo franciscanus), zkratka TOF.<\/span><\/p>\n<p><span>[2]Konstituce Lumen Gentium 43<\/span><\/p>\n<p><span> [3]Pius XII., Promluva k\u00a0terci\u00e1\u0159\u016fm 1 (1.7.1956)<\/span><\/p>\n<p><span>[4]Apostolicam Actuositatem 4,8<\/span><\/p>\n<p><span>[5]z\u0159izovat.<\/span><\/p>\n<\/div><\/div>\n<\/div>\n<\/div>\n<\/div>","protected":false},"excerpt":{"rendered":"<p>Hlava I SEKUL\u00c1RN\u00cd FRANTI\u0160K\u00c1NSK\u00dd \u0158\u00c1D (SF\u0158)[1] 1. Mezi duchovn\u00edmi rodinami, kter\u00e9 Duch Svat\u00fd probudil v\u00a0c\u00edrkvi [2], sdru\u017euje franti\u0161k\u00e1nsk\u00e1 rodina v\u0161echny &hellip; <\/p>\n","protected":false},"author":0,"featured_media":0,"comment_status":"open","ping_status":"open","sticky":false,"template":"","format":"standard","meta":{"footnotes":""},"categories":[6,28],"tags":[],"class_list":["post-6458","post","type-post","status-publish","format-standard","hentry","category-frantiskanskarodina","category-sekularni-frantiskani","latest_post"],"_links":{"self":[{"href":"https:\/\/www.frantiskani.cz\/index.php\/wp-json\/wp\/v2\/posts\/6458","targetHints":{"allow":["GET"]}}],"collection":[{"href":"https:\/\/www.frantiskani.cz\/index.php\/wp-json\/wp\/v2\/posts"}],"about":[{"href":"https:\/\/www.frantiskani.cz\/index.php\/wp-json\/wp\/v2\/types\/post"}],"replies":[{"embeddable":true,"href":"https:\/\/www.frantiskani.cz\/index.php\/wp-json\/wp\/v2\/comments?post=6458"}],"version-history":[{"count":0,"href":"https:\/\/www.frantiskani.cz\/index.php\/wp-json\/wp\/v2\/posts\/6458\/revisions"}],"wp:attachment":[{"href":"https:\/\/www.frantiskani.cz\/index.php\/wp-json\/wp\/v2\/media?parent=6458"}],"wp:term":[{"taxonomy":"category","embeddable":true,"href":"https:\/\/www.frantiskani.cz\/index.php\/wp-json\/wp\/v2\/categories?post=6458"},{"taxonomy":"post_tag","embeddable":true,"href":"https:\/\/www.frantiskani.cz\/index.php\/wp-json\/wp\/v2\/tags?post=6458"}],"curies":[{"name":"wp","href":"https:\/\/api.w.org\/{rel}","templated":true}]}}