{"id":6502,"date":"2023-02-13T20:29:18","date_gmt":"2023-02-13T19:29:18","guid":{"rendered":"https:\/\/www.frantiskani.cz\/index.php\/2023\/02\/13\/rehole-2023-sdileni-3\/"},"modified":"2023-02-13T20:29:18","modified_gmt":"2023-02-13T19:29:18","slug":"rehole-2023-sdileni-3","status":"publish","type":"post","link":"https:\/\/www.frantiskani.cz\/index.php\/2023\/02\/13\/rehole-2023-sdileni-3\/","title":{"rendered":"\u0158ehole 2023 \u2013 sd\u00edlen\u00ed \u2013 3"},"content":{"rendered":"<div class=\"wp-block-file\"><a href=\"https:\/\/www.frantiskani.cz\/Sekularnifrantiskani\/wp-content\/uploads\/2023\/02\/5-FORMACE-cl-5_8_20230504.doc\">5-FORMACE-cl-5_8_20230504<\/a><a href=\"https:\/\/www.frantiskani.cz\/Sekularnifrantiskani\/wp-content\/uploads\/2023\/02\/5-FORMACE-cl-5_8_20230504.doc\" class=\"wp-block-file__button wp-element-button\">St\u00e1hnout<\/a><\/div>\n<p><strong>FORMACE (3. setk\u00e1n\u00ed brat\u0159\u00ed a sester )<\/strong><\/p>\n<p class=\"has-blush-light-purple-gradient-background has-background has-large-font-size\"><strong>Reflexe z\u00a0minul\u00e9ho setk\u00e1n\u00ed<\/strong><strong>,<\/strong><\/p>\n<p class=\"has-very-light-gray-to-cyan-bluish-gray-gradient-background has-background\">zab\u00fdvali jsme se 4. \u010dl\u00e1nkem \u0158ehole (tj. <strong>zachov\u00e1vat evangelium na\u0161eho P\u00e1na Je\u017e\u00ed\u0161e Krista podle p\u0159\u00edkladu sv. Franti\u0161ka z\u00a0Assisi<\/strong>) \u2013 n\u00e1m\u011bty k\u00a0p\u0159em\u00fd\u0161len\u00ed byly n\u00e1sleduj\u00edc\u00ed:<\/p>\n<p class=\"has-very-light-gray-to-cyan-bluish-gray-gradient-background has-background\"><strong>1. J\u00e1 a Kristus. Pro Franti\u0161ka byl Kristus v\u0161\u00edm<\/strong>. <em>K\u00fdm je pro m\u011b Kristus. M\u00e1m ho r\u00e1d? \u0158\u00edk\u00e1m mu to jen slovy nebo i jinak? M\u00e1m na n\u011bho v\u016fbec \u010das? Mluv\u00edm s n\u00edm a po\u010d\u00edt\u00e1m s n\u00edm v \u017eivot\u011b? D\u00e1v\u00e1m mu opravdu v\u0161echno? Mysl\u00edm si, \u017ee ho zn\u00e1m, nebo ho chci je\u0161t\u011b v\u00edce pozn\u00e1vat? Jak?<\/em><\/p>\n<p class=\"has-very-light-gray-to-cyan-bluish-gray-gradient-background has-background\"><strong>2. J\u00e1 a evangelium. Evangelium by m\u011blo b\u00fdt m\u00fdm \u017eivotem. <\/strong><em>Co si o tom mysl\u00edm a jak tomu rozum\u00edm? Jak \u010dasto si evangelium p\u0159e\u010dtu? Jak o n\u011bm rozj\u00edm\u00e1m? Jak\u00e9 je mi nejbli\u017e\u0161\u00ed? \u010cemu moc nerozum\u00edm? Pro\u010d bych si m\u011bl evangelium v\u016fbec \u010d\u00edst?<\/em><\/p>\n<p class=\"has-very-light-gray-to-cyan-bluish-gray-gradient-background has-background\"><strong>3. Pokuste se vzpomenout, kdy v\u00e1s evangelium n\u011bjak\u00fdm zp\u016fsobem zas\u00e1hlo (p\u0159ekvapilo, vyjasnilo, pomohlo)<\/strong> <em>a jak byste tuto zku\u0161enost sd\u011blili ostatn\u00edm?<\/em><\/p>\n<p class=\"has-large-font-size\"><strong>Dne\u0161n\u00ed t\u00e9ma:<\/strong><\/p>\n<p class=\"has-white-color has-text-color has-background\"><strong>\u017divot ze sv\u00e1tost\u00ed ve spole\u010denstv\u00ed c\u00edrkve \u2013<\/strong><\/p>\n<p class=\"has-white-color has-text-color has-background\"><strong>(\u010cl\u00e1nek 5. a\u017e 8. \u0158ehole SF\u0158<\/strong>)<\/p>\n<p class=\"has-white-color has-text-color has-background\"><strong>5.<\/strong><\/p>\n<p class=\"has-white-color has-text-color has-background\"><strong>A\u0165 proto sekul\u00e1rn\u00ed franti\u0161k\u00e1ni hledaj\u00ed Krista \u017eiv\u00e9ho a p\u016fsob\u00edc\u00edho v brat\u0159\u00edch a sestr\u00e1ch, v P\u00edsmu svat\u00e9m, v c\u00edrkvi i v liturgick\u00fdch \u00fakonech. A\u0165 je pro n\u011b inspirac\u00ed a cestou jejich eucharistick\u00e9ho \u017eivota v\u00edra sv. Franti\u0161ka, kter\u00fd dal napsat tato slova: \u201eNevid\u00edm t\u011blesn\u011b na tomto sv\u011bt\u011b z\u00a0nejvy\u0161\u0161\u00edho Syna Bo\u017e\u00edho nic ne\u017e jeho nejsv\u011bt\u011bj\u0161\u00ed t\u011blo a nejsv\u011bt\u011bj\u0161\u00ed krev\u201d.<\/strong><\/p>\n<p class=\"has-white-color has-text-color has-background\"><strong>6.<\/strong><\/p>\n<p class=\"has-white-color has-text-color has-background\"><strong>Kdy\u017e byli ve k\u0159tu spolu s Kristem poh\u0159beni a vzk\u0159\u00ed\u0161eni, a tak se stali \u017eiv\u00fdmi \u00fady c\u00edrkve, a kdy\u017e k n\u011bmu byli je\u0161t\u011b t\u011bsn\u011bji p\u0159ipojeni skrze profesi, a\u0165 se stanou sv\u011bdky a n\u00e1stroji jeho posl\u00e1n\u00ed mezi lidmi a hl\u00e1saj\u00ed Krista \u017eivotem i slovy. A proto\u017ee se nechali inspirovat sv. Franti\u0161kem a spolu s n\u00edm jsou povol\u00e1ni obnovovat c\u00edrkev, a\u0165 se horliv\u011b sna\u017e\u00ed \u017e\u00edt v\u00a0pln\u00e9m spole\u010denstv\u00ed s pape\u017eem, biskupy a kn\u011b\u017e\u00edmi a napom\u00e1haj\u00ed otev\u0159en\u00e9mu i apo\u0161tolsky tvo\u0159iv\u00e9mu a plodn\u00e9mu dialogu pln\u00e9mu d\u016fv\u011bry.<\/strong><\/p>\n<p class=\"has-white-color has-text-color has-background\"><strong>7.<\/strong><\/p>\n<p class=\"has-white-color has-text-color has-background\"><strong>Jako \u201ekaj\u00edc\u00ed brat\u0159i a sestry\u201d podn\u011bcovan\u00ed na z\u00e1klad\u011b sv\u00e9ho povol\u00e1n\u00ed dynamickou silou evangelia a\u0165 naprostou a dokonalou vnit\u0159n\u00ed prom\u011bnou uv\u00e1d\u011bj\u00ed sv\u016fj zp\u016fsob my\u0161len\u00ed a jedn\u00e1n\u00ed do souladu s Kristem. [Tuto prom\u011bnu], kterou samo evangelium naz\u00fdv\u00e1 \u201eobr\u00e1cen\u00edm\u201d, je vzhledem k lidsk\u00e9 k\u0159ehkosti t\u0159eba konat denn\u011b. Na t\u00e9to cest\u011b obnovy je sv\u00e1tost sm\u00ed\u0159en\u00ed v\u00fdsadn\u00edm znamen\u00edm Otcova milosrdenstv\u00ed a pramenem milosti.<\/strong><\/p>\n<p class=\"has-white-color has-text-color has-background\"><strong>8.<\/strong><\/p>\n<p class=\"has-white-color has-text-color has-background\"><strong>Tak jako se Je\u017e\u00ed\u0161 vpravd\u011b klan\u011bl Otci, tak a\u0165 i oni u\u010din\u00ed modlitbu a kontemplaci st\u0159edem sv\u00e9 existence i \u010dinnosti. A\u0165 se \u00fa\u010dastn\u00ed sv\u00e1tostn\u00e9ho \u017eivota c\u00edrkve, p\u0159edev\u0161\u00edm eucharistie, a p\u0159ipojuj\u00ed se k liturgick\u00e9 modlitb\u011b jednou z forem, kter\u00e9 c\u00edrkev p\u0159edkl\u00e1d\u00e1. Tak a\u0165 [v sob\u011b] obnovuj\u00ed tajemstv\u00ed Kristova \u017eivota.<\/strong><\/p>\n<p class=\"has-white-color has-text-color has-background\"><strong>Slovo k\u00a0dne\u0161n\u00edmu \u010dten\u00ed \u0158ehole, tj. k\u00a0\u010dl\u00e1nk\u016fm 5. a\u017e 8.<\/strong><\/p>\n<p class=\"has-medium-font-size\"><strong>Slu\u017eba Bohu v C\u00edrkvi<\/strong><\/p>\n<p>K\u0159tem vstupujeme do Bo\u017e\u00ed rodiny, do d\u016fv\u011brn\u00e9 bl\u00edzkosti Boha a On n\u00e1s v n\u011bm p\u0159ij\u00edm\u00e1 za sv\u00e9 d\u011bti. K\u0159tem um\u00edr\u00e1me sami sob\u011b a rod\u00edme se pro Boha, pro \u017eivot nav\u011bky s n\u00edm, v radosti a l\u00e1sce. Profes je svou podstatou obnova k\u0159estn\u00edho slibu. A hned jsme u j\u00e1dra cel\u00e9ho dne\u0161n\u00edho t\u00e9matu.<\/p>\n<p>N\u011bco podobn\u00e9ho se d\u011bje p\u0159i profesi. I tam se n\u011bco m\u011bn\u00ed. Prohlubuje se na\u0161e postaven\u00ed, na\u0161e odpov\u011bdnost i cel\u00e1 na\u0161e existence. Zasv\u011bcujeme se slu\u017eb\u011b evangeliu, slu\u017eb\u011b Bo\u017e\u00edmu kr\u00e1lovstv\u00ed tam, kde se od n\u00e1s na\u0161e slu\u017eba o\u010dek\u00e1v\u00e1. A p\u0159ece nejsme pasov\u00e1ni na slu\u017eebn\u00edky, ale na bratry a sestry, proto\u017ee my v\u00edme, kdo je Otec a v\u00edme i to, \u017ee jsme to nebyli my, kdo si tuto slu\u017ebu l\u00e1sky zvolil, ale \u017ee to byl P\u00e1n, kter\u00fd tady s n\u00e1mi po\u010d\u00edt\u00e1 u\u017e od v\u011b\u010dnosti. Proto je tolik d\u016fle\u017eit\u00e9 rozv\u00edjet onu slu\u017ebu, sv\u016fj \u017eivot, v z\u00e1vislosti na P\u00e1nov\u011b v\u016fli. Ve v\u011brnosti katolick\u00e9 c\u00edrkvi.<\/p>\n<p class=\"has-medium-font-size\"><strong>Franti\u0161ek a C\u00edrkev<\/strong><\/p>\n<p>V\u0161ichni dob\u0159e v\u00edme, jak Franti\u0161ek c\u00edrkev miloval. Byla mu skute\u010dnou matkou, do jej\u00edch rukou odevzdal celou svoji pr\u00e1ci, cel\u00e9 sv\u00e9 d\u00edlo. Franti\u0161ek, i kdy\u017e vid\u011bl jej\u00ed nedokonalosti a obt\u00ed\u017ee, nikdy ji necht\u011bl reformovat a napravovat, ale sp\u00ed\u0161e se um\u011bl sklonit a i takovou ji p\u0159in\u00e1\u0161et P\u00e1nu za ob\u011b\u0165. Franti\u0161ek j\u00ed v\u011b\u0159il, ale ne slep\u011b jako n\u011bjak\u00e9 instituci, ale jako Snoubence Nejvy\u0161\u0161\u00edho Kr\u00e1le, proto\u017ee m\u011bl jistotu, \u017ee v n\u00ed Kristus \u017eije, \u017ee je pln\u00e1 Ducha svat\u00e9ho, \u017ee jen jako jej\u00ed syn m\u016f\u017ee naplno slou\u017eit sv\u00e9mu P\u00e1nu a tak naplno b\u00fdt men\u0161\u00edm bratrem Franti\u0161kem. Franti\u0161ek c\u00edrkev miloval, proto\u017ee poznal Kristovu l\u00e1sku k n\u00ed. C\u00edrkev mu byla m\u00edstem nejd\u016fv\u011brn\u011bj\u0161\u00edho setk\u00e1n\u00ed a sd\u00edlen\u00ed se s Bohem, m\u00edstem zasl\u00edben\u00ed a nov\u00fdm Jeruzal\u00e9mem, m\u00edstem, kde se Kristova l\u00e1ska p\u0159ij\u00edm\u00e1 v plnosti. Z takov\u00e9ho pozn\u00e1n\u00ed pak pramen\u00ed v\u0161echny jeho postoje v\u016f\u010di n\u00ed a v takov\u00e9m postoji l\u00e1sky pak m\u016f\u017ee skute\u010dn\u011b opravovat d\u016fm, kter\u00fd se rozpadal. V\u017edy\u0165 l\u00e1ska je svorn\u00edkem dokonalosti.<\/p>\n<p class=\"has-medium-font-size\"><strong>Sekul\u00e1rn\u00ed franti\u0161k\u00e1ni a C\u00edrkev<\/strong><\/p>\n<p>Podobn\u011b i my jsme povol\u00e1ni k \u201ezednick\u00e9mu \u0159emeslu\u201c. Byla n\u00e1m d\u00e1na mo\u017enost, abychom se pod\u00edleli na t\u00e9 \u00fa\u017easn\u00e9 stavb\u011b c\u00edrkve. My u\u017e te\u010f jsme jej\u00edmi \u017eiv\u00fdmi kameny, jestli\u017ee se nech\u00e1v\u00e1me o\u017eivovat Duchem a \u017eijeme podle jeho p\u0159\u00e1n\u00ed, ale nav\u00edc jsme povol\u00e1n\u00ed k tomu, abychom zkr\u00e1\u0161lovali kameny n\u011bjak po\u0161kozen\u00e9 nebo doplnili ony vypaden\u00e9, pom\u00e1hali p\u0159in\u00e1\u0161et ony zatoulan\u00e9 nebo hledat zcela nov\u00e9. A to v\u0161echno abychom pak spojovali pevnou maltou poslu\u0161nosti, maj\u00edc\u00ed z\u00e1klad v poslu\u0161nosti l\u00e1sky, na kter\u00e9 cel\u00e1 stavba stoj\u00ed. A \u017e\u00e1dn\u00fd stavebn\u00ed pl\u00e1n, uspo\u0159\u00e1d\u00e1n\u00ed stavby toti\u017e hierarchie c\u00edrkve, n\u00e1m pak u\u017e nem\u016f\u017ee b\u00fdt na p\u0159ek\u00e1\u017eku, proto\u017ee tu bude v\u011bdom\u00ed vlastn\u00ed u\u017eite\u010dnosti a nepostradatelnosti, stejn\u011b jako ocen\u011bn\u00ed u\u017eite\u010dnosti a nepostradatelnosti druh\u00fdch a v\u00a0pochopen\u00ed vlastn\u00ed slabosti, porozum\u011bn\u00ed i k\u0159ehkosti druh\u00fdch. Nad takovou stavbou pak z\u00e1\u0159\u00ed duha Bo\u017e\u00ed p\u0159\u00edtomnosti a milosrdenstv\u00ed.<\/p>\n<p class=\"has-medium-font-size\"><strong>C\u00edrkev a sv\u00e1tosti<\/strong><\/p>\n<p>C\u00edrkev je pramenem \u017eivota. C\u00edrkev p\u0159et\u00e9k\u00e1 \u017eivotem, je ho \u00fapln\u011b pln\u00e1. V c\u00edrkvi se<\/p>\n<p>zp\u0159\u00edtom\u0148uje a obnovuje tajemstv\u00ed \u017eivota samotn\u00e9ho Boha. V c\u00edrkvi do tohoto Bo\u017e\u00edho \u017eivota vstupujeme. B\u016fh se n\u00e1m daruje a n\u00e1\u0161 dar p\u0159ij\u00edm\u00e1 ve sv\u00e1tostech. Je to neskute\u010dn\u011b velik\u00fd projev Bo\u017e\u00ed l\u00e1sky a d\u016fv\u011bry \u010dlov\u011bku. V nich B\u016fh nejjasn\u011bji ukazuje \u010dlov\u011bku, co od n\u011bho \u017e\u00e1d\u00e1, a ukazuje mu to s\u00e1m na sob\u011b. B\u016fh se skl\u00e1n\u00ed k \u010dlov\u011bku, aby se \u010dlov\u011bk kone\u010dn\u011b sklonil p\u0159ed Bohem. V tom je cel\u00e9 um\u011bn\u00ed svatosti, skl\u00e1n\u011bt se p\u0159ed Bohem a nech\u00e1vat se od n\u011bho obdarovat, zkr\u00e1\u0161lovat a proza\u0159ovat jeho sl\u00e1vou a \u017eivotem. Tak B\u016fh dojat\u00fd lidskou k\u0159ehkost\u00ed a slabost\u00ed s\u00e1m sestupuje k \u010dlov\u011bku a nech\u00e1v\u00e1 ho st\u00e1t se Bohem, nech\u00e1v\u00e1 ho vstoupit do sv\u00e9ho srdce, aby ho ukonej\u0161il a nasytil svou l\u00e1skou. Aby tak mocn\u00e9 sesadil z tr\u016fnu a pon\u00ed\u017een\u00e9 pov\u00fd\u0161il, hladov\u00e9 nasytil dobr\u00fdmi v\u011bcmi a bohat\u00e9 propustil s pr\u00e1zdnou.<\/p>\n<p>Franti\u0161ek byl naprosto zasa\u017een t\u00edmto Bo\u017e\u00edm jedn\u00e1n\u00edm. Nejvy\u0161\u0161\u00ed pokora samotn\u00e9ho Boha mu nedala sp\u00e1t. Pokora to je um\u011bn\u00ed klan\u011bt se a skl\u00e1n\u011bt se. Kolikr\u00e1t se Franti\u0161ek klan\u011bl P\u00e1nu, nejen tady ale i sm\u011brem ke v\u0161em kostel\u016fm na cel\u00e9m sv\u011bt\u011b a chv\u00e1lil ho, \u017ee sv\u00fdm svat\u00fdm k\u0159\u00ed\u017eem vykoupil sv\u011bt.<\/p>\n<p>Jak miloval kostely, kde v\u011bd\u011bl, \u017ee je ulo\u017eeno nejvy\u0161\u0161\u00ed tajemstv\u00ed Bo\u017e\u00ed pokory a jak vroucn\u011b k\u00a0n\u011bmu p\u0159istupoval. S jakou \u00fazkostlivost\u00ed se staral, aby bylo P\u00e1nu dob\u0159e v jeho srdci i na m\u00edst\u011b, kde bylo jeho Nejsv\u011bt\u011bj\u0161\u00ed T\u011blo uchov\u00e1v\u00e1no. Jist\u011b to nebylo z p\u0159epjat\u00e9 zbo\u017enosti. Franti\u0161ek prost\u011b v\u011b\u0159il a um\u011bl se klan\u011bt, miloval Bo\u017e\u00ed pokoru, kterou cht\u011bl \u017e\u00edt. Pokora Krista je z\u00e1kladem Franti\u0161kovy chudoby, Kristova poslu\u0161nost je z\u00e1kladem Franti\u0161kovy l\u00e1sky, Kristova l\u00e1ska je z\u00e1kladem Franti\u0161kova \u017eivota a svatosti. To se t\u00fdk\u00e1 i n\u00e1s. Jestli\u017ee p\u016fjdeme ve Franti\u0161kov\u00fdch stop\u00e1ch, nem\u016f\u017eeme zapomenout na setk\u00e1v\u00e1n\u00ed s Nejvy\u0161\u0161\u00edm ve sv\u00e1tostech. On tam na n\u00e1s \u010dek\u00e1. A p\u0159i ka\u017ed\u00e9m takov\u00e9m setk\u00e1n\u00ed je p\u0159ipraven\u00fd darovat n\u00e1m cel\u00e9 nebe, jestli budeme cht\u00edt. M\u011bjme odvahu za n\u00edm p\u0159ij\u00edt \u00fapln\u011b prost\u011b a jednodu\u0161e ho \u017e\u00e1dat o jeho l\u00e1sku, ukazujme mu tak svoji mali\u010dkost a nezku\u0161enost, d\u00e1vejme mu mal\u00e9 a pokorn\u00e9 srdce, kter\u00e9 se skl\u00e1n\u00ed p\u0159ed jeho vzne\u0161enost\u00ed a On jist\u011b p\u0159i pohledu na na\u0161\u00ed up\u0159\u00edmnou a radostnou zkrou\u0161enost a p\u0159i vzpom\u00ednce na srdce sv\u00e9ho Syna, neodol\u00e1 \u017e\u00e1dn\u00e9 na\u0161\u00ed prosb\u011b a daruje n\u00e1m s\u00e1m sebe, Dar v\u0161ech dar\u016f. Tak budeme moci odej\u00edt bohat\u00ed samotn\u00fdm Bohem a takov\u00fd Dar p\u0159in\u00e1\u0161et sv\u00fdm brat\u0159\u00edm a sestr\u00e1m sv\u00fdm jedn\u00e1n\u00edm a cel\u00fdm \u017eivotem. <\/p>\n<p class=\"has-white-color has-text-color has-background\"><strong>Shrnut\u00ed: \u017divot sekul\u00e1rn\u00edch franti\u0161k\u00e1n\u016f je evangelium Je\u017e\u00ed\u0161e Krista.<\/strong><\/p>\n<p class=\"has-very-light-gray-to-cyan-bluish-gray-gradient-background has-background\"><strong>K\u00a0zamy\u0161len\u00ed<\/strong><\/p>\n<p class=\"has-very-light-gray-to-cyan-bluish-gray-gradient-background has-background\"><strong>1. C\u00edrkev a j\u00e1<\/strong><\/p>\n<p class=\"has-very-light-gray-to-cyan-bluish-gray-gradient-background has-background\"><em>Kdy jste doopravdy poc\u00edtili, \u017ee pat\u0159\u00edte do c\u00edrkve a m\u011bli jste z\u00a0toho radost? Jsou i okam\u017eiky, kdy v\u00e1m v n\u00ed nebylo dob\u0159e? Co pro m\u011b c\u00edrkev znamen\u00e1? Co si mysl\u00edm o jej\u00ed budoucnosti? Jak\u00e9 je m\u00e9 m\u00edsto v c\u00edrkvi? \u00da\u010dastn\u00edm se n\u011bjak aktivn\u011b \u017eivota ve farnosti? Zn\u00e1m lidi, se kter\u00fdmi se v kostele potk\u00e1v\u00e1m? A co kn\u011bz? Dok\u00e1\u017eu p\u0159ed nev\u011b\u0159\u00edc\u00edmi svoji c\u00edrkev obh\u00e1jit? Jak\u00fd c\u00edrkevn\u00ed sv\u00e1tek m\u00e1m nejrad\u011bji?<\/em><\/p>\n<p class=\"has-very-light-gray-to-cyan-bluish-gray-gradient-background has-background\"><strong>2. Sv\u00e1tosti<\/strong><\/p>\n<p class=\"has-very-light-gray-to-cyan-bluish-gray-gradient-background has-background\"><em>V\u00edm, kdy jsem byl pok\u0159t\u011bn\u00fd(\u00e1) a uv\u011bdomuji si v\u00fdznam k\u0159tu pro vlastn\u00ed \u017eivot? Jak\u00fd je v\u00fdznam sv\u00e1tost\u00ed pro rozvoj duchovn\u00edho \u017eivota a kter\u00e9 to jsou? Jak\u00e1 sv\u00e1tost je m\u00e1 nejobl\u00edben\u011bj\u0161\u00ed a pro\u010d? S jakou m\u00e1m nejv\u011bt\u0161\u00ed pot\u00ed\u017ee? Pro\u010d v\u016fbec bych m\u011bl p\u0159ij\u00edmat sv\u00e1tosti? Pro\u010d chod\u00edm na m\u0161i cvatou? Co od n\u00ed o\u010dek\u00e1v\u00e1m? Najdu si n\u011bkdy \u010das na adoraci? Jak se mpodl\u00edm \u2013 p\u0159iv\u00e1d\u00ed mne motlitba bl\u00ed\u017ee k\u00a0Bohu? Chod\u00edm ke zpov\u011bdi a jak ji vn\u00edm\u00e1m?<\/em><\/p>","protected":false},"excerpt":{"rendered":"<p>5-FORMACE-cl-5_8_20230504St\u00e1hnout FORMACE (3. setk\u00e1n\u00ed brat\u0159\u00ed a sester ) Reflexe z\u00a0minul\u00e9ho setk\u00e1n\u00ed, zab\u00fdvali jsme se 4. \u010dl\u00e1nkem \u0158ehole (tj. zachov\u00e1vat evangelium &hellip; <\/p>\n","protected":false},"author":0,"featured_media":0,"comment_status":"open","ping_status":"open","sticky":false,"template":"","format":"standard","meta":{"footnotes":""},"categories":[6,28],"tags":[],"class_list":["post-6502","post","type-post","status-publish","format-standard","hentry","category-frantiskanskarodina","category-sekularni-frantiskani","latest_post"],"_links":{"self":[{"href":"https:\/\/www.frantiskani.cz\/index.php\/wp-json\/wp\/v2\/posts\/6502","targetHints":{"allow":["GET"]}}],"collection":[{"href":"https:\/\/www.frantiskani.cz\/index.php\/wp-json\/wp\/v2\/posts"}],"about":[{"href":"https:\/\/www.frantiskani.cz\/index.php\/wp-json\/wp\/v2\/types\/post"}],"replies":[{"embeddable":true,"href":"https:\/\/www.frantiskani.cz\/index.php\/wp-json\/wp\/v2\/comments?post=6502"}],"version-history":[{"count":0,"href":"https:\/\/www.frantiskani.cz\/index.php\/wp-json\/wp\/v2\/posts\/6502\/revisions"}],"wp:attachment":[{"href":"https:\/\/www.frantiskani.cz\/index.php\/wp-json\/wp\/v2\/media?parent=6502"}],"wp:term":[{"taxonomy":"category","embeddable":true,"href":"https:\/\/www.frantiskani.cz\/index.php\/wp-json\/wp\/v2\/categories?post=6502"},{"taxonomy":"post_tag","embeddable":true,"href":"https:\/\/www.frantiskani.cz\/index.php\/wp-json\/wp\/v2\/tags?post=6502"}],"curies":[{"name":"wp","href":"https:\/\/api.w.org\/{rel}","templated":true}]}}