{"id":6504,"date":"2023-02-14T08:16:53","date_gmt":"2023-02-14T07:16:53","guid":{"rendered":"https:\/\/www.frantiskani.cz\/?p=6504"},"modified":"2023-02-14T08:16:58","modified_gmt":"2023-02-14T07:16:58","slug":"bozi-pocity","status":"publish","type":"post","link":"https:\/\/www.frantiskani.cz\/index.php\/2023\/02\/14\/bozi-pocity\/","title":{"rendered":"Bo\u017e\u00ed pocity&nbsp;&nbsp;&nbsp;&nbsp;"},"content":{"rendered":"\n<h6 class=\"wp-block-heading\">Sedm\u00fd t\u00fdden: Hebrej\u0161t\u00ed proroci<\/h6>\n\n\n\n<p><em>Ve sv\u00fdch p\u0159edn\u00e1\u0161k\u00e1ch o hebrejsk\u00fdch proroc\u00edch z roku 1980 otec Richard identifikoval v\u00e1\u0161e\u0148 prorok\u016f, kter\u00e1 je z\u00e1rove\u0148 v\u00e1\u0161n\u00ed Bo\u017e\u00ed:<\/em><\/p>\n\n\n\n<h4 class=\"wp-block-heading\">Proroci jsou cestou do Bo\u017e\u00edho srdce<\/h4>\n\n\n\n<p>Proroci jsou cestou do Bo\u017e\u00edho srdce. Jejich obrazy, slova a dramata \u010dasto p\u016fsob\u00ed p\u0159ehnan\u011b a absolutisticky. Jsou jak\u00fdmsi pokusem vt\u00e1hnout lidstvo do patosu, citu, intenzity, dokonce i bolesti, kter\u00e9 charakterizuj\u00ed Bo\u017e\u00ed srdce.<\/p>\n\n\n\n<h4 class=\"wp-block-heading\">Proroci se n\u00e1s sna\u017e\u00ed slovy dostat do Bo\u017e\u00edho srdce<\/h4>\n\n\n\n<p>Pokud se na to pod\u00edv\u00e1me p\u0159\u00edli\u0161 logicky, m\u016f\u017eeme si \u0159\u00edci: &#8222;No, to je p\u0159ece zneu\u017eit\u00ed slov.&#8220; Ale to je jenom takov\u00fd p\u0159\u00edklad. Mohli bychom \u0159\u00edci, \u017ee B\u016fh nem\u00e1 bolest, cit, touhu nebo hn\u011bv. P\u0159esto se proroci odva\u017euj\u00ed tato slova a obrazy pou\u017e\u00edvat, proto\u017ee proroci mluv\u00ed k n\u00e1m. Prorok v\u00ed, \u017ee jsou to slova, kter\u00fdm m\u016f\u017eeme rozum\u011bt, do kter\u00fdch m\u016f\u017eeme vstoupit a kter\u00e1 n\u00e1s n\u011bjak\u00fdm zp\u016fsobem asimiluj\u00ed do Bo\u017e\u00edho srdce&#8230;..<\/p>\n\n\n\n<h4 class=\"wp-block-heading\">I my pot\u0159ebujeme mluvit o touze a hn\u011bvu a l\u00e1sce<\/h4>\n\n\n\n<p>Poj\u010fme na to z druh\u00e9 strany. V\u00edme a c\u00edt\u00edme; jsme-li Bo\u017e\u00ed d\u011bti, pak se to, co charakterizuje na\u0161e srdce a lidstv\u00ed, mus\u00ed n\u011bjak odr\u00e1\u017eet v tom, kdo je B\u016fh. Mo\u017en\u00e1 jedin\u00fdm zp\u016fsobem, jak se dobrat toho, kdo je B\u016fh, je mluvit o touze, mluvit o hn\u011bvu, mluvit o touze, mluvit o l\u00e1sce. A tak se k tomu odva\u017eujeme my a odva\u017euje se k tomu i prorok.<\/p>\n\n\n\n<p><em>U\u010denec a aktivista rab\u00edn Abraham Joshua Heschel (1907-1972) popisuje spole\u010dnou zku\u0161enost pocit\u016f mezi Bohem a prorokem:<\/em><\/p>\n\n\n\n<h4 class=\"wp-block-heading\">Prorok soun\u00e1le\u017e\u00ed s&nbsp;Bo\u017e\u00edmi pocity<\/h4>\n\n\n<div class=\"wp-block-image is-style-rounded\">\n<figure class=\"alignleft size-full is-resized\"><img loading=\"lazy\" decoding=\"async\" src=\"data:image\/gif;base64,R0lGODlhAQABAAAAACH5BAEKAAEALAAAAAABAAEAAAICTAEAOw==\" data-layzr=\"https:\/\/www.frantiskani.cz\/wp-content\/uploads\/2022\/07\/abraham-joshua-heschel-2.jpg\" alt=\"braham Joshua Heschel\" class=\"wp-image-4707\" width=\"135\" height=\"113\"\/><\/figure>\n<\/div>\n\n\n<p>Z\u00e1kladn\u00ed zku\u0161enost\u00ed proroka je soun\u00e1le\u017eitost s Bo\u017e\u00edmi pocity, soucit s bo\u017esk\u00fdm patosem, spole\u010denstv\u00ed s bo\u017esk\u00fdm v\u011bdom\u00edm&#8230;.. Typick\u00fdm prorock\u00fdm stavem mysli je pohrou\u017een\u00ed do srdce bo\u017esk\u00e9ho patosu. [1]<\/p>\n\n\n\n<p><\/p>\n\n\n\n<p><em>Richard pokra\u010duje:<\/em><\/p>\n\n\n\n<h4 class=\"wp-block-heading\">Prorok se pokou\u0161\u00ed p\u0159edat n\u00e1m bolest, cit,touhu po Bohu<\/h4>\n\n\n\n<p>Proroci se nesna\u017e\u00ed b\u00fdt logi\u010dt\u00ed. Mo\u017en\u00e1 pr\u00e1v\u011b proto se proroci dost\u00e1vaj\u00ed bl\u00ed\u017ee k bo\u017esk\u00e9 skute\u010dnosti ne\u017e mnoz\u00ed racion\u00e1ln\u011bj\u0161\u00ed a rozv\u00e1\u017en\u011bj\u0161\u00ed, logi\u010dt\u011bj\u0161\u00ed a teologi\u010dt\u011bj\u0161\u00ed p\u0159\u00edstupy k Bohu. Pokud hled\u00e1me rozv\u00e1\u017enost a vyv\u00e1\u017eenost, ne\u010dteme proroky. To nen\u00ed jejich posl\u00e1n\u00edm. Nejsou k tomu povol\u00e1ni. Ve sv\u011bt\u011b, kter\u00fd je tak jednostrann\u00fd, st\u00e1le hled\u00e1 sebez\u00e1chovnou, opatrnou, obez\u0159etnou a ochran\u00e1\u0159skou cestu, prorok c\u00edt\u00ed, \u017ee mus\u00ed st\u00e1t daleko v povzd\u00e1l\u00ed a t\u00e1hnout lidstvo na druhou stranu. Mus\u00ed lidstvu pomoci zakusit Bo\u017e\u00ed patos, bolest, cit, touhu, touhu po Bohu&#8230;..<\/p>\n\n\n\n<h4 class=\"wp-block-heading\">Ucelen\u00e9 pochopen\u00ed skute\u010dnosti souvis\u00ed v\u017edy i s pocity<\/h4>\n\n\n\n<p>Jestli\u017ee n\u00e1m u\u010ditel\u00e9 zprost\u0159edkov\u00e1vaj\u00ed p\u0159edstavy o Bohu, pak proroci n\u00e1m zprost\u0159edkov\u00e1vaj\u00ed Bo\u017e\u00ed pocity. To n\u00e1m pom\u00e1h\u00e1 vid\u011bt Je\u017e\u00ed\u0161e jako proroka i u\u010ditele. Je\u017e\u00ed\u0161 \u0159\u00edk\u00e1 Bo\u017e\u00ed slovo, Bo\u017e\u00ed my\u0161lenky, ale spojuje s nimi Bo\u017e\u00ed pocity. Pr\u00e1v\u011b to znamen\u00e1 m\u00edt ucelen\u00e9 ch\u00e1p\u00e1n\u00ed skute\u010dnosti. V\u00edme toho mnohem v\u00edc, ne\u017e ch\u00e1peme, alespo\u0148 pokud naslouch\u00e1me. Pokud se u\u010d\u00edme naslouchat, v\u00edme mnohem v\u00edc, ne\u017e ch\u00e1peme. To, co proroci d\u011blaj\u00ed, je, \u017ee n\u00e1m pom\u00e1haj\u00ed poznat, co v\u00edme.<\/p>\n\n\n\n<p><em>Translated with www.DeepL.com\/Translator (free version),mezinadpisy si dovolil vlo\u017eit p\u0159ekladatel<\/em><\/p>\n\n\n\n<h6 class=\"wp-block-heading\">Prameny:<\/h6>\n\n\n\n<p>[1] Abraham J. Heschel, <em>The Prophets<\/em> (New York: Harper &amp; Row, 1962), 26.<\/p>\n\n\n\n<p>Adapted from Richard Rohr, <em>The Prophets<\/em> (San Antonio, TX: Catholic Charismatic Bible Institute, 1980), audio recording. No longer available for purchase<\/p>\n\n\n\n<p><strong>Image credit:&nbsp;<\/strong>A path from one week to the next\u2014Jenna Keiper, <em>Bisti Badlands<\/em>. Benjamin Yazza, <em>Untitled 6<\/em>. Jenna Keiper, <em>Taos Snow<\/em>. Used with permission. <a href=\"https:\/\/email.cac.org\/t\/d-l-zdldrll-tlkrhyidn-y\/\">Click here to enlarge image<\/a>.<\/p>\n\n\n\n<p><em>Like this bird, the Hebrew prophets sing truth from new vantage points.<\/em><\/p>\n","protected":false},"excerpt":{"rendered":"<p>Jestli\u017ee n\u00e1m u\u010ditel\u00e9 zprost\u0159edkov\u00e1vaj\u00ed p\u0159edstavy o Bohu, pak proroci n\u00e1m zprost\u0159edkov\u00e1vaj\u00ed Bo\u017e\u00ed pocity. To n\u00e1m pom\u00e1h\u00e1 vid\u011bt Je\u017e\u00ed\u0161e jako proroka i u\u010ditele. Je\u017e\u00ed\u0161 \u0159\u00edk\u00e1 Bo\u017e\u00ed slovo, Bo\u017e\u00ed my\u0161lenky, ale spojuje s nimi Bo\u017e\u00ed pocity. Pr\u00e1v\u011b to znamen\u00e1 m\u00edt ucelen\u00e9 ch\u00e1p\u00e1n\u00ed skute\u010dnosti. V\u00edme toho mnohem v\u00edc, ne\u017e ch\u00e1peme, alespo\u0148 pokud naslouch\u00e1me. Pokud se u\u010d\u00edme naslouchat, v\u00edme mnohem v\u00edc, ne\u017e ch\u00e1peme. To, co proroci d\u011blaj\u00ed, je, \u017ee n\u00e1m pom\u00e1haj\u00ed poznat, co v\u00edme.<\/p>\n","protected":false},"author":1,"featured_media":6487,"comment_status":"open","ping_status":"open","sticky":false,"template":"","format":"standard","meta":{"footnotes":""},"categories":[198],"tags":[913,374,951],"class_list":["post-6504","post","type-post","status-publish","format-standard","has-post-thumbnail","hentry","category-richard-rohr-ofm-centrum-pro-zivot-a-rozjimani","tag-bozi-srdce","tag-proroci","tag-slova-proroka","latest_post"],"_links":{"self":[{"href":"https:\/\/www.frantiskani.cz\/index.php\/wp-json\/wp\/v2\/posts\/6504","targetHints":{"allow":["GET"]}}],"collection":[{"href":"https:\/\/www.frantiskani.cz\/index.php\/wp-json\/wp\/v2\/posts"}],"about":[{"href":"https:\/\/www.frantiskani.cz\/index.php\/wp-json\/wp\/v2\/types\/post"}],"author":[{"embeddable":true,"href":"https:\/\/www.frantiskani.cz\/index.php\/wp-json\/wp\/v2\/users\/1"}],"replies":[{"embeddable":true,"href":"https:\/\/www.frantiskani.cz\/index.php\/wp-json\/wp\/v2\/comments?post=6504"}],"version-history":[{"count":1,"href":"https:\/\/www.frantiskani.cz\/index.php\/wp-json\/wp\/v2\/posts\/6504\/revisions"}],"predecessor-version":[{"id":6505,"href":"https:\/\/www.frantiskani.cz\/index.php\/wp-json\/wp\/v2\/posts\/6504\/revisions\/6505"}],"wp:featuredmedia":[{"embeddable":true,"href":"https:\/\/www.frantiskani.cz\/index.php\/wp-json\/wp\/v2\/media\/6487"}],"wp:attachment":[{"href":"https:\/\/www.frantiskani.cz\/index.php\/wp-json\/wp\/v2\/media?parent=6504"}],"wp:term":[{"taxonomy":"category","embeddable":true,"href":"https:\/\/www.frantiskani.cz\/index.php\/wp-json\/wp\/v2\/categories?post=6504"},{"taxonomy":"post_tag","embeddable":true,"href":"https:\/\/www.frantiskani.cz\/index.php\/wp-json\/wp\/v2\/tags?post=6504"}],"curies":[{"name":"wp","href":"https:\/\/api.w.org\/{rel}","templated":true}]}}