{"id":6508,"date":"2023-02-14T17:30:43","date_gmt":"2023-02-14T16:30:43","guid":{"rendered":"https:\/\/www.frantiskani.cz\/index.php\/2023\/02\/14\/g14-clovek-to-sam-neunese\/"},"modified":"2023-02-14T17:30:43","modified_gmt":"2023-02-14T16:30:43","slug":"g14-clovek-to-sam-neunese","status":"publish","type":"post","link":"https:\/\/www.frantiskani.cz\/index.php\/2023\/02\/14\/g14-clovek-to-sam-neunese\/","title":{"rendered":"G14- \u010clov\u011bk to s\u00e1m neunese."},"content":{"rendered":"<p>Texty:\u00a0 <em>Jedno t\u011blo, jeden Duch, k\u00a0jedn\u00e9 nad\u011bji jste byli povol\u00e1ni<\/em> \u2026.<em>nebo\u0165 m\u011bl\u2026zakusit smrt za v\u0161echny\u2026jednou prov\u017edy, kdy\u017e ob\u011btoval s\u00e1m sebe.<\/em><\/p>\n<p>Podobenstv\u00ed o Bo\u017e\u00edm kr\u00e1lovstv\u00ed<\/p>\n<p>Jedinou cestou ven z\u00a0hlubok\u00e9ho smutku z\u00a0reality sv\u011bta je j\u00edt s\u00a0\u201eN\u00edm a skrze N\u011bj\u201c. Mus\u00edme uznat, \u017ee velk\u00fd smutek sv\u011bta sami nezvl\u00e1dneme a tak\u00e9 to, \u017ee ka\u017ed\u00e9 utrpen\u00ed je sou\u010d\u00e1st\u00ed jednoho Velk\u00e9ho tajemstv\u00ed.\u00a0 Bo\u017e\u00ed kr\u00e1lovstv\u00ed je cosi bytostn\u011b spole\u010dn\u00e9ho a sd\u00edlen\u00e9ho. Je to \u201eSpole\u010denstv\u00ed svat\u00fdch\u201c. V\u0161ichni a v\u0161echno, \u017eiv\u00ed i mrtv\u00ed jsou jeden celek (i kdy\u017e v\u00a0r\u016fzn\u00fdch f\u00e1z\u00edch). Jsme sou\u010d\u00e1st\u00ed \u201et\u011bla\u201c.\u00a0 Samotn\u00fd \u010dlov\u011bk je p\u0159\u00edli\u0161 mal\u00fd a nejist\u00fd na to, aby mohl un\u00e9st t\u00edhu sl\u00e1vy a b\u0159emeno h\u0159\u00edchu. Individualizovan\u00e9 ch\u00e1p\u00e1n\u00ed evangelia vede k\u00a0poslu\u0161nosti autorit, poslu\u0161nosti c\u00edrkve, m\u00edsto aby nevy\u0161\u0161\u00ed ctnost\u00ed se pro n\u00e1s stala l\u00e1ska, vz\u00e1jemnost a svornost s\u00a0Bohem.<\/p>\n<p class=\"has-pale-ocean-gradient-background has-background\">Privatizovan\u00e1 sp\u00e1sa nikdy nep\u0159eroste ve spole\u010denskou zm\u011bnu \u2013 p\u0159edev\u0161\u00edm proto, \u017ee p\u0159itahuje a ospravedl\u0148uje individualisty.<\/p>","protected":false},"excerpt":{"rendered":"<p>Texty:\u00a0 Jedno t\u011blo, jeden Duch, k\u00a0jedn\u00e9 nad\u011bji jste byli povol\u00e1ni \u2026.nebo\u0165 m\u011bl\u2026zakusit smrt za v\u0161echny\u2026jednou prov\u017edy, kdy\u017e ob\u011btoval s\u00e1m sebe. &hellip; <\/p>\n","protected":false},"author":0,"featured_media":0,"comment_status":"open","ping_status":"open","sticky":false,"template":"","format":"standard","meta":{"footnotes":""},"categories":[6,28],"tags":[],"class_list":["post-6508","post","type-post","status-publish","format-standard","hentry","category-frantiskanskarodina","category-sekularni-frantiskani","latest_post"],"_links":{"self":[{"href":"https:\/\/www.frantiskani.cz\/index.php\/wp-json\/wp\/v2\/posts\/6508","targetHints":{"allow":["GET"]}}],"collection":[{"href":"https:\/\/www.frantiskani.cz\/index.php\/wp-json\/wp\/v2\/posts"}],"about":[{"href":"https:\/\/www.frantiskani.cz\/index.php\/wp-json\/wp\/v2\/types\/post"}],"replies":[{"embeddable":true,"href":"https:\/\/www.frantiskani.cz\/index.php\/wp-json\/wp\/v2\/comments?post=6508"}],"version-history":[{"count":0,"href":"https:\/\/www.frantiskani.cz\/index.php\/wp-json\/wp\/v2\/posts\/6508\/revisions"}],"wp:attachment":[{"href":"https:\/\/www.frantiskani.cz\/index.php\/wp-json\/wp\/v2\/media?parent=6508"}],"wp:term":[{"taxonomy":"category","embeddable":true,"href":"https:\/\/www.frantiskani.cz\/index.php\/wp-json\/wp\/v2\/categories?post=6508"},{"taxonomy":"post_tag","embeddable":true,"href":"https:\/\/www.frantiskani.cz\/index.php\/wp-json\/wp\/v2\/tags?post=6508"}],"curies":[{"name":"wp","href":"https:\/\/api.w.org\/{rel}","templated":true}]}}