{"id":6513,"date":"2023-02-15T08:41:50","date_gmt":"2023-02-15T07:41:50","guid":{"rendered":"https:\/\/www.frantiskani.cz\/?p=6513"},"modified":"2023-02-15T08:43:04","modified_gmt":"2023-02-15T07:43:04","slug":"hulda-duveryhodny-prorok","status":"publish","type":"post","link":"https:\/\/www.frantiskani.cz\/index.php\/2023\/02\/15\/hulda-duveryhodny-prorok\/","title":{"rendered":"Chulda: D\u016fv\u011bryhodn\u00fd prorok"},"content":{"rendered":"\n<h6 class=\"wp-block-heading\">Sedm\u00fd t\u00fdden: Hebrej\u0161t\u00ed proroci<\/h6>\n\n\n\n<p><em>Autorka a podcasterka Kat Armasov\u00e1 p\u00ed\u0161e o pravdomluvnosti jako o cenn\u00e9 sou\u010d\u00e1sti sv\u00e9 v\u00fdchovy a nach\u00e1z\u00ed pro tento zp\u016fsob byt\u00ed oporu v P\u00edsmu:<\/em><\/p>\n\n\n\n<h4 class=\"wp-block-heading\">Konfrontace<\/h4>\n\n\n<div class=\"wp-block-image is-style-rounded\">\n<figure class=\"alignleft size-full is-resized\"><img loading=\"lazy\" decoding=\"async\" src=\"data:image\/gif;base64,R0lGODlhAQABAAAAACH5BAEKAAEALAAAAAABAAEAAAICTAEAOw==\" data-layzr=\"https:\/\/www.frantiskani.cz\/wp-content\/uploads\/2023\/02\/023-Armas_Headsho.png\" alt=\"\" class=\"wp-image-6514\" width=\"157\" height=\"160\"\/><\/figure>\n<\/div>\n\n\n<p>V ml\u00e1d\u00ed jsem se nau\u010dila, \u017ee kdy\u017e je n\u011bjak\u00fd probl\u00e9m, je t\u0159eba se mu postavit. Tak se dostane\u0161 do&#8230;. Konfrontace pro m\u011b v\u017edycky znamenala rovn\u00edtko s intimitou&#8230;.. Teprve kdy\u017e jsem opustila sv\u016fj kontext, svou kulturu, uv\u011bdomila jsem si, jak vz\u00e1cn\u00e9 je v\u00e1\u017eit si konfrontace a \u0159\u00edk\u00e1n\u00ed pravdy a kam a\u017e mnoz\u00ed lid\u00e9 zajdou, aby uml\u010deli proroky v na\u0161em st\u0159edu.<\/p>\n\n\n\n<p>P\u0159edstavuji si, \u017ee prorokyn\u011b Chulda vyzn\u00e1vala podobn\u00e9 hodnoty.<\/p>\n\n\n\n<h4 class=\"wp-block-heading\">Prorokyn\u011b Chulda prorokovala mu\u017e\u016fm<\/h4>\n\n\n\n<p>Jej\u00ed p\u0159\u00edb\u011bh se nach\u00e1z\u00ed ve 2. knize Kr\u00e1lovsk\u00e9 22 a 2. knize Letopis\u016f 34. Nen\u00ed p\u0159ekvapiv\u00e9, \u017ee o n\u00ed mnoho nev\u00edme ani o n\u00ed \u010dasto nesly\u0161\u00edme. Zaj\u00edmalo by m\u011b, zda jej\u00ed p\u0159\u00edb\u011bh z\u016fst\u00e1v\u00e1 nevypr\u00e1v\u011bn, proto\u017ee je t\u011b\u017ek\u00e9 sladit \u017eenu, kter\u00e1 \u0159\u00edk\u00e1 pravdu, proroka, kter\u00fd pou\u010duje mu\u017ee &#8211; kr\u00e1le &#8211; o Bo\u017e\u00ed cest\u011b, s vypr\u00e1v\u011bn\u00edm, kter\u00e9 je \u017een\u00e1m vnucov\u00e1no v\u011bt\u0161inou c\u00edrkve. N\u011bkte\u0159\u00ed lid\u00e9 v c\u00edrkvi \u0159\u00edkaj\u00ed \u017een\u00e1m, \u017ee nemohou v\u00e9st mu\u017ee, \u017ee to \u0159\u00edk\u00e1 Bible, ale co Chulda? Byla povol\u00e1na Bohem, aby \u0159\u00edkala pravdu&#8230;..<\/p>\n\n\n\n<h4 class=\"wp-block-heading\">O Chuld\u011b a jej\u00ed rodin\u011b nev\u00edme nic<\/h4>\n\n\n\n<p>K\u00e9\u017e bychom o Chuldin\u011b povol\u00e1n\u00ed v\u011bd\u011bli v\u00edce&#8230;.. Jak\u00e9 to bylo pro \u017eenu, kdy\u017e byla povol\u00e1na do tak mocn\u00e9ho postaven\u00ed duchovn\u00edho v\u016fdce a autority? M\u011bla vid\u011bn\u00ed, kter\u00e9 ji zmocnilo jako Izaj\u00e1\u0161e, nebo byla vyd\u011b\u0161en\u00e1 a sna\u017eila se z toho vyvl\u00e9knout jako Jon\u00e1\u0161? Zaj\u00edmalo by m\u011b, jestli byla mlad\u00e1 jako Jozi\u00e1\u0161, kter\u00fd se stal kr\u00e1lem jako d\u00edt\u011b a nakonec si \u0161el k Huld\u011b pro duchovn\u00ed radu. Byly v jej\u00edm \u017eivot\u011b \u017eeny, abuelitas [babi\u010dky], kter\u00e9 ji u\u010dily, vypr\u00e1v\u011bly j\u00ed o jej\u00edch antepasados [p\u0159edc\u00edch] a o v\u0161em, \u010d\u00edm pro\u0161li v Egypt\u011b, na pou\u0161ti? M\u011bla vzory jako Miriam, \u017eena bez man\u017eela a d\u011bt\u00ed, prvn\u00ed \u017eena, kter\u00e1 byla kdy nazv\u00e1na prorokem? Vzhl\u00ed\u017eela Chulda k tomu, jak Miriam vedla Izrael ve zp\u011bvu a tanci a jak se j\u00ed v\u011bnovali &#8211; odm\u00edtala pochodovat pou\u0161t\u00ed, dokud se neuzdrav\u00ed ze sv\u00e9 nemoci (Numeri 12,15)?<\/p>\n\n\n\n<p><em>Kat Armasov\u00e1 popisuje, jak kr\u00e1l J\u00f3\u0161ij\u00e1\u0161 vyhledal prorokyni Chuldu, &#8222;aby skrze ni obdr\u017eel od Boha veden\u00ed&#8220;:<\/em><\/p>\n\n\n\n<h4 class=\"wp-block-heading\">Chulda se neb\u00e1la \u0159\u00edci kr\u00e1li pravdu<\/h4>\n\n\n\n<p>A Chulda to ud\u011blala &#8211; odv\u00e1\u017en\u011b. Varovala p\u0159ed bl\u00ed\u017e\u00edc\u00ed se zk\u00e1zou a prohl\u00e1sila, \u017ee p\u00edsemn\u00e9 slovo, kter\u00e9 na\u0161li, je skute\u010dn\u011b prav\u00e9 Bo\u017e\u00ed slovo. P\u0159inesla tak\u00e9 dobrou zpr\u00e1vu, kdy\u017e potvrdila Jozi\u00e1\u0161ovo pok\u00e1n\u00ed p\u0159i prvn\u00edm \u010dten\u00ed knihy. Dala posl\u016fm na v\u011bdom\u00ed, \u017ee Jozi\u00e1\u0161ovy \u010diny p\u0159inesou m\u00edr. Pot\u00e9, co se k n\u011bmu Chuldino slovo vr\u00e1tilo, Jozi\u00e1\u0161 reagoval pokra\u010dov\u00e1n\u00edm ve sv\u00e9 reform\u011b. [Viz 2 Kr 22,12-20; 2 Par 34,19-33].<\/p>\n\n\n\n<p>Chuldina prorock\u00e1 slova zm\u011bnila n\u00e1rodn\u00ed politiku. Jej\u00ed odhodl\u00e1n\u00ed \u0159\u00edkat Bo\u017e\u00ed pravdu &#8211; dokonce i tvrdou pravdu &#8211; konkr\u00e9tn\u011b mu\u017e\u016fm u moci zm\u011bnilo b\u011bh d\u011bjin.<\/p>\n\n\n\n<h6 class=\"wp-block-heading\">Prameny:<\/h6>\n\n\n\n<p>Kat Armas, <em>Abuelita Faith: What Women on the Margins Teach Us about Wisdom, Persistence, and Strength<\/em> (Grand Rapids, MI: Brazos Press, 2021), 68\u201369.<\/p>\n\n\n\n<p><strong>Image credit:&nbsp;<\/strong>A path from one week to the next\u2014Jenna Keiper, <em>Bisti Badlands<\/em>. Benjamin Yazza, <em>Untitled 6<\/em>. Jenna Keiper, <em>Taos Snow<\/em>. Used with permission. <a href=\"https:\/\/email.cac.org\/t\/d-l-zdldrid-tlkrhyidn-y\/\">Click here to enlarge image<\/a>.<\/p>\n\n\n\n<p><em>Like this bird, the Hebrew prophets sing truth from new vantage points.<\/em><\/p>\n","protected":false},"excerpt":{"rendered":"<p>Jak\u00e9 to bylo pro \u017eenu, kdy\u017e byla povol\u00e1na do tak mocn\u00e9ho postaven\u00ed duchovn\u00edho v\u016fdce a autority? M\u011bla vid\u011bn\u00ed, kter\u00e9 ji zmocnilo jako Izaj\u00e1\u0161e, nebo byla vyd\u011b\u0161en\u00e1 a sna\u017eila se z toho vyvl\u00e9knout jako Jon\u00e1\u0161? Zaj\u00edmalo by m\u011b, jestli byla mlad\u00e1 jako Jozi\u00e1\u0161, kter\u00fd se stal kr\u00e1lem jako d\u00edt\u011b a nakonec si \u0161el k Huld\u011b pro duchovn\u00ed radu. <\/p>\n","protected":false},"author":1,"featured_media":6487,"comment_status":"open","ping_status":"open","sticky":false,"template":"","format":"standard","meta":{"footnotes":""},"categories":[198],"tags":[383,890],"class_list":["post-6513","post","type-post","status-publish","format-standard","has-post-thumbnail","hentry","category-richard-rohr-ofm-centrum-pro-zivot-a-rozjimani","tag-muzi-a-zeny","tag-prorokyne","latest_post"],"_links":{"self":[{"href":"https:\/\/www.frantiskani.cz\/index.php\/wp-json\/wp\/v2\/posts\/6513","targetHints":{"allow":["GET"]}}],"collection":[{"href":"https:\/\/www.frantiskani.cz\/index.php\/wp-json\/wp\/v2\/posts"}],"about":[{"href":"https:\/\/www.frantiskani.cz\/index.php\/wp-json\/wp\/v2\/types\/post"}],"author":[{"embeddable":true,"href":"https:\/\/www.frantiskani.cz\/index.php\/wp-json\/wp\/v2\/users\/1"}],"replies":[{"embeddable":true,"href":"https:\/\/www.frantiskani.cz\/index.php\/wp-json\/wp\/v2\/comments?post=6513"}],"version-history":[{"count":2,"href":"https:\/\/www.frantiskani.cz\/index.php\/wp-json\/wp\/v2\/posts\/6513\/revisions"}],"predecessor-version":[{"id":6516,"href":"https:\/\/www.frantiskani.cz\/index.php\/wp-json\/wp\/v2\/posts\/6513\/revisions\/6516"}],"wp:featuredmedia":[{"embeddable":true,"href":"https:\/\/www.frantiskani.cz\/index.php\/wp-json\/wp\/v2\/media\/6487"}],"wp:attachment":[{"href":"https:\/\/www.frantiskani.cz\/index.php\/wp-json\/wp\/v2\/media?parent=6513"}],"wp:term":[{"taxonomy":"category","embeddable":true,"href":"https:\/\/www.frantiskani.cz\/index.php\/wp-json\/wp\/v2\/categories?post=6513"},{"taxonomy":"post_tag","embeddable":true,"href":"https:\/\/www.frantiskani.cz\/index.php\/wp-json\/wp\/v2\/tags?post=6513"}],"curies":[{"name":"wp","href":"https:\/\/api.w.org\/{rel}","templated":true}]}}