{"id":6724,"date":"2023-03-15T07:31:40","date_gmt":"2023-03-15T06:31:40","guid":{"rendered":"https:\/\/www.frantiskani.cz\/?p=6724"},"modified":"2023-03-15T07:31:43","modified_gmt":"2023-03-15T06:31:43","slug":"uprimna-a-pokorna-modlitba","status":"publish","type":"post","link":"https:\/\/www.frantiskani.cz\/index.php\/2023\/03\/15\/uprimna-a-pokorna-modlitba\/","title":{"rendered":"Up\u0159\u00edmn\u00e1 a pokorn\u00e1 modlitba &nbsp;&nbsp;&nbsp; &nbsp;"},"content":{"rendered":"\n<h6 class=\"wp-block-heading\">Jeden\u00e1ct\u00fd t\u00fdden: Terezie z \u00c1vily<\/h6>\n\n\n\n<p><em>V t\u00e9to up\u0159\u00edmn\u00e9 modlitb\u011b Terezie z Avily jsme sv\u011bdky jej\u00edho z\u00e1jmu o cel\u00fd sv\u011bt, jej\u00ed touhy \u0159\u00edkat pravdu moci a jej\u00ed ochoty riskovat v\u0161e, aby mohla slou\u017eit. Zde je p\u0159eklad p\u0159\u00edtelkyn\u011b CAC Mirabai Starrov\u00e9:<\/em><\/p>\n\n\n\n<h4 class=\"wp-block-heading\">Pochopen\u00ed pravdy ve v\u011bdom\u00ed o neot\u0159esiteln\u00e9 l\u00e1sce k Bohu<\/h4>\n\n\n\n<p>Po\u017eehnan\u00e1 du\u0161e, kterou P\u00e1n p\u0159ivede k pochopen\u00ed pravdy! K\u00e9\u017e by do tohoto vzne\u0161en\u00e9ho v\u011bdom\u00ed mohli vstoupit sv\u011btov\u00ed v\u016fdci. Bylo by pro n\u011b mnohem cenn\u011bj\u0161\u00ed usilovat o tento stav modlitby ne\u017e o ve\u0161kerou moc sv\u011bta. Jak\u00e1 spravedlnost by v takov\u00e9m n\u00e1rod\u011b zavl\u00e1dla. Jak\u00fdm zv\u011brstv\u016fm by se zabr\u00e1nilo.<\/p>\n\n\n\n<p>Ka\u017ed\u00fd \u010dlov\u011bk, kter\u00fd dos\u00e1hne tohoto stupn\u011b, m\u00e1 tak neot\u0159esitelnou l\u00e1sku k Bohu, \u017ee odpad\u00e1 jak\u00fdkoli strach riskovat svou \u010dest nebo \u017eivot. To je obzvl\u00e1\u0161t\u011b velk\u00e9 po\u017eehn\u00e1n\u00ed pro n\u011bkoho, kdo m\u00e1 povinnost v\u00e9st sv\u00e9 spole\u010denstv\u00ed&#8230;..<\/p>\n\n\n\n<h4 class=\"wp-block-heading\">Cht\u011bla bych mluvit o pravd\u011b setk\u00e1n\u00ed s P\u00e1nem vl\u00e1dc\u016fm<\/h4>\n\n\n\n<p>\u00d3 Pane, i kdybys mi dal pravomoc ve\u0159ejn\u011b hl\u00e1sat tyto pravdy, nikdo by mi nev\u011b\u0159il&#8230;.. Ale alespo\u0148 by m\u011b uspokojilo, \u017ee m\u00e1m skute\u010dn\u00fd hlas. Pova\u017eovala bych sv\u016fj \u017eivot za nic, kdyby to znamenalo, \u017ee mohu sv\u011btu jasn\u011b sd\u011blit by\u0165 jen jedno z t\u011bchto posv\u00e1tn\u00fdch u\u010den\u00ed&#8230;.<\/p>\n\n\n\n<p>St\u00e1le m\u00e1m neodolateln\u00e9 nutk\u00e1n\u00ed \u0159\u00edkat pravdu politick\u00fdm v\u016fdc\u016fm. Proto\u017ee v\u0161ak k t\u011bmto mu\u017e\u016fm nem\u00e1m p\u0159\u00edstup, obrac\u00edm se k tob\u011b, m\u016fj Pane, a pros\u00edm t\u011b, abys v\u0161e napravil. Dob\u0159e v\u00ed\u0161, \u017ee bych se s radost\u00ed vzdala v\u0161ech po\u017eehn\u00e1n\u00ed, kter\u00e1 jsi mi dal, a p\u0159enesla je na tyto vl\u00e1dce&#8230;.. Kdyby mohli za\u017e\u00edt to, co jsem za\u017eila j\u00e1, v\u00edm, \u017ee by pro n\u011b bylo nemo\u017en\u00e9 dopustit poru\u0161ov\u00e1n\u00ed, kter\u00e9 schvaluj\u00ed.<\/p>\n\n\n\n<h4 class=\"wp-block-heading\">\u00d3 m\u016fj Bo\u017ee! Pros\u00edm, pomoz sv\u011btov\u00fdm v\u016fdc\u016fm pochopit rozsah jejich odpov\u011bdnosti&#8230;..<\/h4>\n\n\n\n<p>Up\u0159\u00edmn\u011b se modl\u00edm za na\u0161e v\u016fdce a r\u00e1d bych jim byl n\u00e1pomocen. Takov\u00e9 nutk\u00e1n\u00ed \u010din\u00ed du\u0161i bezohlednou. R\u00e1da bych riskovala sv\u016fj \u017eivot, abych z\u00edskala to, v co v\u011b\u0159\u00edm&#8230;..<\/p>\n\n\n\n<p>Jakmile du\u0161e dos\u00e1hne t\u00e9to \u00farovn\u011b modlitby, netou\u017e\u00ed pouze slou\u017eit Bohu; Jeho Veli\u010denstvo [jm\u00e9no, kter\u00e9 Teresa pou\u017e\u00edv\u00e1 pro Boha] j\u00ed d\u00e1v\u00e1 s\u00edlu tuto touhu projevit. Du\u0161e nev\u00e1h\u00e1 vyzkou\u0161et cokoli, co by mu mohlo poslou\u017eit. Jak\u00e1koli ob\u011b\u0165 kv\u016fli n\u011bmu j\u00ed p\u0159ipad\u00e1 jako nic, proto\u017ee v\u00ed, \u017ee cokoli jin\u00e9ho ne\u017e zal\u00edbit se mu neznamen\u00e1 nic&#8230;..<\/p>\n\n\n\n<h4 class=\"wp-block-heading\">V\u0161e co m\u00e1m odevzd\u00e1v\u00e1m ke slu\u017eb\u011b<\/h4>\n\n\n\n<p>Zde je m\u016fj \u017eivot. Zde je m\u00e1 \u010dest. Zde je m\u00e1 v\u016fle. V\u0161echny ti je d\u00e1v\u00e1m. Jsem tvoje. Pou\u017eij m\u011b, jak chce\u0161&#8230;.<\/p>\n\n\n\n<p>Du\u0161e je jeho du\u0161\u00ed. M\u00e1 ji ve sv\u00e9 moci. On ji osv\u011btluje. Zd\u00e1 se, \u017ee ji chr\u00e1n\u00ed p\u0159ed t\u00edm, aby ho urazila. Pom\u00e1h\u00e1 j\u00ed, aby se probudila ve slu\u017eb\u011b jemu&#8230;..<\/p>\n\n\n\n<p>Dokud p\u0159ij\u00edm\u00e1 Bo\u017e\u00ed milosti s pokorou a vd\u011b\u010dnost\u00ed a m\u00e1 st\u00e1le na pam\u011bti, \u017ee je d\u00e1v\u00e1 Milovan\u00fd a \u017ee ona sama t\u00e9m\u011b\u0159 nic ned\u011bl\u00e1, zachov\u00e1v\u00e1 si vyrovnanost.&nbsp;<\/p>\n\n\n\n<p><em>P\u0159elo\u017eeno pomoc\u00ed deepl.com , mezinadpisy si dovolil vlo\u017eit p\u0159ekladatel<\/em><\/p>\n\n\n\n<h6 class=\"wp-block-heading\">Prameny:<\/h6>\n\n\n\n<p>Teresa of <em>\u00c1vila<\/em>, <em>The Book of My Life, <\/em>trans. Mirabai Starr (Boston, MA: New Seeds Books, 2007), 150, 151, 152, 154, 155.<\/p>\n\n\n\n<p><strong>Image credit:<\/strong> A path from one week to the next\u2014Les Argonauts, <em>Camino de Santiago<\/em>, <a href=\"https:\/\/email.cac.org\/t\/d-l-zhyikjt-tlkrhyidn-y\/\">Unsplash<\/a>. Jenna Keiper, <em>Winter Bird<\/em>. Jenna Keiper, <em>Mystic<\/em>. Used with permission. <a href=\"https:\/\/email.cac.org\/t\/d-l-zhyikjt-tlkrhyidn-j\/\">Click here to enlarge image<\/a>.<br><br><em>Perched in solitude, in communion with the Beloved.<\/em><\/p>\n","protected":false},"excerpt":{"rendered":"<p>Zde je m\u016fj \u017eivot. Zde je m\u00e1 \u010dest. Zde je m\u00e1 v\u016fle. V\u0161echny ti je d\u00e1v\u00e1m. Jsem tvoje. Pou\u017eij m\u011b, jak chce\u0161&#8230;.<\/p>\n<p>Du\u0161e je jeho du\u0161\u00ed. M\u00e1 ji ve sv\u00e9 moci. On ji osv\u011btluje. Zd\u00e1 se, \u017ee ji chr\u00e1n\u00ed p\u0159ed t\u00edm, aby ho urazila. Pom\u00e1h\u00e1 j\u00ed, aby se probudila ve slu\u017eb\u011b jemu&#8230;..<\/p>\n<p>Dokud p\u0159ij\u00edm\u00e1 Bo\u017e\u00ed milosti s pokorou a vd\u011b\u010dnost\u00ed a m\u00e1 st\u00e1le na pam\u011bti, \u017ee je d\u00e1v\u00e1 Milovan\u00fd a \u017ee ona sama t\u00e9m\u011b\u0159 nic ned\u011bl\u00e1, zachov\u00e1v\u00e1 si vyrovnanost.<\/p>\n","protected":false},"author":1,"featured_media":6701,"comment_status":"open","ping_status":"open","sticky":false,"template":"","format":"standard","meta":{"footnotes":""},"categories":[198],"tags":[176,344,1017],"class_list":["post-6724","post","type-post","status-publish","format-standard","has-post-thumbnail","hentry","category-richard-rohr-ofm-centrum-pro-zivot-a-rozjimani","tag-modlitba","tag-odevzdani-se","tag-terezie-z-avily","latest_post"],"_links":{"self":[{"href":"https:\/\/www.frantiskani.cz\/index.php\/wp-json\/wp\/v2\/posts\/6724","targetHints":{"allow":["GET"]}}],"collection":[{"href":"https:\/\/www.frantiskani.cz\/index.php\/wp-json\/wp\/v2\/posts"}],"about":[{"href":"https:\/\/www.frantiskani.cz\/index.php\/wp-json\/wp\/v2\/types\/post"}],"author":[{"embeddable":true,"href":"https:\/\/www.frantiskani.cz\/index.php\/wp-json\/wp\/v2\/users\/1"}],"replies":[{"embeddable":true,"href":"https:\/\/www.frantiskani.cz\/index.php\/wp-json\/wp\/v2\/comments?post=6724"}],"version-history":[{"count":1,"href":"https:\/\/www.frantiskani.cz\/index.php\/wp-json\/wp\/v2\/posts\/6724\/revisions"}],"predecessor-version":[{"id":6725,"href":"https:\/\/www.frantiskani.cz\/index.php\/wp-json\/wp\/v2\/posts\/6724\/revisions\/6725"}],"wp:featuredmedia":[{"embeddable":true,"href":"https:\/\/www.frantiskani.cz\/index.php\/wp-json\/wp\/v2\/media\/6701"}],"wp:attachment":[{"href":"https:\/\/www.frantiskani.cz\/index.php\/wp-json\/wp\/v2\/media?parent=6724"}],"wp:term":[{"taxonomy":"category","embeddable":true,"href":"https:\/\/www.frantiskani.cz\/index.php\/wp-json\/wp\/v2\/categories?post=6724"},{"taxonomy":"post_tag","embeddable":true,"href":"https:\/\/www.frantiskani.cz\/index.php\/wp-json\/wp\/v2\/tags?post=6724"}],"curies":[{"name":"wp","href":"https:\/\/api.w.org\/{rel}","templated":true}]}}