{"id":6730,"date":"2023-03-16T08:11:16","date_gmt":"2023-03-16T07:11:16","guid":{"rendered":"https:\/\/www.frantiskani.cz\/?p=6730"},"modified":"2023-03-16T08:11:21","modified_gmt":"2023-03-16T07:11:21","slug":"chut-do-zivota-laska-ke-stvoreni","status":"publish","type":"post","link":"https:\/\/www.frantiskani.cz\/index.php\/2023\/03\/16\/chut-do-zivota-laska-ke-stvoreni\/","title":{"rendered":"Chu\u0165 do \u017eivota, l\u00e1ska ke stvo\u0159en\u00ed"},"content":{"rendered":"\n<h6 class=\"wp-block-heading\">Jeden\u00e1ct\u00fd t\u00fdden: Terezie z \u00c1vily<\/h6>\n\n\n<div class=\"wp-block-image is-style-rounded\">\n<figure class=\"alignleft size-full is-resized\"><img loading=\"lazy\" decoding=\"async\" src=\"data:image\/gif;base64,R0lGODlhAQABAAAAACH5BAEKAAEALAAAAAABAAEAAAICTAEAOw==\" data-layzr=\"https:\/\/www.frantiskani.cz\/wp-content\/uploads\/2023\/03\/023-11-Tessa-Bielecki-175.jpg\" alt=\"\" class=\"wp-image-6731\" width=\"88\" height=\"116\"\/><\/figure>\n<\/div>\n\n\n<p><em>Kontemplativn\u00ed u\u010ditelka Tessa Bielecki zachycuje l\u00e1sku Terezie z \u00c1vily k Bohu, kter\u00e1 se projevuje skrze stvo\u0159en\u00ed:<\/em><\/p>\n\n\n\n<h4 class=\"wp-block-heading\">Tereza milovala \u017eivot<\/h4>\n\n\n\n<p>Terezie n\u00e1s u\u010d\u00ed, jak pro\u017e\u00edvat lidsk\u00e9 dobrodru\u017estv\u00ed s chut\u00ed a nad\u0161en\u00edm. Byla zamilovan\u00e1 do v\u0161ech rozm\u011br\u016f \u017eivota: do lid\u00ed a m\u00edst, do hudby, sm\u00edchu a oslav, do p\u0159\u00edrody a jej\u00ed hojnosti.<\/p>\n\n\n\n<h4 class=\"wp-block-heading\">\u010cerpala z&nbsp;knihy p\u0159\u00edrody<\/h4>\n\n\n\n<p>Jej\u00ed nad\u0161en\u00ed vid\u00edme v \u017eiv\u00fdch obrazech, kter\u00e9 \u010derp\u00e1 ze sv\u00e9 zku\u0161enosti se zem\u00ed. Mluv\u00ed o slunci, v\u011btru a de\u0161ti, mrac\u00edch, k\u0159i\u0161\u0165\u00e1lu a padaj\u00edc\u00edch komet\u00e1ch, bou\u0159\u00edch, hromobit\u00ed a blesk\u00e1ch. Boha naz\u00fdv\u00e1 Sluncem v nitru du\u0161e, kter\u00e9 vrh\u00e1 z\u00e1\u0159iv\u00e9 sv\u011btlo do v\u0161ech kout\u016f na\u0161eho byt\u00ed. P\u0159i modlitb\u011b se Terezie r\u00e1da d\u00edvala na pole a kv\u011btiny a &#8222;\u010detla&#8220; si z knihy p\u0159\u00edrody. R\u00e1da \u017eila v bl\u00edzkosti vody, s dobrou p\u016fdou a zahradami&#8230;..<\/p>\n\n\n\n<h4 class=\"wp-block-heading\">B\u016fh je Bohem kr\u00e1sy a stvo\u0159en\u00ed<\/h4>\n\n\n<div class=\"wp-block-image is-style-rounded\">\n<figure class=\"alignleft size-full is-resized\"><img loading=\"lazy\" decoding=\"async\" src=\"data:image\/gif;base64,R0lGODlhAQABAAAAACH5BAEKAAEALAAAAAABAAEAAAICTAEAOw==\" data-layzr=\"https:\/\/www.frantiskani.cz\/wp-content\/uploads\/2023\/03\/023-11-les-a-paprsky.jpg\" alt=\"\" class=\"wp-image-6732\" width=\"386\" height=\"257\"\/><\/figure>\n<\/div>\n\n\n<p>Terezie n\u00e1s vyb\u00edz\u00ed, abychom p\u0159i modlitb\u011b zahrnovali p\u0159\u00edrodu, proto\u017ee p\u0159\u00edroda n\u00e1s probouz\u00ed a p\u0159ipom\u00edn\u00e1 n\u00e1m Stvo\u0159itele. Nem\u016f\u017ee zadr\u017eet svou chv\u00e1lu a oslavuje Boha jako P\u00e1na sv\u011bta a Kr\u00e1su p\u0159evy\u0161uj\u00edc\u00ed v\u0161echny ostatn\u00ed kr\u00e1sy. &#8222;Kdo by mohl vyjevit vzne\u0161enost, s jakou se zjevuje\u0161!&#8220; vol\u00e1 v jedn\u00e9 ze sv\u00fdch spont\u00e1nn\u00edch modliteb. &#8222;\u00d3 m\u016fj Bo\u017ee, Bo\u017ee, Bo\u017ee, p\u016fvodce v\u0161eho stvo\u0159en\u00ed! A co je to za stvo\u0159en\u00ed, kdy\u017e Ty, Pane, tou\u017e\u00ed\u0161 stvo\u0159it dal\u0161\u00ed? Ty jsi v\u0161emohouc\u00ed, Tv\u00e1 d\u00edla jsou nepochopiteln\u00e1.&#8220;<\/p>\n\n\n\n<h4 class=\"wp-block-heading\">Kdekoliv m\u016f\u017eeme rozj\u00edmat nad Bo\u017e\u00ed moudrost\u00ed<\/h4>\n\n\n\n<p>Kdy\u017e se n\u00e1m neda\u0159\u00ed modlit, doporu\u010duje Terezie obr\u00e1tit se k p\u0159\u00edrod\u011b: &#8222;Jd\u011bte na n\u011bjak\u00e9 m\u00edsto, odkud je vid\u011bt na oblohu, a projd\u011bte se trochu nahoru a dol\u016f.&#8220; Proto\u017ee B\u016fh je nekone\u010dn\u00fd a v\u0161udyp\u0159\u00edtomn\u00fd, n\u011bkdy se radujeme stejn\u011b tak z rozj\u00edm\u00e1n\u00ed o stvo\u0159en\u00ed jako z rozj\u00edm\u00e1n\u00ed o Bo\u017estv\u00ed. Pro\u010d se omezovat jen na jedno z tajemstv\u00ed stvo\u0159en\u00ed, kdy\u017e jich je tolik? Terezie zmi\u0148uje tajemstv\u00ed vody, krahujce a drobn\u00e9ho mravence. Kter\u00e9koli z nich sta\u010d\u00ed na celou dobu modlitby, kter\u00e1 n\u00e1s pono\u0159\u00ed do Bo\u017e\u00edho \u00fa\u017easu a moudrosti. Co by se stalo, kdybychom znali &#8222;vlastnosti ka\u017ed\u00e9 stvo\u0159en\u00e9 v\u011bci&#8220;?<\/p>\n\n\n\n<p><em>Bielecki ukazuje, jak Terezie \u010derpala z p\u0159\u00edrody, aby popsala cestu du\u0161e s Bohem:<\/em><\/p>\n\n\n\n<h4 class=\"wp-block-heading\">Ka\u017ed\u00fd tvor v&nbsp;p\u0159\u00edrod\u011b n\u00e1s m\u016f\u017ee inspirovat<\/h4>\n\n\n\n<p>Proto\u017ee [Terezie] \u017eila v bl\u00edzkosti zem\u011b, \u0159\u00edkala, \u017ee duchovn\u00ed \u017eivot je jako v\u010dely, kter\u00e9 vyr\u00e1b\u011bj\u00ed med, bource moru\u0161ov\u00e9ho, kter\u00fd sp\u0159\u00e1d\u00e1 sv\u00e9 kokony, a ryby, kter\u00e9 plavou v tekouc\u00edm potoce. V z\u00e1vislosti na stupni na\u0161eho duchovn\u00edho r\u016fstu m\u016f\u017eeme b\u00fdt jako my\u0161i, ropuchy nebo hadi, poletuj\u00edc\u00ed m\u016fry, mot\u00fdli, holubice, divoc\u00ed kon\u011b nebo zran\u011bn\u00ed jeleni. S Bo\u017e\u00ed majest\u00e1tnost\u00ed se m\u016f\u017eeme setkat jako mocn\u00fd orel nebo \u0159vouc\u00ed lev.<\/p>\n\n\n\n<h4 class=\"wp-block-heading\">A\u0165 je n\u00e1\u0161 vztah k \u017eivotu jako tekouc\u00ed voda, ne jako kaln\u00e1 ba\u017eina<\/h4>\n\n\n\n<p>Terezin\u00fdm obl\u00edben\u00fdm obrazem p\u0159\u00edrody byla voda. Hojn\u011b mluv\u00ed o tekouc\u00edch pramenech, t\u016fn\u00edch, stud\u00e1nk\u00e1ch a font\u00e1n\u00e1ch, \u0159ek\u00e1ch, vln\u00e1ch a mo\u0159i a nab\u00e1d\u00e1 n\u00e1s, abychom zavla\u017eovali sv\u00e1 srdce vodou \u017divota. Kdy\u017e m\u00edsto toho zahlcujeme sv\u016fj \u017eivot malichernostmi a nekone\u010dnou rozt\u011bkanost\u00ed, vid\u00ed n\u00e1s zab\u0159edl\u00e9 v ba\u017ein\u011b, jak se sna\u017e\u00edme dostat kalnou vodu z lou\u017ee.<\/p>\n\n\n\n<h4 class=\"wp-block-heading\">Ohe\u0148 n\u00e1m p\u0159ipom\u00edn\u00e1 planouc\u00ed Bo\u017e\u00ed l\u00e1sku k n\u00e1m<\/h4>\n\n\n\n<p>Tereza tak\u00e9 milovala obrazy ohn\u011b. Rozd\u011bl\u00e1me-li si ohe\u0148 v ob\u00fdvac\u00edm pokoji nebo v divo\u010din\u011b, m\u016f\u017eeme spolu s n\u00ed p\u0159em\u00fd\u0161let o zu\u0159\u00edc\u00edm po\u017e\u00e1ru, kter\u00fd n\u00e1s rozn\u011bcuje ohn\u011bm bo\u017esk\u00e9 l\u00e1sky.<\/p>\n\n\n\n<p><em>Translated with www.DeepL.com\/Translator (free version), mezinadpisy si dovolil vlo\u017eit p\u0159ekladatel<\/em><\/p>\n\n\n\n<h6 class=\"wp-block-heading\">Prameny:<\/h6>\n\n\n\n<p>Tessa Bielecki, <em>Holy Daring: The Earthy Mysticism of St. Teresa, the Wild Woman of \u00c1vila<\/em>, 2nd ed. (Rhinebeck, NY: Adam Kadmon Books, 2016), 11\u201312.<\/p>\n\n\n\n<p><strong>Image credit:<\/strong> A path from one week to the next\u2014Les Argonauts, <em>Camino de Santiago<\/em>, <a href=\"https:\/\/email.cac.org\/t\/d-l-zhyikkd-itiuujuudy-y\/\">Unsplash<\/a>. Jenna Keiper, <em>Winter Bird<\/em>. Jenna Keiper, <em>Mystic<\/em>. Used with permission. <a href=\"https:\/\/email.cac.org\/t\/d-l-zhyikkd-itiuujuudy-j\/\">Click here to enlarge image<\/a>.<br><br><em>Perched in solitude, in communion with the Beloved.<\/em><\/p>\n","protected":false},"excerpt":{"rendered":"<p>Terezin\u00fdm obl\u00edben\u00fdm obrazem p\u0159\u00edrody byla voda. Hojn\u011b mluv\u00ed o tekouc\u00edch pramenech, t\u016fn\u00edch, stud\u00e1nk\u00e1ch a font\u00e1n\u00e1ch, \u0159ek\u00e1ch, vln\u00e1ch a mo\u0159i a nab\u00e1d\u00e1 n\u00e1s, abychom zavla\u017eovali sv\u00e1 srdce vodou \u017divota. Kdy\u017e m\u00edsto toho zahlcujeme sv\u016fj \u017eivot malichernostmi a nekone\u010dnou rozt\u011bkanost\u00ed, vid\u00ed n\u00e1s zab\u0159edl\u00e9 v ba\u017ein\u011b, jak se sna\u017e\u00edme dostat kalnou vodu z lou\u017ee.<\/p>\n","protected":false},"author":1,"featured_media":6701,"comment_status":"open","ping_status":"open","sticky":false,"template":"","format":"standard","meta":{"footnotes":""},"categories":[198],"tags":[1024,176,200,147],"class_list":["post-6730","post","type-post","status-publish","format-standard","has-post-thumbnail","hentry","category-richard-rohr-ofm-centrum-pro-zivot-a-rozjimani","tag-inspirace-prirodou","tag-modlitba","tag-priroda","tag-rozjimani","latest_post"],"_links":{"self":[{"href":"https:\/\/www.frantiskani.cz\/index.php\/wp-json\/wp\/v2\/posts\/6730","targetHints":{"allow":["GET"]}}],"collection":[{"href":"https:\/\/www.frantiskani.cz\/index.php\/wp-json\/wp\/v2\/posts"}],"about":[{"href":"https:\/\/www.frantiskani.cz\/index.php\/wp-json\/wp\/v2\/types\/post"}],"author":[{"embeddable":true,"href":"https:\/\/www.frantiskani.cz\/index.php\/wp-json\/wp\/v2\/users\/1"}],"replies":[{"embeddable":true,"href":"https:\/\/www.frantiskani.cz\/index.php\/wp-json\/wp\/v2\/comments?post=6730"}],"version-history":[{"count":1,"href":"https:\/\/www.frantiskani.cz\/index.php\/wp-json\/wp\/v2\/posts\/6730\/revisions"}],"predecessor-version":[{"id":6733,"href":"https:\/\/www.frantiskani.cz\/index.php\/wp-json\/wp\/v2\/posts\/6730\/revisions\/6733"}],"wp:featuredmedia":[{"embeddable":true,"href":"https:\/\/www.frantiskani.cz\/index.php\/wp-json\/wp\/v2\/media\/6701"}],"wp:attachment":[{"href":"https:\/\/www.frantiskani.cz\/index.php\/wp-json\/wp\/v2\/media?parent=6730"}],"wp:term":[{"taxonomy":"category","embeddable":true,"href":"https:\/\/www.frantiskani.cz\/index.php\/wp-json\/wp\/v2\/categories?post=6730"},{"taxonomy":"post_tag","embeddable":true,"href":"https:\/\/www.frantiskani.cz\/index.php\/wp-json\/wp\/v2\/tags?post=6730"}],"curies":[{"name":"wp","href":"https:\/\/api.w.org\/{rel}","templated":true}]}}