{"id":6797,"date":"2023-03-31T10:29:44","date_gmt":"2023-03-31T08:29:44","guid":{"rendered":"https:\/\/www.frantiskani.cz\/index.php\/2023\/03\/31\/g-19-dobrovolny-hrich-a-soud\/"},"modified":"2023-03-31T10:29:44","modified_gmt":"2023-03-31T08:29:44","slug":"g-19-dobrovolny-hrich-a-soud","status":"publish","type":"post","link":"https:\/\/www.frantiskani.cz\/index.php\/2023\/03\/31\/g-19-dobrovolny-hrich-a-soud\/","title":{"rendered":"G-19 \u2013 Dobrovoln\u00fd h\u0159\u00edch a soud"},"content":{"rendered":"<p>\u017did\u016fm 10,26-27 \u00a0Nebo\u0165 jestli\u017ee dobrovoln\u011b h\u0159e\u0161\u00edme pot\u00e9, co jsme p\u0159ijali jasn\u00e9 pozn\u00e1n\u00ed pravdy, nez\u016fst\u00e1v\u00e1 ji\u017e v\u00edce ob\u011b\u0165 za h\u0159\u00edchy, n\u00fdbr\u017e jak\u00e9si hrozn\u00e9 o\u010dek\u00e1v\u00e1n\u00ed soudu a \u017e\u00e1r ohn\u011b, kter\u00fd bude stravovat odp\u016frce.<\/p>\n<p>Co text \u0159\u00edk\u00e1 mn\u011b osobn\u011b? Nikdo mne nem\u016f\u017ee soudit, dokonce ani j\u00e1 s\u00e1m sebe, ale P\u00e1n. Jak se vyrovnat s\u00a0my\u0161lenkou, \u017ee Franti\u0161k\u016fv \u0159\u00e1d byl a je \u0159\u00e1d kaj\u00edcn\u00edk\u016f. Jsem opravdu kaj\u00edcn\u00edk? Je to d\u016fle\u017eit\u00e1 osobn\u00ed ot\u00e1zka pro ka\u017ed\u00e9ho z\u00a0n\u00e1s. Jak vn\u00edm\u00e1m j\u00e1 osobn\u011b kaj\u00edcnost. Nezneu\u017e\u00edv\u00e1m n\u011bkdy Bo\u017e\u00ed milosrdenstv\u00ed? Uv\u00e1d\u00edm s\u00a0b\u00e1zn\u00ed a chv\u011bn\u00ed ve skutek sv\u00e9 setk\u00e1n\u00ed s\u00a0P\u00e1nem a spasen\u00ed? Je\u0161t\u011b st\u00e1le bojuji s\u00e1m v\u00a0sob\u011b, abych svoji pou\u0165 s\u00a0Kristem dokon\u010dil, abych zachoval v\u00edru? V\u00a0n\u00e1zoru na kaj\u00edcnost se budeme jeden od druh\u00e9ho li\u0161it svoj\u00ed osobnost\u00ed, m\u00edrou zralosti, sv\u00fdmi osobn\u00edmi z\u00e1\u017eitky. V\u0161ichni se pot\u00e1c\u00edme na sv\u00e9 pouti, odm\u00edt\u00e1me se zastavit, kdy\u017e padneme znovu se zved\u00e1me. Ale ka\u017ed\u00fd jinak.<\/p>\n<p class=\"has-electric-grass-gradient-background has-background\">V listu \u017did\u016fm se odr\u00e1\u017e\u00ed diskuze mezi svobodn\u00fdm p\u0159\u00edstupen do bo\u017e\u00ed prav\u00e9 svatyn\u011b (10:19) a v\u011bdom\u00fdm \u00a0sch\u00e1zen\u00ed z\u00a0cesty Kristovy  L\u00e1sky(10,26-27) V\u00a0textu se odr\u00e1\u017e\u00ed diskuse uvnit\u0159 tehdej\u0161\u00ed c\u00edrkve, zda je mo\u017en\u00e9, aby se ti, kte\u0159\u00ed odpadli od Krista, znovu do c\u00edrkve vr\u00e1tili. Tento text b\u00fdval r\u016fzn\u00fdmi denominacemi c\u00edrkve zneu\u017e\u00edv\u00e1n k\u00a0odsuzov\u00e1n\u00ed lid\u00ed, k\u00a0jejich vylu\u010dov\u00e1n\u00ed z\u00a0c\u00edrkve k\u00a0odm\u00edt\u00e1n\u00ed jejich n\u00e1vratu, k\u00a0posuzov\u00e1n\u00ed jejich pok\u00e1n\u00ed. Ale dle m\u00e9ho n\u00e1zoru z\u016fst\u00e1v\u00e1 svobodn\u00fd p\u0159\u00edstup do svatyn\u011b a osobn\u00ed odpov\u011bdnost. C\u00edrkev m\u00e1 v\u00a0textu odpov\u011bdnost za slu\u017ebu pastora\u010dn\u00ed (10:24-25<em>) \u00a0povzbuzujme se k l\u00e1sce a k dobr\u00fdm skutk\u016fm\u00a025a neopou\u0161t\u011bjme na\u0161e spole\u010dn\u00e9 shrom\u00e1\u017ed\u011bn\u00ed<\/em><\/p>","protected":false},"excerpt":{"rendered":"<p>\u017did\u016fm 10,26-27 \u00a0Nebo\u0165 jestli\u017ee dobrovoln\u011b h\u0159e\u0161\u00edme pot\u00e9, co jsme p\u0159ijali jasn\u00e9 pozn\u00e1n\u00ed pravdy, nez\u016fst\u00e1v\u00e1 ji\u017e v\u00edce ob\u011b\u0165 za h\u0159\u00edchy, n\u00fdbr\u017e &hellip; <\/p>\n","protected":false},"author":0,"featured_media":0,"comment_status":"open","ping_status":"open","sticky":false,"template":"","format":"standard","meta":{"footnotes":""},"categories":[6,28],"tags":[],"class_list":["post-6797","post","type-post","status-publish","format-standard","hentry","category-frantiskanskarodina","category-sekularni-frantiskani","latest_post"],"_links":{"self":[{"href":"https:\/\/www.frantiskani.cz\/index.php\/wp-json\/wp\/v2\/posts\/6797","targetHints":{"allow":["GET"]}}],"collection":[{"href":"https:\/\/www.frantiskani.cz\/index.php\/wp-json\/wp\/v2\/posts"}],"about":[{"href":"https:\/\/www.frantiskani.cz\/index.php\/wp-json\/wp\/v2\/types\/post"}],"replies":[{"embeddable":true,"href":"https:\/\/www.frantiskani.cz\/index.php\/wp-json\/wp\/v2\/comments?post=6797"}],"version-history":[{"count":0,"href":"https:\/\/www.frantiskani.cz\/index.php\/wp-json\/wp\/v2\/posts\/6797\/revisions"}],"wp:attachment":[{"href":"https:\/\/www.frantiskani.cz\/index.php\/wp-json\/wp\/v2\/media?parent=6797"}],"wp:term":[{"taxonomy":"category","embeddable":true,"href":"https:\/\/www.frantiskani.cz\/index.php\/wp-json\/wp\/v2\/categories?post=6797"},{"taxonomy":"post_tag","embeddable":true,"href":"https:\/\/www.frantiskani.cz\/index.php\/wp-json\/wp\/v2\/tags?post=6797"}],"curies":[{"name":"wp","href":"https:\/\/api.w.org\/{rel}","templated":true}]}}