{"id":6961,"date":"2023-05-02T06:27:33","date_gmt":"2023-05-02T04:27:33","guid":{"rendered":"https:\/\/www.frantiskani.cz\/?p=6961"},"modified":"2023-05-02T06:29:21","modified_gmt":"2023-05-02T04:29:21","slug":"odpoutani","status":"publish","type":"post","link":"https:\/\/www.frantiskani.cz\/index.php\/2023\/05\/02\/odpoutani\/","title":{"rendered":"\u00a0Odpout\u00e1n\u00ed"},"content":{"rendered":"\n<h6 class=\"wp-block-heading\">Shrnut\u00ed sedmn\u00e1ct\u00e9ho t\u00fddne 23. dubna &#8211; 28. dubna 2023<\/h6>\n\n\n\n<h4 class=\"wp-block-heading\">Ned\u011ble<\/h4>\n\n\n\n<p>Ve\u0161ker\u00e1 velk\u00e1 spiritualita je o odpout\u00e1n\u00ed se. Cvi\u010d\u00ed n\u00e1s v odpout\u00e1n\u00ed i p\u0159ipout\u00e1n\u00ed: odpout\u00e1n\u00ed od pom\u00edjiv\u00e9ho, abychom se mohli p\u0159ipoutat k podstatn\u00e9mu. -Richard Rohr<\/p>\n\n\n\n<h4 class=\"wp-block-heading\">Pond\u011bl\u00ed<\/h4>\n\n\n\n<p>Poka\u017ed\u00e9, kdy\u017e se p\u0159istihneme, \u017ee reagujeme, poka\u017ed\u00e9, kdy\u017e se p\u0159istihneme, \u017ee jedn\u00e1me, jako by v\u00fdsledek situace m\u011bl pr\u00e1vo pojmenovat, kdo jsme, m\u00e1me se zhluboka nadechnout a p\u0159ipomenout si, \u017ee to nen\u00ed pravda.-James Finley<\/p>\n\n\n\n<h4 class=\"wp-block-heading\">\u00dater\u00fd<\/h4>\n\n\n\n<p>Pou\u0161tn\u00ed asketov\u00e9 naz\u00fdvali tento proces sm\u011b\u0159ov\u00e1n\u00ed k vnit\u0159n\u00ed svobod\u011b odpout\u00e1n\u00edm. Odpout\u00e1n\u00ed umo\u017e\u0148uje v\u011bt\u0161\u00ed p\u0159\u00edmou zku\u0161enost s Bo\u017eskou p\u0159\u00edtomnost\u00ed, proto\u017ee hledaj\u00edc\u00ed je p\u0159ipout\u00e1n k men\u0161\u00edmu po\u010dtu ru\u0161iv\u00fdch vliv\u016f. -Laura Swan<\/p>\n\n\n\n<h4 class=\"wp-block-heading\">St\u0159eda<\/h4>\n\n\n\n<p>Mus\u00edme b\u00fdt velmi opatrn\u00ed, abychom se nep\u0159ipoutali k c\u00edli odpout\u00e1n\u00ed! Mus\u00edme se zhluboka nadechnout a nechat se un\u00e1\u0161et vlnami rozv\u00edjen\u00ed sebe sama.&nbsp; -James Finley<\/p>\n\n\n\n<h4 class=\"wp-block-heading\">\u010ctvrtek<\/h4>\n\n\n\n<p>Pro ka\u017ed\u00e9ho z n\u00e1s pohodln\u00fdch lid\u00ed zn\u00ed odpout\u00e1n\u00ed jako prohra, ale ve skute\u010dnosti jde o p\u0159\u00edstup k hlub\u0161\u00edmu, \u0161ir\u0161\u00edmu smyslu sebe sama, kter\u00e9 je ji\u017e cel\u00e9, ji\u017e spokojen\u00e9, ji\u017e napln\u011bn\u00e9 hojn\u00fdm \u017eivotem.-Richard Rohr<\/p>\n\n\n\n<h4 class=\"wp-block-heading\">P\u00e1tek<\/h4>\n\n\n\n<p>Odpoutat se znamen\u00e1 jednodu\u0161e propustit my\u0161lenky a p\u0159edstavy, ke kter\u00fdm se na\u0161e mysl zvykne up\u00ednat, v\u010detn\u011b p\u0159edstav o v\u010derej\u0161ku a z\u00edt\u0159ku. Nechat j\u00edt nen\u00ed t\u011b\u017ek\u00e9 ani krut\u00e9. M\u011bli bychom ho nechat prob\u011bhnout snadno a postupn\u011b. -And\u011bl Kyodo williams<\/p>\n\n\n\n<h2 class=\"wp-block-heading\">&nbsp;Nechat j\u00edt a vr\u00e1tit se<\/h2>\n\n\n\n<h4 class=\"wp-block-heading\">Sedmn\u00e1ct\u00fd t\u00fdden cvi\u010den\u00ed<\/h4>\n\n\n\n<p>&nbsp;&nbsp;<em>Spisovatelka a duchovn\u00ed v\u016fdkyn\u011b Caroline Oakesov\u00e1 vn\u00edm\u00e1 kontemplativn\u00ed praxi jako j\u00e1dro Je\u017e\u00ed\u0161ova rytmu slu\u017eby. Jeho p\u0159\u00edklad n\u00e1s u\u010d\u00ed odpoutat se od sv\u00fdch soud\u016f a o\u010dek\u00e1v\u00e1n\u00ed, abychom se mohli vr\u00e1tit do Bo\u017e\u00ed p\u0159\u00edtomnosti:&nbsp;<\/em><\/p>\n\n\n\n<h4 class=\"wp-block-heading\">Je\u017e\u00ed\u0161 se \u010dasto modlil o samot\u011b<\/h4>\n\n\n\n<p>Evangelijn\u00ed zpr\u00e1vy n\u00e1m ukazuj\u00ed, \u017ee Je\u017e\u00ed\u0161 s\u00e1m \u017eil tuto kontemplativn\u00ed praxi, modlitbu za slovy, praxi &#8222;vnit\u0159n\u00edho pokoje&#8220;, kdy\u017e se \u010dasto vyd\u00e1val s\u00e1m &#8230; n\u011bkdy byl v modlitb\u011b p\u0159es noc&#8230;..<\/p>\n\n\n\n<h4 class=\"wp-block-heading\">\u017dil v&nbsp;Bo\u017e\u00ed p\u0159\u00edtomnosti<\/h4>\n\n\n\n<p>Poslucha\u010di autor\u016f evangeli\u00ed z prvn\u00edho stolet\u00ed by okam\u017eit\u011b pochopili, \u017ee Je\u017e\u00ed\u0161 si z\u00e1m\u011brn\u011b a d\u016fsledn\u011b vyhrazuje \u010das na pobyt &#8222;v&#8220; mocn\u00e9 a formuj\u00edc\u00ed Bo\u017e\u00ed p\u0159\u00edtomnosti jako zp\u016fsob, jak si uv\u011bdomit a naladit se na pohyb Boha uvnit\u0159 a v\u0161ude kolem&#8230;..<\/p>\n\n\n\n<h4 class=\"wp-block-heading\">\u017dil v&nbsp;rytmu \u2013 tam a zp\u011bt<\/h4>\n\n\n\n<p>Kdy\u017e si v\u0161imneme Je\u017e\u00ed\u0161ov\u00fdch \u010das\u016f duchovn\u00ed obnovy, kter\u00e9 se prol\u00ednaj\u00ed cel\u00fdm obloukem jeho slu\u017eby &#8211; od u\u010den\u00ed, uzdravov\u00e1n\u00ed a nasycen\u00ed \u010dty\u0159 a p\u011bti tis\u00edc n\u00e1sledovn\u00edk\u016f a\u017e po jeho posledn\u00ed slova p\u0159i posledn\u00ed ve\u010de\u0159i, v Getsemanech a na k\u0159\u00ed\u017ei &#8211; za\u010dneme si v\u0161\u00edmat definitivn\u00edho vzorce Je\u017e\u00ed\u0161ovy praxe jako ur\u010dit\u00e9ho plynul\u00e9ho rytmu tam a zp\u011bt.&nbsp;<\/p>\n\n\n\n<h4 class=\"wp-block-heading\">Zbavil se egoistick\u00fdch vazeb a vracel se do Bo\u017e\u00ed p\u0159\u00edtomnosti<\/h4>\n\n\n\n<p>Neust\u00e1le se zastavuje, aby se zbavil egoistick\u00fdch vazeb, strachu, odsudk\u016f nebo o\u010dek\u00e1v\u00e1n\u00ed (co\u017e u\u010denci naz\u00fdvaj\u00ed kenoze neboli vypr\u00e1zdn\u011bn\u00ed), a pak se znovu a znovu vrac\u00ed k Bo\u017e\u00ed p\u0159\u00edtomnosti.&nbsp;<\/p>\n\n\n\n<p>Nechat j\u00edt.&nbsp;<\/p>\n\n\n\n<p>N\u00e1vrat.&nbsp;<\/p>\n\n\n\n<p>Nechat j\u00edt.&nbsp;<\/p>\n\n\n\n<p>N\u00e1vrat.&nbsp;<\/p>\n\n\n\n<h4 class=\"wp-block-heading\">zastaven\u00ed, uvoln\u011bn\u00ed a n\u00e1vrat<\/h4>\n\n\n\n<p>A Bo\u017esk\u00e9 je t\u00edm jedin\u00fdm bodem, ke kter\u00e9mu se Je\u017e\u00ed\u0161 v tomto modlitebn\u00edm rytmu zastaven\u00ed, uvoln\u011bn\u00ed a n\u00e1vratu neust\u00e1le vrac\u00ed. To je Je\u017e\u00ed\u0161\u016fv recept na probuzen\u00ed &#8211; jeho recept pro sebe i pro sv\u00e9 n\u00e1sledovn\u00edky&#8230;.. Je to Je\u017e\u00ed\u0161\u016fv postup, jak prohloubit v\u011bdom\u00ed du\u0161e a jej\u00ed nalad\u011bn\u00ed na na\u0161i nejvnit\u0159n\u011bj\u0161\u00ed podstatu, na Bo\u017esk\u00e9 v n\u00e1s.<\/p>\n","protected":false},"excerpt":{"rendered":"<p>Kdy\u017e si v\u0161imneme Je\u017e\u00ed\u0161ov\u00fdch \u010das\u016f duchovn\u00ed obnovy, kter\u00e9 se prol\u00ednaj\u00ed cel\u00fdm obloukem jeho slu\u017eby &#8211; od u\u010den\u00ed, uzdravov\u00e1n\u00ed a nasycen\u00ed \u010dty\u0159 a p\u011bti tis\u00edc n\u00e1sledovn\u00edk\u016f a\u017e po jeho posledn\u00ed slova p\u0159i posledn\u00ed ve\u010de\u0159i, v Getsemanech a na k\u0159\u00ed\u017ei &#8211; za\u010dneme si v\u0161\u00edmat definitivn\u00edho vzorce Je\u017e\u00ed\u0161ovy praxe jako ur\u010dit\u00e9ho plynul\u00e9ho rytmu tam a zp\u011bt.\u00a0<\/p>\n","protected":false},"author":1,"featured_media":6922,"comment_status":"open","ping_status":"open","sticky":false,"template":"","format":"standard","meta":{"footnotes":""},"categories":[6],"tags":[1093],"class_list":["post-6961","post","type-post","status-publish","format-standard","has-post-thumbnail","hentry","category-frantiskanskarodina","tag-promeny","latest_post"],"_links":{"self":[{"href":"https:\/\/www.frantiskani.cz\/index.php\/wp-json\/wp\/v2\/posts\/6961","targetHints":{"allow":["GET"]}}],"collection":[{"href":"https:\/\/www.frantiskani.cz\/index.php\/wp-json\/wp\/v2\/posts"}],"about":[{"href":"https:\/\/www.frantiskani.cz\/index.php\/wp-json\/wp\/v2\/types\/post"}],"author":[{"embeddable":true,"href":"https:\/\/www.frantiskani.cz\/index.php\/wp-json\/wp\/v2\/users\/1"}],"replies":[{"embeddable":true,"href":"https:\/\/www.frantiskani.cz\/index.php\/wp-json\/wp\/v2\/comments?post=6961"}],"version-history":[{"count":1,"href":"https:\/\/www.frantiskani.cz\/index.php\/wp-json\/wp\/v2\/posts\/6961\/revisions"}],"predecessor-version":[{"id":6962,"href":"https:\/\/www.frantiskani.cz\/index.php\/wp-json\/wp\/v2\/posts\/6961\/revisions\/6962"}],"wp:featuredmedia":[{"embeddable":true,"href":"https:\/\/www.frantiskani.cz\/index.php\/wp-json\/wp\/v2\/media\/6922"}],"wp:attachment":[{"href":"https:\/\/www.frantiskani.cz\/index.php\/wp-json\/wp\/v2\/media?parent=6961"}],"wp:term":[{"taxonomy":"category","embeddable":true,"href":"https:\/\/www.frantiskani.cz\/index.php\/wp-json\/wp\/v2\/categories?post=6961"},{"taxonomy":"post_tag","embeddable":true,"href":"https:\/\/www.frantiskani.cz\/index.php\/wp-json\/wp\/v2\/tags?post=6961"}],"curies":[{"name":"wp","href":"https:\/\/api.w.org\/{rel}","templated":true}]}}