{"id":6964,"date":"2023-05-02T11:41:46","date_gmt":"2023-05-02T09:41:46","guid":{"rendered":"https:\/\/www.frantiskani.cz\/?p=6964"},"modified":"2023-05-02T11:45:47","modified_gmt":"2023-05-02T09:45:47","slug":"prijeti-zmeny","status":"publish","type":"post","link":"https:\/\/www.frantiskani.cz\/index.php\/2023\/05\/02\/prijeti-zmeny\/","title":{"rendered":"P\u0159ijet\u00ed zm\u011bny"},"content":{"rendered":"\n<h6 class=\"wp-block-heading\">Osmn\u00e1ct\u00fd t\u00fdden: Prom\u011bny&nbsp;&nbsp;&nbsp;&nbsp;&nbsp;&nbsp;&nbsp;&nbsp;&nbsp;<\/h6>\n\n\n\n<h6 class=\"wp-block-heading\">&nbsp;<\/h6>\n\n\n<div class=\"wp-block-image is-style-rounded\">\n<figure class=\"alignleft size-full is-resized\"><img loading=\"lazy\" decoding=\"async\" src=\"data:image\/gif;base64,R0lGODlhAQABAAAAACH5BAEKAAEALAAAAAABAAEAAAICTAEAOw==\" data-layzr=\"https:\/\/www.frantiskani.cz\/wp-content\/uploads\/2023\/05\/023-18-Esther-de-Waal.jpg\" alt=\"\" class=\"wp-image-6965\" width=\"115\" height=\"115\"\/><\/figure>\n<\/div>\n\n\n<p><em>Benediktinka a keltsk\u00e1 u\u010denkyn\u011b Esther de Waalov\u00e1 nach\u00e1z\u00ed inspiraci pro zvl\u00e1d\u00e1n\u00ed \u017eivotn\u00edch zm\u011bn v P\u00edsmu svat\u00e9m:<\/em><\/p>\n\n\n\n<h4 class=\"wp-block-heading\">Cesta z&nbsp;otroctv\u00ed do svobody<\/h4>\n\n\n\n<p>Pokud se chyst\u00e1me vn\u00edmat \u017eivot jako sled prah\u016f, kter\u00e9 je t\u0159eba p\u0159ekro\u010dit, p\u0159ipom\u00edn\u00e1 n\u00e1m to cesty izraelsk\u00e9ho lidu pou\u0161t\u00ed a my pak nach\u00e1z\u00edme symboly a obrazy, kter\u00e9 m\u016f\u017eeme aplikovat na na\u0161i vlastn\u00ed zku\u0161enost. Samotn\u00e1 slova pascha a exodus nesou plnost v\u00fdznamu jako cesta z otroctv\u00ed do svobody. Je d\u016fle\u017eit\u00e9 si uv\u011bdomit, \u017ee pesach byl ka\u017edoro\u010dn\u00edm ritu\u00e1lem, aby se jeho pam\u00e1tka udr\u017eovala a cyklus znovu a znovu pro\u017e\u00edval&#8230;..&nbsp;<\/p>\n\n\n\n<h4 class=\"wp-block-heading\">P\u00edsn\u011b \u017eid\u016f kte\u0159\u00ed cestu okusili<\/h4>\n\n\n\n<p>\u017dalmy jsou p\u00edsn\u011bmi o cest\u011b lid\u00ed, kte\u0159\u00ed tento p\u0159echod uskute\u010dnili. Znovu a znovu zvedali k Bohu p\u011bst a hn\u011bviv\u011b na n\u011bj k\u0159i\u010deli&#8230;.. Jsou to p\u00edsn\u011b lid\u00ed, kte\u0159\u00ed se ze zn\u00e1m\u00e9 situace vyd\u00e1vali do nezn\u00e1ma, a \u010dasto se zlobili na Boha, kter\u00fd je zbavoval v\u0161ech jistot a kter\u00fd je m\u00edsto toho zd\u00e1nliv\u011b vedl po nejist\u00e9 cest\u011b.<\/p>\n\n\n\n<p>Neposed\u00e1vali dlouho u m\u00edrn\u011b tekouc\u00edch potok\u016f ani se nezdr\u017eovali na sv\u011b\u017e\u00edch louk\u00e1ch&#8230;..&nbsp;<\/p>\n\n\n\n<h4 class=\"wp-block-heading\">Kristus odm\u00edtl jistoty<\/h4>\n\n\n\n<p>V evangeli\u00edch sledujeme Krista, kter\u00fd n\u00e1m t\u00edm, \u017ee odm\u00edt\u00e1 jistoty, ukazuje, co m\u016f\u017ee znamenat svoboda. Sledujeme zp\u016fsob, jak\u00fdm vstupuje do lidsk\u00fdch \u017eivot\u016f a rozpou\u0161t\u00ed st\u00e1vaj\u00edc\u00ed situaci, a\u0165 u\u017e je jak\u00e1koli. Pravd\u011bpodobnost byla takov\u00e1, \u017ee stav sliboval jistotu, bezpe\u010d\u00ed, ale nyn\u00ed Kristus vyz\u00fdv\u00e1 lidi, aby opustili sv\u00e9 s\u00edt\u011b nebo opustili p\u011bkn\u00fd bezpe\u010dn\u00fd st\u00e1nek a n\u00e1sledovali ho. \u0158\u00edk\u00e1 Petrovi, Jakubovi a Janovi: &#8222;Poj\u010fte!&#8220; a Matou\u0161ovi: &#8222;Vsta\u0148te, h\u00fdbejte se, cho\u010fte, poj\u010fte se mnou.&#8220; V\u0161ichni jsou v bezpe\u010d\u00ed.<\/p>\n\n\n\n<h4 class=\"wp-block-heading\">Jsme p\u0159ipraveni odm\u00edtnout jistoty i my?<\/h4>\n\n\n\n<p>N\u00e1\u0161 B\u016fh je B\u016fh, kter\u00fd se pohybuje, a zve n\u00e1s, abychom se pohybovali s n\u00edm. [B\u016fh] n\u00e1s chce odtrhnout od v\u0161eho, co by n\u00e1s mohlo dr\u017eet p\u0159\u00edli\u0161 pevn\u011b: od na\u0161\u00ed kari\u00e9ry, rodinn\u00e9ho syst\u00e9mu, vyd\u011bl\u00e1v\u00e1n\u00ed pen\u011bz. Mus\u00edme b\u00fdt p\u0159ipraveni se odpojit. P\u0159ijde \u010das, kdy v\u011bci, kter\u00e9 byly v minulosti nepochybn\u011b dobr\u00e9 a spr\u00e1vn\u00e9, mus\u00edme nechat za sebou, proto\u017ee v\u017edy hroz\u00ed nebezpe\u010d\u00ed, \u017ee by n\u00e1m mohly br\u00e1nit v pohybu vp\u0159ed a ve spojen\u00ed s t\u00edm jedin\u00fdm pot\u0159ebn\u00fdm, se samotn\u00fdm Kristem.&nbsp;<\/p>\n\n\n\n<p><em>De Waal se s n\u00e1mi pod\u011bl\u00ed o to, jak se m\u016f\u017eeme vypo\u0159\u00e1dat s odporem, kter\u00fd poci\u0165ujeme, kdy\u017e stoj\u00edme na prahu n\u011b\u010deho nezn\u00e1m\u00e9ho:&nbsp;<\/em><\/p>\n\n\n\n<h4 class=\"wp-block-heading\">Na\u0161e zranitelnost n\u00e1s u\u010d\u00ed d\u016fv\u011b\u0159e v Boha<\/h4>\n\n\n\n<p>Samoz\u0159ejm\u011b, \u017ee je tu ztr\u00e1ta a je spr\u00e1vn\u00e9 truchlit a nep\u0159edst\u00edrat opak. Nejistota \u010din\u00ed jistotu p\u0159ita\u017elivou, a pr\u00e1v\u011b v takov\u00fdch chv\u00edl\u00edch chci Boha spoutat do sv\u00e9ho preferovan\u00e9ho sch\u00e9matu v\u011bc\u00ed, proto\u017ee je riskantn\u00ed b\u00fdt tak zraniteln\u00fd. Pr\u00e1v\u011b tato zranitelnost v\u0161ak \u017e\u00e1d\u00e1 d\u016fv\u011bru a nad\u011bji v Bo\u017e\u00ed pl\u00e1ny, nikoliv m\u00e9. Proto se sna\u017e\u00edm u\u010dit poka\u017ed\u00e9, kdy\u017e jsem vyzv\u00e1n, abych \u0161el kup\u0159edu, svobodn\u011b p\u0159edat minulost, nechat ji za sebou a j\u00edt d\u00e1l s rukama otev\u0159en\u00fdma a p\u0159ipraven\u00fdma na nov\u00e9.&nbsp;<\/p>\n\n\n\n<p><em>Translated with www.DeepL.com\/Translator (free version), mezinadpisy si dovolil vlo\u017eit p\u0159ekladatel<\/em><\/p>\n\n\n\n<h6 class=\"wp-block-heading\">Prameny:<\/h6>\n\n\n\n<p>Esther de Waal, <em>To Pause at the Threshold: Reflections on Living on the Border<\/em>, rev. ed. (Harrisburg, PA: Morehouse Publishing, 2004), 54, 55\u201356. &nbsp;<\/p>\n\n\n\n<p><strong>Image credit:<\/strong>&nbsp;A path from one week to the next\u2014McEl Chevrier, <em>Untitled<\/em>. CAC staff, <em>Exercise in Grief and Lamentation<\/em>. Jessie Jones, <em>Untitled<\/em>. Used with permission. <a href=\"https:\/\/email.cac.org\/t\/d-l-zujclk-ikkyjrkdkr-y\/\">Click here to enlarge image<\/a>.&nbsp;<\/p>\n\n\n\n<p><em>On retreat, the CAC staff used watercolors to connect to our collective grief. This is one of the watercolor paintings that came from that exercise.&nbsp;<\/em><\/p>\n","protected":false},"excerpt":{"rendered":"<p>N\u00e1\u0161 B\u016fh je B\u016fh, kter\u00fd se pohybuje, a zve n\u00e1s, abychom se pohybovali s n\u00edm. [B\u016fh] n\u00e1s chce odtrhnout od v\u0161eho, co by n\u00e1s mohlo dr\u017eet p\u0159\u00edli\u0161 pevn\u011b: od na\u0161\u00ed kari\u00e9ry, rodinn\u00e9ho syst\u00e9mu, vyd\u011bl\u00e1v\u00e1n\u00ed pen\u011bz. Mus\u00edme b\u00fdt p\u0159ipraveni se odpojit. P\u0159ijde \u010das, kdy v\u011bci, kter\u00e9 byly v minulosti nepochybn\u011b dobr\u00e9 a spr\u00e1vn\u00e9, mus\u00edme nechat za sebou, proto\u017ee v\u017edy hroz\u00ed nebezpe\u010d\u00ed, \u017ee by n\u00e1m mohly br\u00e1nit v pohybu vp\u0159ed a ve spojen\u00ed s t\u00edm jedin\u00fdm pot\u0159ebn\u00fdm, se samotn\u00fdm Kristem.\u00a0<\/p>\n","protected":false},"author":1,"featured_media":6957,"comment_status":"open","ping_status":"open","sticky":false,"template":"","format":"standard","meta":{"footnotes":""},"categories":[198],"tags":[1095],"class_list":["post-6964","post","type-post","status-publish","format-standard","has-post-thumbnail","hentry","category-richard-rohr-ofm-centrum-pro-zivot-a-rozjimani","tag-jistoty","latest_post"],"_links":{"self":[{"href":"https:\/\/www.frantiskani.cz\/index.php\/wp-json\/wp\/v2\/posts\/6964","targetHints":{"allow":["GET"]}}],"collection":[{"href":"https:\/\/www.frantiskani.cz\/index.php\/wp-json\/wp\/v2\/posts"}],"about":[{"href":"https:\/\/www.frantiskani.cz\/index.php\/wp-json\/wp\/v2\/types\/post"}],"author":[{"embeddable":true,"href":"https:\/\/www.frantiskani.cz\/index.php\/wp-json\/wp\/v2\/users\/1"}],"replies":[{"embeddable":true,"href":"https:\/\/www.frantiskani.cz\/index.php\/wp-json\/wp\/v2\/comments?post=6964"}],"version-history":[{"count":1,"href":"https:\/\/www.frantiskani.cz\/index.php\/wp-json\/wp\/v2\/posts\/6964\/revisions"}],"predecessor-version":[{"id":6966,"href":"https:\/\/www.frantiskani.cz\/index.php\/wp-json\/wp\/v2\/posts\/6964\/revisions\/6966"}],"wp:featuredmedia":[{"embeddable":true,"href":"https:\/\/www.frantiskani.cz\/index.php\/wp-json\/wp\/v2\/media\/6957"}],"wp:attachment":[{"href":"https:\/\/www.frantiskani.cz\/index.php\/wp-json\/wp\/v2\/media?parent=6964"}],"wp:term":[{"taxonomy":"category","embeddable":true,"href":"https:\/\/www.frantiskani.cz\/index.php\/wp-json\/wp\/v2\/categories?post=6964"},{"taxonomy":"post_tag","embeddable":true,"href":"https:\/\/www.frantiskani.cz\/index.php\/wp-json\/wp\/v2\/tags?post=6964"}],"curies":[{"name":"wp","href":"https:\/\/api.w.org\/{rel}","templated":true}]}}