{"id":7051,"date":"2023-05-26T08:42:15","date_gmt":"2023-05-26T06:42:15","guid":{"rendered":"https:\/\/www.frantiskani.cz\/?p=7051"},"modified":"2023-05-26T08:42:20","modified_gmt":"2023-05-26T06:42:20","slug":"hledani-nadeje-v-hlubinach-deprese","status":"publish","type":"post","link":"https:\/\/www.frantiskani.cz\/index.php\/2023\/05\/26\/hledani-nadeje-v-hlubinach-deprese\/","title":{"rendered":"Hled\u00e1n\u00ed nad\u011bje v hlubin\u00e1ch deprese\u00a0\u00a0\u00a0\u00a0\u00a0\u00a0\u00a0\u00a0"},"content":{"rendered":"\n<h6 class=\"wp-block-heading\">Dvac\u00e1t\u00fd prvn\u00ed t\u00fdden: Deprese a duchovn\u00ed uzdraven\u00ed &nbsp;&nbsp;&nbsp;&nbsp;&nbsp;&nbsp;&nbsp; &nbsp;<\/h6>\n\n\n<div class=\"wp-block-image is-style-rounded\">\n<figure class=\"alignleft size-large is-resized\"><img loading=\"lazy\" decoding=\"async\" src=\"data:image\/gif;base64,R0lGODlhAQABAAAAACH5BAEKAAEALAAAAAABAAEAAAICTAEAOw==\" data-layzr=\"https:\/\/www.frantiskani.cz\/wp-content\/uploads\/2023\/05\/Diana-Gruver-717x1024.jpg\" alt=\"\" class=\"wp-image-7052\" width=\"57\" height=\"81\"\/><\/figure>\n<\/div>\n\n\n<p><em>Diana Gruverov\u00e1 p\u00ed\u0161e o hled\u00e1n\u00ed \u00fat\u011bchy a nad\u011bje prost\u0159ednictv\u00edm druh\u00fdch, kte\u0159\u00ed sd\u00edlej\u00ed sv\u00e9 zku\u0161enosti:&nbsp;&nbsp;<\/em><\/p>\n\n\n\n<h4 class=\"wp-block-heading\">P\u0159\u00edb\u011bhy druh\u00fdch mi pom\u00e1hali pochopit sebe sama<\/h4>\n\n\n\n<p>Kdy\u017e jsem se prod\u00edrala obdob\u00edm deprese&#8230; zjistila jsem, \u017ee p\u0159\u00edb\u011bhy a p\u0159\u00edtomnost ostatn\u00edch, kte\u0159\u00ed depresi za\u017eili, jsou neoceniteln\u00e9. Zaslechnu n\u00e1znak n\u011b\u010deho, co pozn\u00e1v\u00e1m &#8211; odbo\u010dku, metaforu, vod\u00edtko, kter\u00e9 ukazuje na ty stopy, je\u017e zanechala temnota &#8211; a zam\u011b\u0159\u00edm se na n\u011b. Mysl\u00edm, \u017ee je tu n\u011bkdo, kdo to v\u00ed, n\u011bkdo, kdo tomu rozum\u00ed. I oni pro\u0161li \u00fadol\u00edm st\u00ednu deprese&#8230;..&nbsp;<\/p>\n\n\n\n<h4 class=\"wp-block-heading\">Nejsem pak v izolaci<\/h4>\n\n\n\n<p>P\u0159ipom\u00ednaj\u00ed mi, \u017ee nejsem jedin\u00e1, kdo touto cestou kr\u00e1\u010d\u00ed, \u017ee tato zku\u0161enost nen\u00ed ciz\u00ed. Le\u017e, \u017ee &#8222;tohle ur\u010dit\u011b nikdo neza\u017eil&#8220;, je p\u0159eru\u0161ena pravdou, \u017ee ostatn\u00ed to ve skute\u010dnosti za\u017eili, a jejich p\u0159\u00edtomnost mi d\u00e1v\u00e1 pocit men\u0161\u00ed izolace. Tito spolucestuj\u00edc\u00ed jsou m\u00fdmi spole\u010dn\u00edky v temnot\u011b noci&#8230;..<\/p>\n\n\n\n<h4 class=\"wp-block-heading\">D\u00e1vaj\u00ed mi nad\u011bji<\/h4>\n\n\n\n<p>D\u00e1vaj\u00ed mi nad\u011bji &#8211; nad\u011bji, \u017ee tohle nen\u00ed konec m\u00e9ho p\u0159\u00edb\u011bhu, \u017ee i j\u00e1 to p\u0159e\u017eiju. Nad\u011bji, \u017ee deprese nebude m\u00edt posledn\u00ed slovo. [1]<\/p>\n\n\n\n<p><em>Teolo\u017eka a duchovn\u00ed Monica Colemanov\u00e1 nach\u00e1z\u00ed \u00fat\u011bchu a uzdraven\u00ed ve spiritu\u00e1lech \u010derno\u0161sk\u00e9 c\u00edrkve:<\/em><\/p>\n\n\n\n<h4 class=\"wp-block-heading\">Spiritu\u00e1ly mi pom\u00e1haj\u00ed<\/h4>\n\n\n\n<p>\u010c\u00edm d\u00e1l jsem od ji\u017eansk\u00fdch \u010derno\u0161sk\u00fdch c\u00edrkv\u00ed a \u010d\u00edm v\u00edc rozum\u00edm depresi, t\u00edm v\u00edc spiritu\u00e1ly pot\u0159ebuji. Spiritu\u00e1ly, kter\u00e9 vytvo\u0159ili zotro\u010den\u00ed Afri\u010dan\u00e9 ve Spojen\u00fdch st\u00e1tech, vyjad\u0159uj\u00ed jak utrpen\u00ed, tak z\u00e1vislost na v\u00ed\u0159e&#8230;.. Stejn\u011b jako \u017ealmy starov\u011bk\u00e9 hebrejsk\u00e9 komunity, i otroci se obraceli se sv\u00fdmi emocemi k Bohu a zhudeb\u0148ovali je&#8230;..&nbsp;<\/p>\n\n\n\n<h4 class=\"wp-block-heading\">Spiritu\u00e1ly nikam neposp\u00edchaj\u00ed<\/h4>\n\n\n\n<p>Spiritu\u00e1ly mi d\u00e1vaj\u00ed mo\u017enost b\u00fdt smutn\u00fd, ani\u017e bych byl s\u00e1m. Proto\u017ee se zp\u00edvaj\u00ed ve spole\u010denstv\u00ed, \u0159\u00edkaj\u00ed: Je v po\u0159\u00e1dku trp\u011bt. V\u00edme, jak se c\u00edt\u00edte. My tak\u00e9 trp\u00edme. V\u0161ichni trp\u00edme.&nbsp;<\/p>\n\n\n\n<p>Neboj\u00ed se setrvat na bolestiv\u00fdch m\u00edstech. Nemaj\u00ed pot\u0159ebu sp\u011bchat s chv\u00e1lou. Dok\u00e1\u017eou b\u00fdt pomal\u00ed&#8230; vytahovat jednu slabiku po des\u00edtk\u00e1ch vte\u0159in&#8230; nesp\u011bchat&#8230; \u010dekat&#8230;. Um\u011bli vz\u00edt st\u00e9n\u00e1n\u00ed, ud\u011blat z n\u011bj hukot a pak ho prom\u011bnit ve slova. V\u011bd\u011bli, jak d\u00e1t hlas bolesti a jak to ud\u011blat spole\u010dn\u011b.<\/p>\n\n\n\n<h4 class=\"wp-block-heading\">I je\u017e\u00ed\u0161 v&nbsp;\u010dase smrti zp\u00edval \u017ealm<\/h4>\n\n\n\n<p>Proto jsem p\u0159esv\u011bd\u010den, \u017ee kdy\u017e Je\u017e\u00ed\u0161 z k\u0159\u00ed\u017ee zvolal: &#8222;Bo\u017ee m\u016fj, Bo\u017ee m\u016fj, pro\u010d jsi m\u011b opustil?&#8220; (Mt 27,45-46), ne\u0161lo o hlubok\u00e9 teologick\u00e9 prohl\u00e1\u0161en\u00ed o skryt\u00e9m Bohu. Je\u017e\u00ed\u0161 citoval \u017dalm 22, spiritu\u00e1l sv\u00e9ho lidu. M\u011bl bolesti a za\u010dal zp\u00edvat. Ve sv\u00e9 posv\u011bcen\u00e9 p\u0159edstavivosti vid\u00edm lidi u paty k\u0159\u00ed\u017ee, jak se k n\u011bmu p\u0159id\u00e1vaj\u00ed, stejn\u011b jako my dnes v m\u00e9m spole\u010denstv\u00ed v\u011b\u0159\u00edc\u00edch: nejprve pomalu, jeden hlas, pak druh\u00fd, brouk\u00e1n\u00ed, pak tvo\u0159en\u00ed slov.<\/p>\n\n\n\n<p>&nbsp;Zn\u00ed to asi takto:&nbsp;<\/p>\n\n\n\n<p>N\u011bkdy si p\u0159ipad\u00e1m jako d\u00edt\u011b bez matky.&nbsp;<\/p>\n\n\n\n<p>N\u011bkdy se c\u00edt\u00edm jako d\u00edt\u011b bez matky.&nbsp;<\/p>\n\n\n\n<p>N\u011bkdy se c\u00edt\u00edm jako d\u00edt\u011b bez matky.&nbsp;<\/p>\n\n\n\n<p>Daleko od domova&#8230;.<\/p>\n\n\n\n<p>P\u0159ipom\u00ednaj\u00ed mi, \u017ee kdy\u017e z\u016fstane\u0161 v duchovnu dostate\u010dn\u011b dlouho, usly\u0161\u00ed\u0161 Boha, poc\u00edt\u00ed\u0161 nad\u011bji. V hlubok\u00e9 depresi si nedok\u00e1\u017eu p\u0159edstavit v\u011bt\u0161\u00ed duchovn\u00ed dar.\u00a0<\/p>\n\n\n\n<h6 class=\"wp-block-heading\">Prameny:<\/h6>\n\n\n\n<p>[1] Diana Gruver, <em>Companions in the Darkness: Seven Saints Who Struggled with Depression and Doubt<\/em> (Downers Grove, IL: InterVarsity Press, 2020), 13.&nbsp;<\/p>\n\n\n\n<p>[2] Monica A. Coleman, <em>Not Alone: Reflections on Faith and Depression\u2014A 40-Day Devotional<\/em> (Culver City, CA: Inner Prizes, 2012), 17, 18\u201319.&nbsp;<\/p>\n\n\n\n<p><strong>Image credit:<\/strong>&nbsp;A path from one week to the next\u2014<em>CAC Staff Exercise in Grief and Lamentation<\/em>&nbsp;credits from left to right: Jennifer Tompos, Jenna Keiper, Jenna Keiper. Used with permission. <a href=\"https:\/\/email.cac.org\/t\/d-l-vlrkrht-ikkyjrkdkr-y\/\">Click here to enlarge image<\/a>.<br><br><em>On retreat, the CAC staff used watercolors to connect to our collective grief. This is one of the watercolor paintings that came from that exercise.<\/em><\/p>\n","protected":false},"excerpt":{"rendered":"<p>Proto jsem p\u0159esv\u011bd\u010den, \u017ee kdy\u017e Je\u017e\u00ed\u0161 z k\u0159\u00ed\u017ee zvolal: &#8222;Bo\u017ee m\u016fj, Bo\u017ee m\u016fj, pro\u010d jsi m\u011b opustil?&#8220; (Mt 27,45-46), ne\u0161lo o hlubok\u00e9 teologick\u00e9 prohl\u00e1\u0161en\u00ed o skryt\u00e9m Bohu. Je\u017e\u00ed\u0161 citoval \u017dalm 22, spiritu\u00e1l sv\u00e9ho lidu. M\u011bl bolesti a za\u010dal zp\u00edvat. Ve sv\u00e9 posv\u011bcen\u00e9 p\u0159edstavivosti vid\u00edm lidi u paty k\u0159\u00ed\u017ee, jak se k n\u011bmu p\u0159id\u00e1vaj\u00ed, stejn\u011b jako my dnes v m\u00e9m spole\u010denstv\u00ed v\u011b\u0159\u00edc\u00edch: nejprve pomalu, jeden hlas, pak druh\u00fd, brouk\u00e1n\u00ed, pak tvo\u0159en\u00ed slov.<\/p>\n","protected":false},"author":1,"featured_media":7037,"comment_status":"open","ping_status":"open","sticky":false,"template":"","format":"standard","meta":{"footnotes":""},"categories":[198],"tags":[1133],"class_list":["post-7051","post","type-post","status-publish","format-standard","has-post-thumbnail","hentry","category-richard-rohr-ofm-centrum-pro-zivot-a-rozjimani","tag-spiritualy","latest_post"],"_links":{"self":[{"href":"https:\/\/www.frantiskani.cz\/index.php\/wp-json\/wp\/v2\/posts\/7051","targetHints":{"allow":["GET"]}}],"collection":[{"href":"https:\/\/www.frantiskani.cz\/index.php\/wp-json\/wp\/v2\/posts"}],"about":[{"href":"https:\/\/www.frantiskani.cz\/index.php\/wp-json\/wp\/v2\/types\/post"}],"author":[{"embeddable":true,"href":"https:\/\/www.frantiskani.cz\/index.php\/wp-json\/wp\/v2\/users\/1"}],"replies":[{"embeddable":true,"href":"https:\/\/www.frantiskani.cz\/index.php\/wp-json\/wp\/v2\/comments?post=7051"}],"version-history":[{"count":1,"href":"https:\/\/www.frantiskani.cz\/index.php\/wp-json\/wp\/v2\/posts\/7051\/revisions"}],"predecessor-version":[{"id":7053,"href":"https:\/\/www.frantiskani.cz\/index.php\/wp-json\/wp\/v2\/posts\/7051\/revisions\/7053"}],"wp:featuredmedia":[{"embeddable":true,"href":"https:\/\/www.frantiskani.cz\/index.php\/wp-json\/wp\/v2\/media\/7037"}],"wp:attachment":[{"href":"https:\/\/www.frantiskani.cz\/index.php\/wp-json\/wp\/v2\/media?parent=7051"}],"wp:term":[{"taxonomy":"category","embeddable":true,"href":"https:\/\/www.frantiskani.cz\/index.php\/wp-json\/wp\/v2\/categories?post=7051"},{"taxonomy":"post_tag","embeddable":true,"href":"https:\/\/www.frantiskani.cz\/index.php\/wp-json\/wp\/v2\/tags?post=7051"}],"curies":[{"name":"wp","href":"https:\/\/api.w.org\/{rel}","templated":true}]}}