{"id":7056,"date":"2023-05-27T13:14:18","date_gmt":"2023-05-27T11:14:18","guid":{"rendered":"https:\/\/www.frantiskani.cz\/?p=7056"},"modified":"2023-05-27T13:14:23","modified_gmt":"2023-05-27T11:14:23","slug":"deprese-a-duchovni-uzdraveni","status":"publish","type":"post","link":"https:\/\/www.frantiskani.cz\/index.php\/2023\/05\/27\/deprese-a-duchovni-uzdraveni\/","title":{"rendered":"Deprese a duchovn\u00ed uzdraven\u00ed"},"content":{"rendered":"\n<h6 class=\"wp-block-heading\">Shrnut\u00ed dvac\u00e1t\u00e9ho prvn\u00edho t\u00fddne 21. kv\u011btna &#8211; 26. kv\u011btna 2023<\/h6>\n\n\n\n<h4 class=\"wp-block-heading\">Ned\u011ble<\/h4>\n\n\n\n<p>Podr\u017ete si p\u0159ed Bohem sv\u00e9 kdy nebo jak dlouho nebo kde. Vytvo\u0159te prostor pro to, aby va\u0161e zklam\u00e1n\u00ed, frustrace a nenapln\u011bn\u00ed vy\u0161ly ze skrytu a uk\u00e1zaly se na sv\u011btle.-Brian McLaren\u00a0<\/p>\n\n\n\n<h4 class=\"wp-block-heading\">Pond\u011bl\u00ed&nbsp;<\/h4>\n\n\n\n<p>Ti z n\u00e1s, kte\u0159\u00ed trp\u00ed depres\u00ed, ji naz\u00fdvaj\u00ed r\u016fzn\u011b. Mlha. \u010cern\u00fd pes. Temnota. Nesvat\u00fd duch. Tan\u010d\u00edme kolem n\u00ed s metaforami a malujeme obrazy bolesti sv\u00fdmi slovy. -Diana Gruver&nbsp;<\/p>\n\n\n\n<h4 class=\"wp-block-heading\">\u00dater\u00fd&nbsp;<\/h4>\n\n\n\n<p>Nekone\u010dn\u00e1 Bo\u017e\u00ed l\u00e1ska m\u016f\u017ee vyv\u011brat na povrch a v na\u0161ich dilematech m\u016f\u017ee za\u010d\u00edt prosv\u00edtat n\u011bco z hlubinn\u00e9ho rozm\u011bru. Nejde jen o to, \u017ee jsme se ocitli uprost\u0159ed dilematu, ale m\u00e1me pocit, \u017ee v\u00edme, \u017ee nejsme sami. -James Finley&nbsp;<\/p>\n\n\n\n<h4 class=\"wp-block-heading\">St\u0159eda&nbsp;<\/h4>\n\n\n\n<p>S terapeuty, l\u00e9ky, smyslupln\u00fdm studiem, mal\u00fdm c\u00edrkevn\u00edm spole\u010denstv\u00edm, pastorem, kter\u00e9mu na mn\u011b z\u00e1le\u017eelo, p\u0159\u00e1teli, kte\u0159\u00ed mi rozum\u011bli, a pojmenov\u00e1n\u00edm m\u00e9ho stavu m\u011b B\u016fh pletl. B\u016fh m\u011b pletl zp\u00e1tky dohromady.-Monica A. Coleman\u00a0<\/p>\n\n\n\n<h4 class=\"wp-block-heading\">\u010ctvrtek<\/h4>\n\n\n\n<p>Kdy\u017e riskujeme, \u017ee se pod\u011bl\u00edme o to, co n\u00e1s nejv\u00edce bol\u00ed, v p\u0159\u00edtomnosti n\u011bkoho, kdo n\u00e1s nenapadne a neopust\u00ed, m\u016f\u017eeme se nau\u010dit nenapadat a neopou\u0161t\u011bt sami sebe. -James Finley&nbsp;<\/p>\n\n\n\n<p><em>P\u00e1te<\/em>k<\/p>\n\n\n\n<p>Spiritu\u00e1ly mi d\u00e1vaj\u00ed mo\u017enost b\u00fdt smutn\u00fd, ani\u017e bych byl s\u00e1m. Proto\u017ee se zp\u00edvaj\u00ed ve spole\u010denstv\u00ed, \u0159\u00edkaj\u00ed: Je v po\u0159\u00e1dku trp\u011bt. V\u00edme, jak se c\u00edt\u00ed\u0161. My tak\u00e9 trp\u00edme. V\u0161ichni trp\u00edme. &#8211; Monica A. Coleman<\/p>\n\n\n\n<h2 class=\"wp-block-heading\">Cvi\u010den\u00ed dvac\u00e1t\u00e9ho prvn\u00edho t\u00fddne<\/h2>\n\n\n\n<p>Modlitba beze slov<\/p>\n\n\n\n<p>Podle autorky a biskupsk\u00e9 kn\u011b\u017eky Barbary Cawthorne Craftonov\u00e9 n\u00e1m pr\u00e1v\u011b ve chv\u00edl\u00edch, kdy slova selh\u00e1vaj\u00ed, m\u016f\u017ee modlitba beze slov pomoci udr\u017eet na\u0161i v\u00edru.&nbsp;&nbsp;<\/p>\n\n\n<div class=\"wp-block-image is-style-rounded\">\n<figure class=\"alignleft size-full is-resized\"><img loading=\"lazy\" decoding=\"async\" src=\"data:image\/gif;base64,R0lGODlhAQABAAAAACH5BAEKAAEALAAAAAABAAEAAAICTAEAOw==\" data-layzr=\"https:\/\/www.frantiskani.cz\/wp-content\/uploads\/2023\/05\/barbara-crafton.jpg\" alt=\"\" class=\"wp-image-7057\" width=\"78\" height=\"92\"\/><\/figure>\n<\/div>\n\n\n<p>B\u016fh nen\u00ed postava stoj\u00edc\u00ed mimo na\u0161i zku\u0161enost a pot\u0159ebuj\u00edc\u00ed informace o n\u00ed. Ve skute\u010dnosti se nepot\u0159ebujeme modlit o ni\u010dem; v\u011bt\u0161inu toho, co se ve sv\u011bt\u011b d\u011bje, nem\u00e1me na starosti. M\u016f\u017eeme se spokojit s modlitbou zevnit\u0159 toho v\u0161eho.&nbsp;&nbsp;<\/p>\n\n\n\n<p>Pokud se tedy \u00fa\u010dinnost modlitby nem\u011b\u0159\u00ed podle toho, zda dostaneme, o co pros\u00edme, je pravd\u011bpodobn\u011b bezpe\u010dn\u00e9 p\u0159estat o n\u011bco prosit, zejm\u00e9na pokud se zd\u00e1, \u017ee to \u017eiv\u00ed zoufalstv\u00ed a beznad\u011bj, kter\u00e9 se v du\u0161i depresivn\u00edho \u010dlov\u011bka zako\u0159e\u0148uj\u00ed &#8211; pokud se modlitba stala jen pouhou starost\u00ed s &#8222;Amen&#8220; p\u0159ipsan\u00fdm na konci. Zde je n\u00e1vrh:&nbsp;&nbsp;<\/p>\n\n\n\n<h4 class=\"wp-block-heading\">Mo\u017en\u00e1 bychom mohli zkusit nepou\u017e\u00edvat slova v\u016fbec.\u00a0\u00a0<\/h4>\n\n\n\n<p>Nikdy nen\u00ed toto povolen\u00ed b\u00fdt beze slov d\u016fle\u017eit\u011bj\u0161\u00ed ne\u017e tehdy, kdy\u017e deprese dus\u00ed i ka\u017edodenn\u00ed slova v lidsk\u00e9 interakci. V takov\u00e9 chv\u00edli je mo\u017en\u00e1 zapot\u0159eb\u00ed duchovn\u00ed praxe, kter\u00e1 v\u00e1m umo\u017en\u00ed pr\u00e1zdnotu, m\u00edsto aby bojovala za jej\u00ed zapln\u011bn\u00ed. Starobyl\u00e1 praxe soust\u0159ed\u011bn\u00e9 modlitby je jednou z nich, stejn\u011b jako jin\u00e9 medita\u010dn\u00ed techniky z jin\u00fdch n\u00e1bo\u017eenstv\u00ed a kultur: tich\u00e9, jemn\u00e9 vzd\u00e1n\u00ed se v\u0161ech iluz\u00ed o osobn\u00ed moci a kontrole. Nem\u011b\u0159\u00ed se kvalitou ani mno\u017estv\u00edm emoc\u00ed, kter\u00e9 vyvol\u00e1v\u00e1. Modlitba se nemus\u00ed m\u011b\u0159it ni\u010d\u00edm.&nbsp;&nbsp;<\/p>\n\n\n<div class=\"wp-block-image is-style-rounded\">\n<figure class=\"alignleft size-full is-resized\"><img loading=\"lazy\" decoding=\"async\" src=\"data:image\/gif;base64,R0lGODlhAQABAAAAACH5BAEKAAEALAAAAAABAAEAAAICTAEAOw==\" data-layzr=\"https:\/\/www.frantiskani.cz\/wp-content\/uploads\/2022\/03\/McLaren.webp\" alt=\"\" class=\"wp-image-3659\" width=\"158\" height=\"87\"\/><\/figure>\n<\/div>\n\n\n<p>Zveme v\u00e1s, abyste se p\u0159ipojili k u\u010diteli CAC Brianu McLarenovi, kter\u00fd vede <a href=\"https:\/\/www.youtube.com\/watch?v=dLkKtDwIlKM\">tichou meditaci.<\/a><\/p>\n\n\n\n<p><em>Translated with www.DeepL.com\/Translator (free version)<\/em><\/p>\n","protected":false},"excerpt":{"rendered":"<p>Nikdy nen\u00ed toto povolen\u00ed b\u00fdt beze slov d\u016fle\u017eit\u011bj\u0161\u00ed ne\u017e tehdy, kdy\u017e deprese dus\u00ed i ka\u017edodenn\u00ed slova v lidsk\u00e9 interakci. V takov\u00e9 chv\u00edli je mo\u017en\u00e1 zapot\u0159eb\u00ed duchovn\u00ed praxe, kter\u00e1 v\u00e1m umo\u017en\u00ed pr\u00e1zdnotu, m\u00edsto aby bojovala za jej\u00ed zapln\u011bn\u00ed. Starobyl\u00e1 praxe soust\u0159ed\u011bn\u00e9 modlitby je jednou z nich, stejn\u011b jako jin\u00e9 medita\u010dn\u00ed techniky z jin\u00fdch n\u00e1bo\u017eenstv\u00ed a kultur: tich\u00e9, jemn\u00e9 vzd\u00e1n\u00ed se v\u0161ech iluz\u00ed o osobn\u00ed moci a kontrole. Nem\u011b\u0159\u00ed se kvalitou ani mno\u017estv\u00edm emoc\u00ed, kter\u00e9 vyvol\u00e1v\u00e1. Modlitba se nemus\u00ed m\u011b\u0159it ni\u010d\u00edm.\u00a0\u00a0<\/p>\n","protected":false},"author":1,"featured_media":7037,"comment_status":"open","ping_status":"open","sticky":false,"template":"","format":"standard","meta":{"footnotes":""},"categories":[6],"tags":[],"class_list":["post-7056","post","type-post","status-publish","format-standard","has-post-thumbnail","hentry","category-frantiskanskarodina","latest_post"],"_links":{"self":[{"href":"https:\/\/www.frantiskani.cz\/index.php\/wp-json\/wp\/v2\/posts\/7056","targetHints":{"allow":["GET"]}}],"collection":[{"href":"https:\/\/www.frantiskani.cz\/index.php\/wp-json\/wp\/v2\/posts"}],"about":[{"href":"https:\/\/www.frantiskani.cz\/index.php\/wp-json\/wp\/v2\/types\/post"}],"author":[{"embeddable":true,"href":"https:\/\/www.frantiskani.cz\/index.php\/wp-json\/wp\/v2\/users\/1"}],"replies":[{"embeddable":true,"href":"https:\/\/www.frantiskani.cz\/index.php\/wp-json\/wp\/v2\/comments?post=7056"}],"version-history":[{"count":1,"href":"https:\/\/www.frantiskani.cz\/index.php\/wp-json\/wp\/v2\/posts\/7056\/revisions"}],"predecessor-version":[{"id":7058,"href":"https:\/\/www.frantiskani.cz\/index.php\/wp-json\/wp\/v2\/posts\/7056\/revisions\/7058"}],"wp:featuredmedia":[{"embeddable":true,"href":"https:\/\/www.frantiskani.cz\/index.php\/wp-json\/wp\/v2\/media\/7037"}],"wp:attachment":[{"href":"https:\/\/www.frantiskani.cz\/index.php\/wp-json\/wp\/v2\/media?parent=7056"}],"wp:term":[{"taxonomy":"category","embeddable":true,"href":"https:\/\/www.frantiskani.cz\/index.php\/wp-json\/wp\/v2\/categories?post=7056"},{"taxonomy":"post_tag","embeddable":true,"href":"https:\/\/www.frantiskani.cz\/index.php\/wp-json\/wp\/v2\/tags?post=7056"}],"curies":[{"name":"wp","href":"https:\/\/api.w.org\/{rel}","templated":true}]}}