{"id":7060,"date":"2023-05-28T09:24:09","date_gmt":"2023-05-28T07:24:09","guid":{"rendered":"https:\/\/www.frantiskani.cz\/?p=7060"},"modified":"2023-05-28T09:24:13","modified_gmt":"2023-05-28T07:24:13","slug":"blizko-jako-nas-dech","status":"publish","type":"post","link":"https:\/\/www.frantiskani.cz\/index.php\/2023\/05\/28\/blizko-jako-nas-dech\/","title":{"rendered":"Bl\u00edzko jako n\u00e1\u0161 dech"},"content":{"rendered":"\n<h6 class=\"wp-block-heading\">Dvac\u00e1t\u00fd druh\u00fd t\u00fdden: Duch svat\u00fd<\/h6>\n\n\n\n<p><em>O sv\u00e1tku Letnic n\u00e1m otec Richard p\u0159ipom\u00edn\u00e1, \u017ee Duch svat\u00fd je n\u00e1m tak bl\u00edzko jako n\u00e1\u0161 dech:&nbsp;<\/em><\/p>\n\n\n\n<p><em>Je\u017e\u00ed\u0161 jim znovu \u0159ekl: &#8222;Pokoj v\u00e1m! Jako Otec poslal m\u011b, tak j\u00e1 pos\u00edl\u00e1m v\u00e1s.&#8220; Kdy\u017e to \u0159ekl, d\u00fdchl na n\u011b a \u0159ekl jim: &#8222;P\u0159ijm\u011bte Ducha svat\u00e9ho&#8220; (Jan 20,21-22).&nbsp;<\/em><\/p>\n\n\n\n<h4 class=\"wp-block-heading\">Zaj\u00edm\u00e1 t\u011b, co rozd\u00e1v\u00e1 B\u016fh?<\/h4>\n\n\n\n<p>B\u016fh se po cel\u00e9 d\u011bjiny sna\u017e\u00ed rozd\u00e1vat Boha. Je\u017e\u00ed\u0161 n\u00e1m ukazuje, \u017ee tento dar je zdarma a zcela k dispozici, stejn\u011b dostupn\u00fd jako n\u00e1\u0161 dech. Zd\u00e1 se v\u0161ak, \u017ee B\u016fh m\u00e1 probl\u00e9m Boha rozd\u00e1vat, proto\u017ee v\u011bt\u0161ina z n\u00e1s o to nem\u00e1 z\u00e1jem. Zaj\u00edmaj\u00ed n\u00e1s jin\u00e9 v\u011bci: pen\u00edze a moc a \u00fasp\u011bch a dobr\u00fd vzhled a politika. Trv\u00e1 dlouho, ne\u017e se dostaneme k tomu jedin\u00e9mu, pro co jsme byli stvo\u0159eni.&nbsp;&nbsp;<\/p>\n\n\n\n<h4 class=\"wp-block-heading\">Jenom mal\u00e1 mezera v metru<\/h4>\n\n\n\n<p>Pokud jste n\u011bkdy jeli v lond\u00fdnsk\u00e9m metru, ne\u017e se otev\u0159ou dve\u0159e a vy vystoup\u00edte z vlaku, \u0159\u00edkaj\u00ed v\u00e1m: &#8222;Pozor na mezeru.&#8220; V\u017edycky je to tak. Kdy\u017e se dve\u0159e otev\u0159ou, je to naps\u00e1no velk\u00fdmi slovy p\u0159ed ka\u017ed\u00fdmi dve\u0159mi: &#8222;Pozor na mezeru.&#8220; Znamen\u00e1 to samoz\u0159ejm\u011b, \u017ee mezi dve\u0159mi a chodn\u00edkem je n\u011bkolik centimetr\u016f a \u017ee necht\u011bj\u00ed, aby do t\u00e9 mezery n\u011bkdo spadl.&nbsp;&nbsp;<\/p>\n\n\n\n<h4 class=\"wp-block-heading\">A mezera mezi n\u00e1mi a Bohem \u2013 p\u0159eru\u0161en\u00e9 spojen\u00ed<\/h4>\n\n\n\n<p>P\u0159i vyu\u010dov\u00e1n\u00ed o Duchu svat\u00e9m mus\u00edme d\u011blat to, co d\u011bl\u00e1me: &#8222;Pozor na mezeru&#8220; &#8211; proto\u017ee Duch svat\u00fd vypl\u0148uje mezery ve v\u0161em. Nejprve si mus\u00edme uv\u011bdomit, \u017ee tam obvykle n\u011bjak\u00e1 mezera je. Mezera je tam proto, \u017ee si neuv\u011bdomujeme, \u017ee B\u016fh je n\u00e1m k dispozici stejn\u011b jako n\u00e1\u0161 dech. Svou vlastn\u00ed hloupost\u00ed a po\u0161etilost\u00ed v\u017edy dovolujeme, aby byl B\u016fh vzd\u00e1len\u00fd, aby byl n\u011bkde jinde. V\u017edycky najdeme mezeru mezi sebou a bli\u017en\u00edm, mezi sebou a t\u00e9m\u011b\u0159 v\u0161\u00edm. Proto se na tomto sv\u011bt\u011b c\u00edt\u00edme docela osam\u011bl\u00ed a izolovan\u00ed. Bez ur\u010dit\u00e9ho v\u011bdom\u00ed p\u0159\u00edtomnosti Ducha svat\u00e9ho, up\u0159\u00edmn\u011b \u0159e\u010deno, nejsme s ni\u010d\u00edm a s nik\u00fdm spojeni. \u017dijeme prost\u011b izolovan\u00fdm \u017eivotem.&nbsp;&nbsp;<\/p>\n\n\n\n<h4 class=\"wp-block-heading\">Duch Bo\u017e\u00ed je s&nbsp;n\u00e1mi a v&nbsp;n\u00e1s p\u0159\u00edtomen<\/h4>\n\n\n\n<p>Duch svat\u00fd v n\u00e1s je touha uvnit\u0159 ka\u017ed\u00e9ho z n\u00e1s, kter\u00e1 chce st\u00e1le navazovat spojen\u00ed, vztahy a spole\u010denstv\u00ed. Nen\u00ed nad n\u00e1mi. Nen\u00ed nad n\u00e1mi &#8211; je v n\u00e1s. Je dostupn\u00fd jako n\u00e1\u0161 dech, a proto Zmrtv\u00fdchvstal\u00fd Kristus d\u00e1v\u00e1 Ducha svat\u00e9ho t\u00edm, \u017ee d\u00fdch\u00e1 na u\u010dedn\u00edky. V podstat\u011b \u0159\u00edk\u00e1: &#8222;Tady je! Tady je! M\u016f\u017eete vdechnout to, co jsem j\u00e1 vydechl?&#8220;.<\/p>\n\n\n\n<h4 class=\"wp-block-heading\">A je pro n\u00e1s zdarma \u2013 sta\u010d\u00ed se nat\u00e1hnout pro spojen\u00ed<\/h4>\n\n\n\n<p>Jak budeme na cest\u011b r\u016fst, za\u010dneme tento dech, tohoto Ducha, zakou\u0161et, jako by to byl samotn\u00fd vzduch. Je v\u0161ude a neust\u00e1le a my bez n\u011bj nem\u016f\u017eeme \u017e\u00edt ani minutu. Nen\u00ed to \u00fa\u017easn\u00e9, \u017ee vzduch, v\u011bc, kter\u00e1 je pro v\u011bt\u0161inu lid\u00ed nejpodstatn\u011bj\u0161\u00ed, nejneviditeln\u011bj\u0161\u00ed, je jedin\u00e1 v\u011bc, kter\u00e1 je v\u0161ude a po\u0159\u00e1d a zadarmo? Stejn\u011b tak Duch svat\u00fd n\u00e1m byl d\u00e1n zdarma.<\/p>\n\n\n\n<p><em>P\u0159elo\u017eeno Deepl.com, mezinadpisy si dovolil vlo\u017eit p\u0159ekaladel<\/em><\/p>\n\n\n\n<h6 class=\"wp-block-heading\">Prameny:<\/h6>\n\n\n\n<p>Adapted from Richard Rohr, \u201c<a href=\"https:\/\/email.cac.org\/t\/d-l-vljtujl-tlkrhyidn-y\/\">Pentecost Sunday: The Divine Sparkplug<\/a>,\u201d homily, May 15, 2016.&nbsp;&nbsp;<\/p>\n\n\n\n<p><strong>Image credit:<\/strong> A path from one week to the next\u2014<em>Exercise in Grief and Lamentation<\/em> credits from left to right: Jenna Keiper, Jenna Keiper, Izzy Spitz. Used with permission. <a href=\"https:\/\/email.cac.org\/t\/d-l-vljtujl-tlkrhyidn-j\/\">Click here to enlarge image<\/a>.<br><br><em>On retreat, the CAC staff used watercolors to connect to our collective grief. This is one of the watercolor paintings that came from that exercise.&nbsp;<\/em><\/p>\n","protected":false},"excerpt":{"rendered":"<p>Duch svat\u00fd v n\u00e1s je touha uvnit\u0159 ka\u017ed\u00e9ho z n\u00e1s, kter\u00e1 chce st\u00e1le navazovat spojen\u00ed, vztahy a spole\u010denstv\u00ed. Nen\u00ed nad n\u00e1mi. Nen\u00ed nad n\u00e1mi &#8211; je v n\u00e1s. Je dostupn\u00fd jako n\u00e1\u0161 dech, a proto Zmrtv\u00fdchvstal\u00fd Kristus d\u00e1v\u00e1 Ducha svat\u00e9ho t\u00edm, \u017ee d\u00fdch\u00e1 na u\u010dedn\u00edky. V podstat\u011b \u0159\u00edk\u00e1: &#8222;Tady je! Tady je! M\u016f\u017eete vdechnout to, co jsem j\u00e1 vydechl?&#8220;.<\/p>\n","protected":false},"author":1,"featured_media":7061,"comment_status":"open","ping_status":"open","sticky":false,"template":"","format":"standard","meta":{"footnotes":""},"categories":[198],"tags":[491],"class_list":["post-7060","post","type-post","status-publish","format-standard","has-post-thumbnail","hentry","category-richard-rohr-ofm-centrum-pro-zivot-a-rozjimani","tag-duch-svaty","latest_post"],"_links":{"self":[{"href":"https:\/\/www.frantiskani.cz\/index.php\/wp-json\/wp\/v2\/posts\/7060","targetHints":{"allow":["GET"]}}],"collection":[{"href":"https:\/\/www.frantiskani.cz\/index.php\/wp-json\/wp\/v2\/posts"}],"about":[{"href":"https:\/\/www.frantiskani.cz\/index.php\/wp-json\/wp\/v2\/types\/post"}],"author":[{"embeddable":true,"href":"https:\/\/www.frantiskani.cz\/index.php\/wp-json\/wp\/v2\/users\/1"}],"replies":[{"embeddable":true,"href":"https:\/\/www.frantiskani.cz\/index.php\/wp-json\/wp\/v2\/comments?post=7060"}],"version-history":[{"count":1,"href":"https:\/\/www.frantiskani.cz\/index.php\/wp-json\/wp\/v2\/posts\/7060\/revisions"}],"predecessor-version":[{"id":7062,"href":"https:\/\/www.frantiskani.cz\/index.php\/wp-json\/wp\/v2\/posts\/7060\/revisions\/7062"}],"wp:featuredmedia":[{"embeddable":true,"href":"https:\/\/www.frantiskani.cz\/index.php\/wp-json\/wp\/v2\/media\/7061"}],"wp:attachment":[{"href":"https:\/\/www.frantiskani.cz\/index.php\/wp-json\/wp\/v2\/media?parent=7060"}],"wp:term":[{"taxonomy":"category","embeddable":true,"href":"https:\/\/www.frantiskani.cz\/index.php\/wp-json\/wp\/v2\/categories?post=7060"},{"taxonomy":"post_tag","embeddable":true,"href":"https:\/\/www.frantiskani.cz\/index.php\/wp-json\/wp\/v2\/tags?post=7060"}],"curies":[{"name":"wp","href":"https:\/\/api.w.org\/{rel}","templated":true}]}}