{"id":7096,"date":"2023-06-08T17:32:52","date_gmt":"2023-06-08T15:32:52","guid":{"rendered":"https:\/\/www.frantiskani.cz\/?p=7096"},"modified":"2023-06-08T17:49:56","modified_gmt":"2023-06-08T15:49:56","slug":"zit-v-proudu","status":"publish","type":"post","link":"https:\/\/www.frantiskani.cz\/index.php\/2023\/06\/08\/zit-v-proudu\/","title":{"rendered":"\u017d\u00edt v\u00a0proudu"},"content":{"rendered":"\n<h6 class=\"wp-block-heading\">Dvac\u00e1t\u00fd t\u0159et\u00ed t\u00fdden: Trojice<\/h6>\n\n\n\n<p><em>Otec Richard pou\u017e\u00edv\u00e1 jazyk &#8222;proud\u011bn\u00ed&#8220;, aby prohloubil na\u0161e zku\u0161enostn\u00ed porozum\u011bn\u00ed tomu, co znamen\u00e1 \u017e\u00edt v trinit\u00e1rn\u00edm vesm\u00edru:&nbsp;<\/em><\/p>\n\n\n\n<h4 class=\"wp-block-heading\">Trojici rozum\u00ed jen B\u016fh ve v\u00e1s<\/h4>\n\n\n\n<p>Trojici lze porozum\u011bt pouze kontemplativn\u00ed mysl\u00ed. Porozum\u011bt m\u016f\u017ee jen B\u016fh ve v\u00e1s, va\u0161e mal\u00e1 mysl to nedok\u00e1\u017ee. To je participativn\u00ed pozn\u00e1n\u00ed. Trojici nelze racion\u00e1ln\u011b dok\u00e1zat. Jej\u00ed proud\u011bn\u00ed ve sv\u00e9m \u017eivot\u011b mus\u00edte zakou\u0161et na r\u016fzn\u00fdch \u00farovn\u00edch: Mus\u00ed\u0161 pro\u017e\u00edvat chv\u00edle, kdy v\u00ed\u0161, \u017ee Velk\u00fd \u017eivot se odehr\u00e1v\u00e1 v tob\u011b (Duch svat\u00fd), ale i mimo tebe (Otec) a tak\u00e9 jako ty (Kristus)!&nbsp;<\/p>\n\n\n\n<h4 class=\"wp-block-heading\">Je t\u0159eba jen st\u00e1t pod vodop\u00e1dem Ducha<\/h4>\n\n\n\n<p>K\u0159es\u0165an\u00e9 bohu\u017eel v\u011bt\u0161inou rezignovali i na snahu pochopit Trojici. Ale pokud jsme rozhodnuti, \u017ee chceme proniknout do tajemstv\u00ed, pak si mysl\u00edm, \u017ee se mus\u00edme sna\u017eit pochopit Trojici zku\u0161enostn\u011b a kontemplativn\u011b. P\u0159istupovat k Trojici t\u00edmto zp\u016fsobem v\u016fbec neznamen\u00e1 ch\u00e1pat, ale &#8222;st\u00e1t&#8220; pod vodop\u00e1dem nekone\u010dn\u00e9ho a l\u00e1skypln\u00e9ho Proudu.&nbsp;<\/p>\n\n\n\n<h4 class=\"wp-block-heading\">Rozhoduj\u00edc\u00ed je na\u0161e ano<\/h4>\n\n\n\n<p>Pokud mezi n\u00e1mi proud\u00ed troji\u010dn\u00ed \u017eivot, pak je ka\u017ed\u00fd aspekt na\u0161eho \u017eivota n\u011b\u010d\u00edm, co m\u016f\u017eeme dovolit, z \u010deho se m\u016f\u017eeme t\u011b\u0161it a co m\u016f\u017eeme spravovat. Troji\u010dn\u00ed teologie n\u00e1m nab\u00edz\u00ed pochopen\u00ed, \u017ee jsme vedeni a \u00fa\u010dastn\u00edme se Velk\u00e9ho tajemstv\u00ed. A s n\u00e1mi jednotliv\u011b to m\u00e1 pram\u00e1lo spole\u010dn\u00e9ho, jen se zd\u00e1, \u017ee podobn\u011b jako u Marie v Nazaret\u011b je na\u0161e &#8222;ano&#8220; rozhoduj\u00edc\u00ed. Z\u00e1le\u017e\u00ed na n\u011bm. B\u016fh nep\u016fsob\u00ed nezvan\u011b nebo ne\u017e\u00e1douc\u00edm zp\u016fsobem.&nbsp;<\/p>\n\n\n\n<h4 class=\"wp-block-heading\">V\u00a0centru je bo\u017esk\u00e1 \u0161t\u011bdrost<\/h4>\n\n\n\n<p>Jste sou\u010d\u00e1st\u00ed tohoto proudu. Otec, Syn a Duch svat\u00fd, a tak\u00e9 vy &#8211; do t\u00e9 m\u00edry, do jak\u00e9 \u0159eknete &#8222;ano&#8220;<\/p>\n\n\n\n<p>&#8211; jste tak\u00e9 d\u00e1vaj\u00edc\u00ed a p\u0159ij\u00edmaj\u00edc\u00ed, tvo\u0159eni stejn\u00fdmi vztahy l\u00e1sky, kter\u00e9 tvo\u0159\u00ed Trojici. (U\u017e\u00edvejte si to po zbytek \u017eivota!) Neodva\u017eujete se tento tok zastavit, ani\u017e byste ztratili sv\u00e9 bytostn\u00e9 j\u00e1. Ka\u017ed\u00e1 osoba Trojice p\u0159ij\u00edm\u00e1 sto procent toho, co se j\u00ed nab\u00edz\u00ed, co je cel\u00e9 a neomezen\u00e9, a pak to stoprocentn\u011b vrac\u00ed d\u00e1l. Tento tok je p\u016fvodem na\u0161ich p\u0159edstav o milosti a hojn\u00e9m vesm\u00edru. V centru v\u0161eho je bo\u017esk\u00e1 \u0161t\u011bdrost.\u00a0<\/p>\n\n\n\n<h4 class=\"wp-block-heading\">D\u016fv\u011b\u0159ujte a sna\u017ete se o vztahy<\/h4>\n\n\n\n<p>Toto troji\u010dn\u00ed tajemstv\u00ed m\u016f\u017eete pro\u017e\u00edt sami. D\u016fv\u011b\u0159ujte l\u00e1sce, d\u016fv\u011b\u0159ujte spole\u010denstv\u00ed, d\u016fv\u011b\u0159ujte zranitelnosti a d\u016fv\u011b\u0159ujte vz\u00e1jemnosti. V\u017edy se sna\u017ete b\u00fdt ve vztahu a hledejte drobn\u00e9 zp\u016fsoby, jak slou\u017eit druh\u00fdm, jak slou\u017eit lidem, kte\u0159\u00ed jsou nemocn\u00ed nebo chud\u00ed a nemohou nic vr\u00e1tit. V\u011bzte, \u017ee na\u0161e srdce n\u00e1m byla d\u00e1na, aby mohla b\u00fdt p\u0159ed\u00e1v\u00e1na d\u00e1l, stejn\u011b jako Trojice. A za\u010dneme pozn\u00e1vat sami sebe uvnit\u0159 tohoto tajemstv\u00ed zvan\u00e9ho L\u00e1ska. K tomu vlastn\u011b nen\u00ed co dodat. Tady bychom mohli na\u0161e pov\u00edd\u00e1n\u00ed ukon\u010dit.&nbsp;<\/p>\n\n\n\n<h4 class=\"wp-block-heading\">Hlava v\u00e1m moc nepom\u016f\u017ee<\/h4>\n\n\n\n<p>Nesna\u017ete se to p\u0159\u00edli\u0161 \u0159e\u0161it hlavou. Jen d\u016fv\u011b\u0159ujte proudu t\u00e9 nejp\u0159irozen\u011bj\u0161\u00ed, nejdynami\u010dt\u011bj\u0161\u00ed a nejpozitivn\u011bj\u0161\u00ed energie, kter\u00e1 v\u00e1mi ji\u017e proud\u00ed. V\u017edycky to budete c\u00edtit jako L\u00e1sku.<\/p>\n\n\n\n<h6 class=\"wp-block-heading\">Prameny:<\/h6>\n\n\n\n<p>Adapted from Richard Rohr,\u202f<em><a href=\"https:\/\/email.cac.org\/t\/d-l-vlhurhk-ikkyjrkdkr-y\/\">A Spring within Us: A Book of Daily Meditations<\/a><\/em> (Albuquerque, NM: CAC Publishing, 2016), 257\u2013258, 261\u2013262.&nbsp;<\/p>\n\n\n\n<p><strong>Image credit:<\/strong> A path from one week to the next\u2014 Jenna Keiper, <em>Untitled<\/em>. Jenna Keiper, <em>Untitled<\/em>. Izzy Spitz, <em>Untitled<\/em>. Watercolor. Used with permission. <a href=\"https:\/\/email.cac.org\/t\/d-l-vlhurhk-ikkyjrkdkr-j\/\">Click here to enlarge image<\/a>.<br><br><em>On retreat, the CAC staff used watercolors to connect to our collective grief. This is one of the watercolor paintings that came from that exercise.&nbsp;<\/em><\/p>\n","protected":false},"excerpt":{"rendered":"<p>Nesna\u017ete se to p\u0159\u00edli\u0161 \u0159e\u0161it hlavou. Jen d\u016fv\u011b\u0159ujte proudu t\u00e9 nejp\u0159irozen\u011bj\u0161\u00ed, nejdynami\u010dt\u011bj\u0161\u00ed a nejpozitivn\u011bj\u0161\u00ed energie, kter\u00e1 v\u00e1mi ji\u017e proud\u00ed. V\u017edycky to budete c\u00edtit jako L\u00e1sku.<\/p>\n","protected":false},"author":1,"featured_media":7061,"comment_status":"open","ping_status":"open","sticky":false,"template":"","format":"standard","meta":{"footnotes":""},"categories":[198],"tags":[346,1140,299],"class_list":["post-7096","post","type-post","status-publish","format-standard","has-post-thumbnail","hentry","category-richard-rohr-ofm-centrum-pro-zivot-a-rozjimani","tag-duverovat","tag-rici-jen-ano","tag-trojice","latest_post"],"_links":{"self":[{"href":"https:\/\/www.frantiskani.cz\/index.php\/wp-json\/wp\/v2\/posts\/7096","targetHints":{"allow":["GET"]}}],"collection":[{"href":"https:\/\/www.frantiskani.cz\/index.php\/wp-json\/wp\/v2\/posts"}],"about":[{"href":"https:\/\/www.frantiskani.cz\/index.php\/wp-json\/wp\/v2\/types\/post"}],"author":[{"embeddable":true,"href":"https:\/\/www.frantiskani.cz\/index.php\/wp-json\/wp\/v2\/users\/1"}],"replies":[{"embeddable":true,"href":"https:\/\/www.frantiskani.cz\/index.php\/wp-json\/wp\/v2\/comments?post=7096"}],"version-history":[{"count":1,"href":"https:\/\/www.frantiskani.cz\/index.php\/wp-json\/wp\/v2\/posts\/7096\/revisions"}],"predecessor-version":[{"id":7097,"href":"https:\/\/www.frantiskani.cz\/index.php\/wp-json\/wp\/v2\/posts\/7096\/revisions\/7097"}],"wp:featuredmedia":[{"embeddable":true,"href":"https:\/\/www.frantiskani.cz\/index.php\/wp-json\/wp\/v2\/media\/7061"}],"wp:attachment":[{"href":"https:\/\/www.frantiskani.cz\/index.php\/wp-json\/wp\/v2\/media?parent=7096"}],"wp:term":[{"taxonomy":"category","embeddable":true,"href":"https:\/\/www.frantiskani.cz\/index.php\/wp-json\/wp\/v2\/categories?post=7096"},{"taxonomy":"post_tag","embeddable":true,"href":"https:\/\/www.frantiskani.cz\/index.php\/wp-json\/wp\/v2\/tags?post=7096"}],"curies":[{"name":"wp","href":"https:\/\/api.w.org\/{rel}","templated":true}]}}