{"id":7125,"date":"2023-06-16T11:11:27","date_gmt":"2023-06-16T09:11:27","guid":{"rendered":"https:\/\/www.frantiskani.cz\/?p=7125"},"modified":"2023-06-16T11:11:32","modified_gmt":"2023-06-16T09:11:32","slug":"znovu-zasveceni-nasich-zivotu","status":"publish","type":"post","link":"https:\/\/www.frantiskani.cz\/index.php\/2023\/06\/16\/znovu-zasveceni-nasich-zivotu\/","title":{"rendered":"Znovu zasv\u011bcen\u00ed na\u0161ich \u017eivot\u016f"},"content":{"rendered":"\n<p>Dvac\u00e1t\u00fd \u010dtvrt\u00fd t\u00fdden: Jedna realita<\/p>\n\n\n\n<p><em>Neexistuj\u00ed neposv\u011bcen\u00e1 m\u00edsta, \/ existuj\u00ed jen posv\u00e1tn\u00e1 m\u00edsta \/ a znesv\u011bcen\u00e1 m\u00edsta. -Wendell Berry, &#8222;Jak b\u00fdt b\u00e1sn\u00edkem (pro p\u0159ipomenut\u00ed)&#8220;<\/em><em>\u202f<\/em><em>&nbsp;<\/em><\/p>\n\n\n\n<p><em>U\u010ditel CAC Brian McLaren n\u00e1m p\u0159ipom\u00edn\u00e1, \u017ee na\u0161e pr\u00e1ce a spolupr\u00e1ce ct\u00ed Jedinou skute\u010dnost, kter\u00e1 tvo\u0159\u00ed na\u0161e \u017eivoty:<\/em><em>\u202f<\/em>&nbsp;\u202f&nbsp;<\/p>\n\n\n\n<h4 class=\"wp-block-heading\">N\u00e1bo\u017eenstv\u00ed a sv\u011bt je jeden \u017eivot<\/h4>\n\n\n\n<p>Nen\u00ed to tak, \u017ee n\u00e1bo\u017eenstv\u00ed je svat\u00e9 a sv\u011btsk\u00e9 je prof\u00e1nn\u00ed. Jde o to, \u017ee jak n\u00e1bo\u017eenstv\u00ed, tak sv\u011btsk\u00e9 mohou b\u00fdt svat\u00e9 a oboj\u00ed m\u016f\u017ee b\u00fdt znesv\u011bceno. Nakonec n\u00e1bo\u017eensk\u00e9 a sv\u011btsk\u00e9 nejsou dv\u011b v\u011bci, ale jedna: \u017eivot.&nbsp; \u202f&nbsp;<\/p>\n\n\n\n<h4 class=\"wp-block-heading\">\u017divotu je t\u0159eba navr\u00e1tit \u00factu a tv\u016fr\u010d\u00ed dynamiku<\/h4>\n\n\n\n<p>Na\u0161\u00edm \u00fakolem je zastavit znesv\u011bcov\u00e1n\u00ed \u017eivota v jeho n\u00e1bo\u017eensk\u00e9m i sv\u011btsk\u00e9m rozm\u011bru &#8230; a navr\u00e1tit n\u00e1bo\u017eensk\u00e9mu i sv\u011btsk\u00e9mu \u017eivotu tv\u016fr\u010d\u00ed dynamiku, kter\u00e1 si zaslou\u017e\u00ed a vzbuzuje n\u00e1le\u017eitou \u00factu. Proto\u017ee podnik\u00e1n\u00ed m\u016f\u017ee b\u00fdt skute\u010dn\u011b svatou prac\u00ed; ve skute\u010dnosti se n\u011bkter\u00e9 z nejd\u016fle\u017eit\u011bj\u0161\u00edch duchovn\u00edch pr\u016flom\u016f v dne\u0161n\u00edm sv\u011bt\u011b odehr\u00e1vaj\u00ed prost\u0159ednictv\u00edm lid\u00ed ve sv\u011bt\u011b podnik\u00e1n\u00ed. Politika a vl\u00e1dnut\u00ed mohou b\u00fdt svatou prac\u00ed; ve skute\u010dnosti jsou n\u011bkte\u0159\u00ed z nejv\u011bt\u0161\u00edch sv\u011btc\u016f a prorok\u016f dne\u0161ka odv\u00e1\u017en\u00fdmi aktivisty a politick\u00fdmi v\u016fdci.&nbsp;<\/p>\n\n\n\n<h4 class=\"wp-block-heading\">Ka\u017ed\u00fd rozm\u011br \u017eivota m\u016f\u017ee b\u00fdt svat\u00fd<\/h4>\n\n\n\n<p>Z\u00e1bava a vzd\u011bl\u00e1n\u00ed mohou b\u00fdt svatou prac\u00ed; um\u011blci, bavi\u010di, u\u010ditel\u00e9 a u\u010denci ve skute\u010dnosti zapl\u0148uj\u00ed duchovn\u00ed pr\u00e1zdnotu po n\u00e1bo\u017eensk\u00fdch v\u016fdc\u00edch, kte\u0159\u00ed se nechali zahnat do r\u016fzn\u00fdch teologick\u00fdch kout\u016f. V\u011bda a technika mohou b\u00fdt svatou prac\u00ed; ve skute\u010dnosti je p\u0159ekvapiv\u00e9 mno\u017estv\u00ed v\u00fdzkumn\u00edk\u016f a vyn\u00e1lezc\u016f poh\u00e1n\u011bno zv\u011bdavost\u00ed a l\u00e1skou tak silnou, \u017ee si p\u0159\u00edmo \u0159\u00edkaj\u00ed o adjektivum bo\u017esk\u00fd. Ano, i n\u00e1bo\u017eenstv\u00ed m\u016f\u017ee b\u00fdt svat\u00fdm d\u00edlem, a\u010dkoli n\u00e1s tak \u010dasto zklam\u00e1v\u00e1. Ka\u017ed\u00fd rozm\u011br a povol\u00e1n\u00ed \u017eivota mohou b\u00fdt svat\u00e9, i kdy\u017e \u010dasto nejsou&#8230;..\u202f&nbsp;<\/p>\n\n\n\n<h4 class=\"wp-block-heading\">U\u010dme se posv\u011btit v\u0161e<\/h4>\n\n\n\n<p>Ti z n\u00e1s, kte\u0159\u00ed z\u016fst\u00e1vaj\u00ed k\u0159es\u0165any, mus\u00ed za\u010d\u00edt tuto skute\u010dn\u011b nal\u00e9havou, ale z\u00e1rove\u0148 neusp\u011bchanou pr\u00e1ci ve sv\u00e9 vlastn\u00ed dom\u00e1cnosti. To, co nevykoup\u00edme, co si nep\u0159izn\u00e1me a z \u010deho se nepou\u010d\u00edme, n\u00e1s bude pron\u00e1sledovat, dokud to neud\u011bl\u00e1me\u2026. M\u016f\u017eeme se spojit se sv\u00fdmi kolegy z jin\u00fdch tradic \u2013 v\u010detn\u011b sekul\u00e1rn\u00edch tradic a instituc\u00ed &#8211; a st\u00e1t se spolupracovn\u00edky na celo civiliza\u010dn\u00edm jarn\u00edm \u00faklidu, kter\u00fd p\u0159iprav\u00ed n\u00e1\u0161 druh na nov\u00fd za\u010d\u00e1tek, kter\u00fd v\u0161ichni pot\u0159ebujeme, chceme-li p\u0159e\u017e\u00edt na t\u00e9to kr\u00e1sn\u00e9, k\u0159ehk\u00e9 planet\u011b. Pokud se nenau\u010d\u00edme znovu posv\u011btit v\u0161e jako svat\u00e9 a duchovn\u00ed, znesv\u011bt\u00edme v\u0161e. [1]<\/p>\n\n\n\n<p><em>P\u00ed\u0161e otec Richard:<\/em><em>\u202f<\/em><em>&nbsp;<\/em><\/p>\n\n\n\n<h4 class=\"wp-block-heading\">Roztr\u017een\u00e1 opono spojila sv\u011bt i n\u00e1bo\u017eenstv\u00ed v jedno<\/h4>\n\n\n\n<p>Ve zral\u00e9m n\u00e1bo\u017eenstv\u00ed se sv\u011btsk\u00e9 st\u00e1v\u00e1 posv\u00e1tn\u00fdm. U\u017e neexistuj\u00ed dva sv\u011bty. Nemus\u00edme opou\u0161t\u011bt sv\u011btsk\u00fd sv\u011bt, abychom na\u0161li posv\u00e1tn\u00fd prostor, proto\u017ee se spojily. To byl v\u00fdznam roztr\u017een\u00ed chr\u00e1mov\u00e9 opony, kdy\u017e Je\u017e\u00ed\u0161 zem\u0159el. Chr\u00e1m rozd\u011bloval realitu na svat\u00fd sv\u011bt uvnit\u0159 a nesvat\u00fd sv\u011bt venku. Proto Je\u017e\u00ed\u0161 \u0159ekl, \u017ee chr\u00e1m mus\u00ed padnout. &#8222;Ani k\u00e1men na kameni nez\u016fstane st\u00e1t&#8220; (Mk 13,1-2). Na\u0161e slovo &#8222;prof\u00e1nn\u00ed&#8220; poch\u00e1z\u00ed z latinsk\u00e9ho pro a fanum, co\u017e znamen\u00e1 &#8222;mimo chr\u00e1m&#8220;.&nbsp;<\/p>\n\n\n\n<h4 class=\"wp-block-heading\">Neexistuje sv\u011bt kde by nebyl B\u016fh<\/h4>\n\n\n\n<p>Jezuitsk\u00fd teolog Teilhard de Chardin napsal: &#8222;Na z\u00e1klad\u011b Stvo\u0159en\u00ed a je\u0161t\u011b v\u00edce na z\u00e1klad\u011b Vt\u011blen\u00ed nen\u00ed zde dole nic prof\u00e1nn\u00ed pro ty, kdo um\u00ed vid\u011bt.&#8220; [2] Sv\u011bt je jen jeden, a to ten nadp\u0159irozen\u00fd. Neexistuje \u017e\u00e1dn\u00fd &#8222;p\u0159irozen\u00fd&#8220; sv\u011bt, kde by nebyl B\u016fh. V\u0161e je nadp\u0159irozen\u00e9. [3]<\/p>\n\n\n\n<h6 class=\"wp-block-heading\">Prameny:<\/h6>\n\n\n\n<p>[1] Brian D. McLaren, <a href=\"https:\/\/email.cac.org\/t\/d-l-voyhld-itiuujuudy-y\/\"><em>Do I Stay Christian? A Guide for the Doubters, the Disappointed, and the Disillusioned<\/em><\/a>\u202f(New York: St. Martin\u2019s Essentials, 2022), 197\u2013198, 199.&nbsp;<\/p>\n\n\n\n<p>[2] Pierre Teilhard de Chardin, <em>The Divine Milieu: An Essay on the Interior Life<\/em> (New York: Harper &amp; Brothers, 1960), 35.\u202f&nbsp;<\/p>\n\n\n\n<p>[3] Adapted from Richard Rohr,\u202f<a href=\"https:\/\/email.cac.org\/t\/d-l-voyhld-itiuujuudy-j\/\"><em>Everything Belongs: The Gift of Contemplative Prayer<\/em><\/a>,\u202frev. ed.\u202f(New York: Crossroad, 1999, 2003), 159. &nbsp;<br><br><strong>Image credit:<\/strong> A path from one week to the next\u2014 Izzy Spitz, <em>Untitled<\/em>. CAC Staff, <em>Untitled<\/em>. Izzy Spitz, <em>Untitled<\/em>. Watercolor. Used with permission. <a href=\"https:\/\/email.cac.org\/t\/d-l-voyhld-itiuujuudy-t\/\">Click here to enlarge image<\/a>.&nbsp;<\/p>\n","protected":false},"excerpt":{"rendered":"<p>Jezuitsk\u00fd teolog Teilhard de Chardin napsal: &#8222;Na z\u00e1klad\u011b Stvo\u0159en\u00ed a je\u0161t\u011b v\u00edce na z\u00e1klad\u011b Vt\u011blen\u00ed nen\u00ed zde dole nic prof\u00e1nn\u00ed pro ty, kdo um\u00ed vid\u011bt.&#8220; [2] Sv\u011bt je jen jeden, a to ten nadp\u0159irozen\u00fd. Neexistuje \u017e\u00e1dn\u00fd &#8222;p\u0159irozen\u00fd&#8220; sv\u011bt, kde by nebyl B\u016fh. V\u0161e je nadp\u0159irozen\u00e9. [3]<\/p>\n","protected":false},"author":1,"featured_media":7110,"comment_status":"open","ping_status":"open","sticky":false,"template":"","format":"standard","meta":{"footnotes":""},"categories":[198],"tags":[364,636,724],"class_list":["post-7125","post","type-post","status-publish","format-standard","has-post-thumbnail","hentry","category-richard-rohr-ofm-centrum-pro-zivot-a-rozjimani","tag-nabozenstvi","tag-svatost","tag-svet","latest_post"],"_links":{"self":[{"href":"https:\/\/www.frantiskani.cz\/index.php\/wp-json\/wp\/v2\/posts\/7125","targetHints":{"allow":["GET"]}}],"collection":[{"href":"https:\/\/www.frantiskani.cz\/index.php\/wp-json\/wp\/v2\/posts"}],"about":[{"href":"https:\/\/www.frantiskani.cz\/index.php\/wp-json\/wp\/v2\/types\/post"}],"author":[{"embeddable":true,"href":"https:\/\/www.frantiskani.cz\/index.php\/wp-json\/wp\/v2\/users\/1"}],"replies":[{"embeddable":true,"href":"https:\/\/www.frantiskani.cz\/index.php\/wp-json\/wp\/v2\/comments?post=7125"}],"version-history":[{"count":1,"href":"https:\/\/www.frantiskani.cz\/index.php\/wp-json\/wp\/v2\/posts\/7125\/revisions"}],"predecessor-version":[{"id":7126,"href":"https:\/\/www.frantiskani.cz\/index.php\/wp-json\/wp\/v2\/posts\/7125\/revisions\/7126"}],"wp:featuredmedia":[{"embeddable":true,"href":"https:\/\/www.frantiskani.cz\/index.php\/wp-json\/wp\/v2\/media\/7110"}],"wp:attachment":[{"href":"https:\/\/www.frantiskani.cz\/index.php\/wp-json\/wp\/v2\/media?parent=7125"}],"wp:term":[{"taxonomy":"category","embeddable":true,"href":"https:\/\/www.frantiskani.cz\/index.php\/wp-json\/wp\/v2\/categories?post=7125"},{"taxonomy":"post_tag","embeddable":true,"href":"https:\/\/www.frantiskani.cz\/index.php\/wp-json\/wp\/v2\/tags?post=7125"}],"curies":[{"name":"wp","href":"https:\/\/api.w.org\/{rel}","templated":true}]}}