{"id":7127,"date":"2023-06-17T12:43:49","date_gmt":"2023-06-17T10:43:49","guid":{"rendered":"https:\/\/www.frantiskani.cz\/?p=7127"},"modified":"2023-06-17T12:43:54","modified_gmt":"2023-06-17T10:43:54","slug":"jedna-realita","status":"publish","type":"post","link":"https:\/\/www.frantiskani.cz\/index.php\/2023\/06\/17\/jedna-realita\/","title":{"rendered":"Jedna realita"},"content":{"rendered":"\n<h3 class=\"wp-block-heading\">Shrnut\u00ed dvac\u00e1t\u00e9ho \u010dtvrt\u00e9ho t\u00fddne&nbsp; 11. \u010dervna &#8211; 16. \u010dervna 2023<\/h3>\n\n\n\n<h4 class=\"wp-block-heading\">Ned\u011ble<\/h4>\n\n\n\n<p>Jakmile se setk\u00e1me s Kristov\u00fdm tajemstv\u00edm, pozn\u00e1me, \u017ee existuje pouze jedna Skute\u010dnost. Sv\u011bt u\u017e nem\u016f\u017eeme d\u011blit na p\u0159irozen\u00fd a nadp\u0159irozen\u00fd nebo posv\u00e1tn\u00fd a prof\u00e1nn\u00ed. V\u0161e je nadp\u0159irozen\u00e9 a posv\u00e1tn\u00e9. -Richard Rohr<\/p>\n\n\n\n<h4 class=\"wp-block-heading\">Pond\u011bl\u00ed<\/h4>\n\n\n\n<p>Jakmile pozn\u00e1me Krista jako univerz\u00e1ln\u00ed pravdu hmoty a ducha, kter\u00e9 spolupracuj\u00ed jako jeden celek, pak je v\u0161e svat\u00e9. Jakmile se odevzd\u00e1me tomuto Kristovu tajemstv\u00ed v na\u0161em ach-tak-oby\u010dejn\u00e9m j\u00e1 a t\u011ble, za\u010dneme ho vid\u011bt i na ka\u017ed\u00e9m jin\u00e9m oby\u010dejn\u00e9m m\u00edst\u011b.&nbsp; -Richard Rohr<\/p>\n\n\n\n<h4 class=\"wp-block-heading\">\u00dater\u00fd<\/h4>\n\n\n\n<p>Do Bo\u017e\u00ed knihy p\u0159\u00edrody vstupuji v kaln\u00e9 hodin\u011b t\u011bsn\u011b p\u0159ed sv\u00edt\u00e1n\u00edm, ne\u017e vych\u00e1zej\u00edc\u00ed slunce zinscenuje svou zkou\u0161ku, ne\u017e zr\u016f\u017eov\u00ed na okraji noci. Tam byste m\u011b mohli naj\u00edt&#8230; za soumraku, v mezi\u010dase, kdy se den rozpou\u0161t\u00ed ve tm\u011b, kdy se v letn\u00ed podve\u010der podd\u00e1v\u00e1m s\u00edl\u00edc\u00edmu okoln\u00edmu zvuku cvr\u010dk\u016f a bd\u00edm, dokud hv\u011bzd\u00e1\u0159i nevyklusaj\u00ed.-Barbara Mahany<\/p>\n\n\n\n<h4 class=\"wp-block-heading\">St\u0159eda&nbsp;<\/h4>\n\n\n\n<p>Pohnut\u00e1 v\u0161eobj\u00edmaj\u00edc\u00ed p\u0159\u00edtomnost\u00ed, do n\u00ed\u017e jsem byla pono\u0159ena, jsem se\u0161la z cesty na pole, kde jsem se posadila do vysok\u00e9 tr\u00e1vy, kterou h\u00fdbal siln\u00fd v\u00edtr s modrou oblohou nad hlavou, a to v\u0161e jsem pro\u017e\u00edvala jako t\u011blesnou rozmanitost nekone\u010dn\u00e9 jednoty p\u0159\u00edtomnosti, kter\u00e1 jedin\u00e1 je nakonec skute\u010dn\u00e1.-James Finley<\/p>\n\n\n\n<h4 class=\"wp-block-heading\">\u010ctvrtek<\/h4>\n\n\n\n<p>B\u016fh se na n\u00e1s d\u00edv\u00e1 a je v ext\u00e1zi. Tento B\u016fh miluje zvuk na\u0161ich hlas\u016f a mysl\u00ed si, \u017ee ka\u017ed\u00fd z n\u00e1s je velkolep\u00fdm um\u011bleck\u00fdm d\u00edlem. &#8222;Jsi tady.&#8220; Bo\u017e\u00ed tv\u00e1\u0159 spo\u010d\u00edv\u00e1 na t\u00e9 na\u0161\u00ed. Jedin\u00fd bod Bo\u017e\u00edho programu. -Gregory Boyle<\/p>\n\n\n\n<h4 class=\"wp-block-heading\">P\u00e1tek<\/h4>\n\n\n\n<p>Nen\u00ed to tak, \u017ee n\u00e1bo\u017eenstv\u00ed je svat\u00e9 a sv\u011btsk\u00e9 je prof\u00e1nn\u00ed. Jde o to, \u017ee jak n\u00e1bo\u017eenstv\u00ed, tak sv\u011btsk\u00e9 v\u011bci mohou b\u00fdt svat\u00e9 a ob\u011b mohou b\u00fdt znesv\u011bceny&#8230;.. Nakonec n\u00e1bo\u017eensk\u00e9 a sv\u011btsk\u00e9 nejsou dv\u011b v\u011bci, ale jedna: \u017eivot. -Brian McLaren<\/p>\n\n\n\n<h2 class=\"wp-block-heading\">Soucitn\u00e1 meditace<\/h2>\n\n\n\n<h6 class=\"wp-block-heading\">Dvac\u00e1t\u00fd \u010dtvrt\u00fd t\u00fdden praxe<\/h6>\n\n\n\n<p><em>Profesorka a sestra svat\u00e9ho Josefa Catherine Nerneyov\u00e1 se s v\u00e1mi pod\u011bl\u00ed o modlitebn\u00ed praxi, kter\u00e1 posiluje n\u00e1\u0161 soucit se sebou sam\u00fdmi, s druh\u00fdmi a se sv\u011btem:<\/em><\/p>\n\n\n\n<h4 class=\"wp-block-heading\">U\u010dit se souc\u00edtit s\u00a0na\u0161\u00edm sv\u011btem<\/h4>\n\n\n\n<p>Jsme povol\u00e1ni k tomu, abychom souc\u00edtili s na\u0161\u00edm sv\u011btem. Abychom v\u0161ak v t\u00e9to schopnosti rostli, mus\u00edme cvi\u010dit, cvi\u010dit, cvi\u010dit um\u011bn\u00ed komunikace ze srdce, kde B\u016fh a my jsme jedno. Hinduistick\u00e9 po\u017eehn\u00e1n\u00ed Namaste, kter\u00e9 se stalo univerz\u00e1ln\u00edm, n\u00e1m p\u0159ipom\u00edn\u00e1, \u017ee &#8222;kdy\u017e jsem na m\u00edst\u011b Bo\u017esk\u00e9ho ve mn\u011b a ty jsi na m\u00edst\u011b Bo\u017esk\u00e9ho v tob\u011b, jsme jen jeden&#8220;.&nbsp;<\/p>\n\n\n\n<h4 class=\"wp-block-heading\">Meditace soucitu<\/h4>\n\n\n\n<p>Thich Nhat Hanh a dal\u0161\u00ed buddhisti\u010dt\u00ed praktikuj\u00edc\u00ed proto doporu\u010duj\u00ed, abychom se pravideln\u011b v\u011bnovali meditaci soucitu, kter\u00e1 je tak\u00e9 zn\u00e1m\u00e1 jako metta nebo miluj\u00edc\u00ed laskavost&#8230;.. V\u011bnujte n\u011bkolik okam\u017eik\u016f a nechte se vt\u00e1hnout do t\u00e9to kontemplativn\u00ed praxe pro dobro sv\u00e9 i druh\u00fdch. P\u0159edstavte si v duchu a pokuste se co nej\u017eiv\u011bji setkat s n\u011bk\u00fdm, ke komu c\u00edt\u00edte hlubokou l\u00e1sku a jednotu. Dovolte mu nebo j\u00ed, aby byl\/a s v\u00e1mi, kdy\u017e vyjad\u0159ujete tato p\u0159\u00e1n\u00ed.<\/p>\n\n\n\n<p>&nbsp;&nbsp;&nbsp; K\u00e9\u017e jste \u0161\u0165astn\u00ed.<\/p>\n\n\n\n<p>&nbsp;&nbsp;&nbsp; A\u0165 jste po\u017eehnan\u00ed.<\/p>\n\n\n\n<p>&nbsp;&nbsp;&nbsp; A\u0165 jste svobodn\u00ed a klidn\u00ed.<\/p>\n\n\n\n<p>&nbsp;&nbsp;&nbsp; A\u0165 jste st\u00e1le milov\u00e1ni.<\/p>\n\n\n\n<p>&nbsp;&nbsp;&nbsp; A\u0165 jste st\u00e1le miluj\u00edc\u00ed.<\/p>\n\n\n\n<h4 class=\"wp-block-heading\">P\u0159edstavujte si konkr\u00e9tn\u00ed lidi a modlete se za n\u011b<\/h4>\n\n\n\n<p>Nyn\u00ed cvi\u010den\u00ed zopakujte, tentokr\u00e1t si p\u0159edstavte n\u011bkoho, koho t\u00e9m\u011b\u0159 nezn\u00e1te. P\u0159ejte mu stejn\u00e1 l\u00e1skypln\u00e1 p\u0159\u00e1n\u00ed. M\u016f\u017eete si vybrat n\u011bkoho, koho jste vid\u011bli v autobuse, n\u011bkoho v supermarketu nebo v c\u00edrkevn\u00ed skupin\u011b, nebo t\u0159eba n\u011bkoho, o kom jste \u010detli ve zpr\u00e1v\u00e1ch. Vytvo\u0159te si jasnou p\u0159edstavu a co nejup\u0159\u00edmn\u011bji se za n\u011bj pomodlete. Va\u0161\u00edm c\u00edlem je otev\u0159\u00edt se jim\/obdarovat je jejich lidskost\u00ed.&nbsp;<\/p>\n\n\n\n<h4 class=\"wp-block-heading\">Vyberte si i \u010dlov\u011bka kter\u00e9ho nemus\u00edte<\/h4>\n\n\n\n<p>Nakonec vizualizaci zopakujte a vyberte si osobu, ke kter\u00e9 se c\u00edt\u00edte odcizen\u00ed, zran\u011bn\u00ed, ura\u017een\u00ed, pomstychtiv\u00ed. Co se stane, kdy\u017e se s nimi pokus\u00edte vstoupit do t\u00e9to &#8222;meditace soucitu&#8220;?&nbsp;<\/p>\n\n\n\n<h4 class=\"wp-block-heading\">Milujte i sami sebe<\/h4>\n\n\n\n<p>\u010ctvrtou slo\u017ekou t\u00e9to meditace soucitu, kter\u00e1 je podle m\u00e9ho n\u00e1zoru \u010dasto pot\u0159ebn\u00e1, chceme-li se st\u00e1t soucitn\u011bj\u0161\u00edmi poslucha\u010di a \u0159e\u010dn\u00edky, je nab\u00eddnout tuto meditaci l\u00e1skypln\u00e9 laskavosti sami sob\u011b. Soucit se sebou sam\u00fdm je nezbytn\u00fd k tomu, aby n\u00e1m pomohl zbavit se studu, kter\u00fd blokuje Bo\u017e\u00ed l\u00e1sku a m\u00edr, aby n\u00e1s miloval. Z hloubi na\u0161eho nitra se B\u016fh sna\u017e\u00ed vyhrabat ven. Naslouchejte Bohu, kter\u00fd se v\u00e1s sna\u017e\u00ed z\u00e1rove\u0148 osvobodit, abyste milovali sami sebe.\u00a0<\/p>\n\n\n\n<h6 class=\"wp-block-heading\">Prameny:<\/h6>\n\n\n\n<p>Catherine T. Nerney, <em>The Compassion Connection: Recovering Our Original Oneness<\/em> (Maryknoll, NY: Orbis Books, 2018), 184\u2013185.&nbsp;<\/p>\n\n\n\n<p><strong>Image credit:<\/strong> A&nbsp;path from one week to the next\u2014 Izzy Spitz, <em>Untitled<\/em>. CAC Staff, <em>Untitled<\/em>. Izzy Spitz, <em>Untitled<\/em>. Watercolor. Used with permission. <a href=\"https:\/\/email.cac.org\/t\/d-l-voyko-itiuujuudy-k\/\">Click here to enlarge image<\/a>.&nbsp;<\/p>\n\n\n\n<p><em>Our divinely-given identities and experiences color our horizons like a sunrise.&nbsp;<\/em><\/p>\n","protected":false},"excerpt":{"rendered":"<p>Jsme povol\u00e1ni k tomu, abychom souc\u00edtili s na\u0161\u00edm sv\u011btem. Abychom v\u0161ak v t\u00e9to schopnosti rostli, mus\u00edme cvi\u010dit, cvi\u010dit, cvi\u010dit um\u011bn\u00ed komunikace ze srdce, kde B\u016fh a my jsme jedno. Hinduistick\u00e9 po\u017eehn\u00e1n\u00ed Namaste, kter\u00e9 se stalo univerz\u00e1ln\u00edm, n\u00e1m p\u0159ipom\u00edn\u00e1, \u017ee &#8222;kdy\u017e jsem na m\u00edst\u011b Bo\u017esk\u00e9ho ve mn\u011b a ty jsi na m\u00edst\u011b Bo\u017esk\u00e9ho v tob\u011b, jsme jen jeden&#8220;.\u00a0<\/p>\n","protected":false},"author":1,"featured_media":7110,"comment_status":"open","ping_status":"open","sticky":false,"template":"","format":"standard","meta":{"footnotes":""},"categories":[198],"tags":[],"class_list":["post-7127","post","type-post","status-publish","format-standard","has-post-thumbnail","hentry","category-richard-rohr-ofm-centrum-pro-zivot-a-rozjimani","latest_post"],"_links":{"self":[{"href":"https:\/\/www.frantiskani.cz\/index.php\/wp-json\/wp\/v2\/posts\/7127","targetHints":{"allow":["GET"]}}],"collection":[{"href":"https:\/\/www.frantiskani.cz\/index.php\/wp-json\/wp\/v2\/posts"}],"about":[{"href":"https:\/\/www.frantiskani.cz\/index.php\/wp-json\/wp\/v2\/types\/post"}],"author":[{"embeddable":true,"href":"https:\/\/www.frantiskani.cz\/index.php\/wp-json\/wp\/v2\/users\/1"}],"replies":[{"embeddable":true,"href":"https:\/\/www.frantiskani.cz\/index.php\/wp-json\/wp\/v2\/comments?post=7127"}],"version-history":[{"count":1,"href":"https:\/\/www.frantiskani.cz\/index.php\/wp-json\/wp\/v2\/posts\/7127\/revisions"}],"predecessor-version":[{"id":7128,"href":"https:\/\/www.frantiskani.cz\/index.php\/wp-json\/wp\/v2\/posts\/7127\/revisions\/7128"}],"wp:featuredmedia":[{"embeddable":true,"href":"https:\/\/www.frantiskani.cz\/index.php\/wp-json\/wp\/v2\/media\/7110"}],"wp:attachment":[{"href":"https:\/\/www.frantiskani.cz\/index.php\/wp-json\/wp\/v2\/media?parent=7127"}],"wp:term":[{"taxonomy":"category","embeddable":true,"href":"https:\/\/www.frantiskani.cz\/index.php\/wp-json\/wp\/v2\/categories?post=7127"},{"taxonomy":"post_tag","embeddable":true,"href":"https:\/\/www.frantiskani.cz\/index.php\/wp-json\/wp\/v2\/tags?post=7127"}],"curies":[{"name":"wp","href":"https:\/\/api.w.org\/{rel}","templated":true}]}}