{"id":7176,"date":"2023-07-01T08:56:37","date_gmt":"2023-07-01T06:56:37","guid":{"rendered":"https:\/\/www.frantiskani.cz\/?p=7176"},"modified":"2023-07-01T08:56:41","modified_gmt":"2023-07-01T06:56:41","slug":"zamysleni-nad-krizi","status":"publish","type":"post","link":"https:\/\/www.frantiskani.cz\/index.php\/2023\/07\/01\/zamysleni-nad-krizi\/","title":{"rendered":"Zamy\u0161len\u00ed nad kriz\u00ed"},"content":{"rendered":"\n<h6 class=\"wp-block-heading\">25. \u010dervna &#8211; 30. \u010dervna 2023<\/h6>\n\n\n\n<h4 class=\"wp-block-heading\">Ned\u011ble<\/h4>\n\n\n\n<p>V krizov\u00e9m rozj\u00edm\u00e1n\u00ed jste uv\u011bzn\u011bni. V podpalub\u00ed otrok\u00e1\u0159sk\u00e9 lodi nen\u00ed kam j\u00edt. Nen\u00ed co \u0159e\u0161it, kdy\u017e kr\u00e1\u010d\u00edte ze Severn\u00ed Karol\u00edny jako domorod\u00fd Ameri\u010dan do Oklahomy. Mus\u00ed vzniknout n\u011bco jin\u00e9ho, co v\u00e1s udr\u017e\u00ed v chodu, co o\u017eiv\u00ed va\u0161eho ducha, co v\u00e1m pom\u016f\u017ee p\u0159e\u017e\u00edt &#8211; pokud tedy o p\u0159e\u017eit\u00ed jde. -Barbara A. Holmesov\u00e1<\/p>\n\n\n\n<h4 class=\"wp-block-heading\">Pond\u011bl\u00ed<\/h4>\n\n\n\n<p>Neexistuje jedin\u00fd zp\u016fsob, jak reagovat na krizi; neexistuje \u017e\u00e1dn\u00fd univerz\u00e1ln\u011b spr\u00e1vn\u00fd zp\u016fsob. V\u00fdzva ke zpomalen\u00ed v\u0161ak funguje tak, \u017ee n\u00e1s postav\u00ed tv\u00e1\u0159\u00ed v tv\u00e1\u0159 neviditeln\u00e9mu, skryt\u00e9mu, nepov\u0161imnut\u00e9mu, dosud nevy\u0159e\u0161en\u00e9mu.-Bayo Akomolafe<\/p>\n\n\n\n<h4 class=\"wp-block-heading\">\u00dater\u00fd<\/h4>\n\n\n\n<p>Pouze v procesu p\u0159iv\u00e1d\u011bn\u00ed ze slep\u00e9 uli\u010dky k modlitb\u011b, k perspektiv\u011b Boha, kter\u00fd n\u00e1s miluje, bude na\u0161e spole\u010dnost osvobozena, uzdravena, zm\u011bn\u011bna, p\u0159ivedena k paradoxn\u00edm nov\u00fdm viz\u00edm a osvobozena pro nen\u00e1siln\u00e9, nesobeck\u00e9, osvobozuj\u00edc\u00ed jedn\u00e1n\u00ed, osvobozena tedy pro spole\u010denstv\u00ed na t\u00e9to planet\u011b Zemi.-Constance FitzGeraldov\u00e1<\/p>\n\n\n\n<h4 class=\"wp-block-heading\">St\u0159eda<\/h4>\n\n\n\n<p>Na co ve sv\u00e9m strachu z v\u00edry zapom\u00edn\u00e1me &#8230; je to, \u017ee i v t\u00e9 nejtemn\u011bj\u0161\u00ed noci, kdy nevid\u00edme \u017e\u00e1dn\u00e9 sv\u011btlo, je tu st\u00e1le sv\u011btlo. Slunce st\u00e1le sv\u00edt\u00ed nad Zem\u00ed, i kdy\u017e se na\u0161e strana Zem\u011b od n\u011bj odvrac\u00ed. Hv\u011bzdy nad n\u00e1mi st\u00e1le sv\u00edt\u00ed bez ohledu na to, jak hust\u00e9 mraky m\u00e1me nad hlavou.<\/p>\n\n\n\n<p>-Otis Moss III<\/p>\n\n\n\n<h4 class=\"wp-block-heading\">\u010ctvrtek<\/h4>\n\n\n\n<p>Nad\u011bje d\u011bl\u00e1 ve sv\u011bt\u011b m\u00edsto pro l\u00e1sku. V\u0161ichni ji m\u016f\u017eeme sd\u00edlet, v\u0161ichni v ni m\u016f\u017eeme v\u011b\u0159it, i kdy\u017e se ve v\u0161ech ostatn\u00edch ohledech radik\u00e1ln\u011b li\u0161\u00edme. U\u017e se nemus\u00edme b\u00e1t sv\u00fdch odli\u0161nost\u00ed, proto\u017ee m\u00e1me spole\u010dn\u00fd z\u00e1klad. M\u016f\u017eeme doufat spole\u010dn\u011b &#8211; proto n\u00e1s nad\u011bje osvobozuje. Osvobozuje n\u00e1s od strachu z druh\u00e9ho. -Steven Charleston<\/p>\n\n\n\n<h4 class=\"wp-block-heading\">P\u00e1tek<\/h4>\n\n\n\n<p>Um\u011bn\u00ed je prorock\u00e9. Um\u011bn\u00ed zlid\u0161\u0165uje. \u0158\u00edk\u00e1 pravdu siln\u00e9 moci, a tak je to dal\u0161\u00ed zp\u016fsob, jak se komunita m\u016f\u017ee spojit a vyj\u00e1d\u0159it se zp\u016fsobem, se kter\u00fdm mocensk\u00e9 struktury nic nezm\u016f\u017eou. -Barbara A. Holmes<\/p>\n\n\n\n<h2 class=\"wp-block-heading\">Um\u011bn\u00ed jako l\u00e9\u010den\u00ed<\/h2>\n\n\n\n<p><em>U\u010ditelka meditace vhledu Ruth Kingov\u00e1 se v\u011bnuje um\u011bn\u00ed jako form\u011b l\u00e9ku pro n\u00e1s a na\u0161e komunity:<\/em><\/p>\n\n\n\n<h4 class=\"wp-block-heading\">v\u0161\u00edmavost, trp\u011blivost, empatie,<\/h4>\n\n\n\n<p>Um\u011bleck\u00e9 vyjad\u0159ov\u00e1n\u00ed je prax\u00ed v\u0161\u00edmavosti, proto\u017ee jsme nevyhnuteln\u011b tv\u016frci i t\u00edm, co je vytv\u00e1\u0159eno. Kdy\u017e se odv\u00e1\u017en\u011b odd\u00e1v\u00e1me sv\u00e9mu um\u011bleck\u00e9mu projevu, kultivujeme trp\u011blivost, empatii, discipl\u00ednu a schopnost udr\u017eet energii, kter\u00e1 se va\u0159\u00ed a va\u0159\u00ed v ob\u011bti pravdy pro n\u00e1s samotn\u00e9 a v pe\u010duj\u00edc\u00ed ob\u011bti pro na\u0161i kulturu&#8230;..<\/p>\n\n\n\n<h4 class=\"wp-block-heading\">Um\u011bn\u00ed \u010din\u00ed nab\u00eddku kolektivu<\/h4>\n\n\n\n<p>Um\u011bn\u00ed promlouv\u00e1 k pravd\u011b, kter\u00e1 je v\u011bt\u0161\u00ed ne\u017e na\u0161e utrpen\u00ed, a na\u0161\u00edm \u00fakolem je u\u010dinit opravdovou nab\u00eddku. A\u0165 u\u017e jste spisovatel, tane\u010dn\u00edk, l\u00e9\u010ditel, socha\u0159, mal\u00ed\u0159, zp\u011bv\u00e1k, architekt, u\u010ditel, zahradn\u00edk, filozof nebo pe\u010dovatel, va\u0161e nab\u00eddka bude jist\u011b l\u00e9kem pro kolektivn\u00ed pohodu.&nbsp;<\/p>\n\n\n\n<h4 class=\"wp-block-heading\">Sv\u011bt pot\u0159ebuje lidi, kte\u0159\u00ed o\u017eili<\/h4>\n\n\n\n<p>Pova\u017eujte sv\u016fj \u017eivot za dar. Co je uvnit\u0159? Jak\u00e9 tv\u016fr\u010d\u00ed projevy, kter\u00e9 v\u00e1s o\u017eivuj\u00ed a pat\u0159\u00ed n\u00e1m v\u0161em, skladujete? Filozof, teolog a v\u016fdce za ob\u010dansk\u00e1 pr\u00e1va Howard Thurman n\u00e1s povzbudil t\u00edmto zp\u016fsobem: &#8222;Neptejte se sami sebe, co sv\u011bt pot\u0159ebuje. Ptejte se sami sebe, co v\u00e1s o\u017eivuje, a pak to jd\u011bte d\u011blat. Proto\u017ee sv\u011bt pot\u0159ebuje lidi, kte\u0159\u00ed o\u017eili.&#8220;&#8230;<\/p>\n\n\n\n<p>Ur\u010dete si tv\u016fr\u010d\u00ed projekt &#8211; n\u011bco, na co je va\u0161e srdce zv\u011bdav\u00e9 a co by v\u00e1s mohlo bavit. Pova\u017eujte sv\u016fj um\u011bleck\u00fd projev, a\u0165 u\u017e je jakkoli velk\u00fd nebo mal\u00fd, za gesto n\u00e1klonnosti, kter\u00e9 kultivuje kulturu p\u00e9\u010de. Nab\u00eddn\u011bte jej velkoryse, jako ob\u0159ad a bez omluvy. V\u011bnujte pozornost tomu, jak na v\u00e1s i na ostatn\u00ed p\u016fsob\u00ed.&nbsp;<\/p>\n\n\n\n<h4 class=\"wp-block-heading\">Najd\u011bte si sv\u016fj projekt<\/h4>\n\n\n\n<p>Ob\u011bti na\u0161\u00ed tvo\u0159ivosti jsou u\u0161lechtil\u00e9 a emancipuj\u00edc\u00ed. Kdy\u017e je praktikujeme, vych\u00e1z\u00edme z \u00fakrytu do sv\u011btla. Kdy\u017e ji sd\u00edl\u00edme, podporuje l\u00e1sku a respekt a inspiruje k harmonii a nad\u011bji. Je to gesto vd\u011b\u010dnosti, zp\u016fsob, jak se odvd\u011b\u010dit. \u0158\u00edci ano sv\u00e9mu um\u011bleck\u00e9mu posl\u00e1n\u00ed znamen\u00e1 \u0159\u00edci na\u0161\u00ed kultu\u0159e: Zde je m\u00e1 nab\u00eddka p\u00e9\u010de.<\/p>\n","protected":false},"excerpt":{"rendered":"<p>Pova\u017eujte sv\u016fj \u017eivot za dar. Co je uvnit\u0159? Jak\u00e9 tv\u016fr\u010d\u00ed projevy, kter\u00e9 v\u00e1s o\u017eivuj\u00ed a pat\u0159\u00ed n\u00e1m v\u0161em, skladujete? Filozof, teolog a v\u016fdce za ob\u010dansk\u00e1 pr\u00e1va Howard Thurman n\u00e1s povzbudil t\u00edmto zp\u016fsobem: &#8222;Neptejte se sami sebe, co sv\u011bt pot\u0159ebuje. Ptejte se sami sebe, co v\u00e1s o\u017eivuje, a pak to jd\u011bte d\u011blat. Proto\u017ee sv\u011bt pot\u0159ebuje lidi, kte\u0159\u00ed o\u017eili.&#8220;&#8230;<\/p>\n","protected":false},"author":1,"featured_media":7158,"comment_status":"open","ping_status":"open","sticky":false,"template":"","format":"standard","meta":{"footnotes":""},"categories":[198],"tags":[1175,1176,1173],"class_list":["post-7176","post","type-post","status-publish","format-standard","has-post-thumbnail","hentry","category-richard-rohr-ofm-centrum-pro-zivot-a-rozjimani","tag-osobni-projekt","tag-umelecke-vyjadreni","tag-umeni-a-krize","latest_post"],"_links":{"self":[{"href":"https:\/\/www.frantiskani.cz\/index.php\/wp-json\/wp\/v2\/posts\/7176","targetHints":{"allow":["GET"]}}],"collection":[{"href":"https:\/\/www.frantiskani.cz\/index.php\/wp-json\/wp\/v2\/posts"}],"about":[{"href":"https:\/\/www.frantiskani.cz\/index.php\/wp-json\/wp\/v2\/types\/post"}],"author":[{"embeddable":true,"href":"https:\/\/www.frantiskani.cz\/index.php\/wp-json\/wp\/v2\/users\/1"}],"replies":[{"embeddable":true,"href":"https:\/\/www.frantiskani.cz\/index.php\/wp-json\/wp\/v2\/comments?post=7176"}],"version-history":[{"count":1,"href":"https:\/\/www.frantiskani.cz\/index.php\/wp-json\/wp\/v2\/posts\/7176\/revisions"}],"predecessor-version":[{"id":7177,"href":"https:\/\/www.frantiskani.cz\/index.php\/wp-json\/wp\/v2\/posts\/7176\/revisions\/7177"}],"wp:featuredmedia":[{"embeddable":true,"href":"https:\/\/www.frantiskani.cz\/index.php\/wp-json\/wp\/v2\/media\/7158"}],"wp:attachment":[{"href":"https:\/\/www.frantiskani.cz\/index.php\/wp-json\/wp\/v2\/media?parent=7176"}],"wp:term":[{"taxonomy":"category","embeddable":true,"href":"https:\/\/www.frantiskani.cz\/index.php\/wp-json\/wp\/v2\/categories?post=7176"},{"taxonomy":"post_tag","embeddable":true,"href":"https:\/\/www.frantiskani.cz\/index.php\/wp-json\/wp\/v2\/tags?post=7176"}],"curies":[{"name":"wp","href":"https:\/\/api.w.org\/{rel}","templated":true}]}}