{"id":7180,"date":"2023-07-02T08:39:23","date_gmt":"2023-07-02T06:39:23","guid":{"rendered":"https:\/\/www.frantiskani.cz\/?p=7180"},"modified":"2023-07-02T08:39:28","modified_gmt":"2023-07-02T06:39:28","slug":"solidarita-ne-odsuzovani","status":"publish","type":"post","link":"https:\/\/www.frantiskani.cz\/index.php\/2023\/07\/02\/solidarita-ne-odsuzovani\/","title":{"rendered":"Solidarita, ne odsuzov\u00e1n\u00ed"},"content":{"rendered":"\n<h3 class=\"wp-block-heading\">Dvac\u00e1t\u00fd sedm\u00fd t\u00fdden: Solidarita<\/h3>\n\n\n\n<p><em>Otec Richard Rohr ch\u00e1pe j\u00e1dro k\u0159es\u0165anstv\u00ed jako Bo\u017e\u00ed l\u00e1skyplnou solidaritu se v\u0161emi lidmi i se samotnou realitou:<\/em><\/p>\n\n\n\n<h4 class=\"wp-block-heading\">Smyslem \u017eivota je b\u00fdt solid\u00e1rn\u00ed<\/h4>\n\n\n\n<p>Skrze Je\u017e\u00ed\u0161e Krista je n\u00e1m zp\u0159\u00edstupn\u011bn Bo\u017e\u00ed vlastn\u00ed \u0161irok\u00fd, hlubok\u00fd a v\u0161ezahrnuj\u00edc\u00ed pohled na sv\u011bt. Dokonce bych \u0161el tak daleko, \u017ee bych \u0159ekl, \u017ee smyslem k\u0159es\u0165ansk\u00e9ho \u017eivota je b\u00fdt radik\u00e1ln\u011b solid\u00e1rn\u00ed se v\u0161emi a se v\u0161\u00edm ostatn\u00edm. To je pln\u00fd, kone\u010dn\u00fd a zam\u00fd\u0161len\u00fd \u00fa\u010dinek Vt\u011blen\u00ed &#8211; symbolizovan\u00fd k\u0159\u00ed\u017eem, kter\u00fd je velk\u00fdm Bo\u017e\u00edm \u010dinem solidarity nam\u00edsto soudu.\u202f<\/p>\n\n\n\n<h4 class=\"wp-block-heading\">\u017did Je\u017e\u00ed\u0161 byl solid\u00e1rn\u00ed i s&nbsp;\u017eidy opovrhovan\u00fdmi pohany<\/h4>\n\n\n\n<p>Takto m\u00e1me napodobovat Je\u017e\u00ed\u0161e, dobr\u00e9ho \u017dida, kter\u00fd vid\u011bl a povol\u00e1val bo\u017esk\u00e9 v pohanech, jako byla Syrof\u00e9ni\u010danka a \u0159\u00edm\u0161t\u00ed setn\u00edci, kte\u0159\u00ed ho n\u00e1sledovali; v \u017eidovsk\u00fdch celn\u00edc\u00edch, kte\u0159\u00ed spolupracovali s \u0159\u00ed\u0161\u00ed; v horlivc\u00edch, kte\u0159\u00ed se j\u00ed postavili; v h\u0159\u00ed\u0161n\u00edc\u00edch v\u0161eho druhu; v eunuchech, pohansk\u00fdch astrologech a v\u0161ech t\u011bch, kte\u0159\u00ed &#8222;stoj\u00ed mimo z\u00e1kon&#8220;. Je\u017e\u00ed\u0161 nem\u011bl s jinakost\u00ed v\u016fbec \u017e\u00e1dn\u00e9 probl\u00e9my.<\/p>\n\n\n\n<h4 class=\"wp-block-heading\">Tak\u00e9 katol\u00edci by nem\u011bli nikoho vylu\u010dovat ze solidarity<\/h4>\n\n\n\n<p>Jsme-li p\u0159ipraveni znovu z\u00edskat prav\u00fd v\u00fdznam slova &#8222;katolick\u00fd&#8220;, kter\u00e9 znamen\u00e1 &#8222;univerz\u00e1ln\u00ed&#8220;, mus\u00edme se soust\u0159edit na za\u010dle\u0148ov\u00e1n\u00ed &#8211; jak to Je\u017e\u00ed\u0161 zjevn\u011b d\u011blal &#8211; nam\u00edsto vylu\u010dov\u00e1n\u00ed &#8211; co\u017e nikdy ned\u011blal.\u202fJedin\u00e9, co Je\u017e\u00ed\u0161 vylou\u010dil, bylo vylou\u010den\u00ed samotn\u00e9. [1]<\/p>\n\n\n\n<p><em>Transgenderov\u00fd kn\u011bz Shannon Kearns uv\u00e1d\u00ed p\u0159\u00edklad Bo\u017e\u00ed inkluzivn\u00ed solidarity s eunuchy, sexu\u00e1ln\u00edmi men\u0161inami v dob\u011b proroka Izaj\u00e1\u0161e:&nbsp;<\/em><\/p>\n\n\n\n<h4 class=\"wp-block-heading\">Izraelit\u00e9 byli solid\u00e1rn\u00ed s eunuchy<\/h4>\n\n\n\n<p>V Izaj\u00e1\u0161i 56,3b-5 &#8230; prorok \u0159\u00edk\u00e1: &#8222;A a\u0165 eunuch ne\u0159\u00edk\u00e1: &#8218;Jsem jen such\u00fd strom&#8216;. Hospodin \u0159\u00edk\u00e1: Eunuch\u016fm, kte\u0159\u00ed zachov\u00e1vaj\u00ed m\u00e9 soboty, vyb\u00edraj\u00ed si to, co si p\u0159eji, a z\u016fst\u00e1vaj\u00ed v\u011brn\u00ed m\u00e9 smlouv\u011b. Ve sv\u00e9m chr\u00e1mu a na sv\u00fdch dvorech jim d\u00e1m pam\u00e1tku a jm\u00e9no lep\u0161\u00ed ne\u017e syn\u016fm a dcer\u00e1m. D\u00e1m jim trval\u00e9 jm\u00e9no, kter\u00e9 nebude odstran\u011bno.&#8220;&nbsp;<\/p>\n\n\n\n<h4 class=\"wp-block-heading\">Opravdu jsme solid\u00e1rn\u00ed se v\u0161emi?<\/h4>\n\n\n\n<p>Je to slovo \u00fat\u011bchy a nad\u011bje. Slovo uzdraven\u00ed&#8230;. Eunuch\u016fm je \u0159e\u010deno, \u017ee jim bude d\u00e1n trval\u00fd odkaz. Tento \u00faryvek o tom, \u017ee jim bude d\u00e1no &#8222;trval\u00e9 jm\u00e9no&#8220;, zn\u00ed hlasit\u011b pro mnoho transgenderov\u00fdch a nebin\u00e1rn\u00edch osob, zejm\u00e9na pro ty, kter\u00e9 se p\u0159ihl\u00e1sily k nov\u00fdm jm\u00e9n\u016fm&#8230;. Tento \u010dl\u00e1nek zn\u00ed hlasit\u011b i pro mnoho lid\u00ed, kte\u0159\u00ed se kv\u016fli sv\u00e9 genderov\u00e9 odli\u0161nosti c\u00edtili vylou\u010deni a od\u0159\u00edznuti od vstupu do n\u00e1bo\u017eensk\u00fdch prostor&#8230;.&nbsp;<\/p>\n\n\n\n<h4 class=\"wp-block-heading\">\u2026 nebo m\u00e1me druh\u00e9 za\u0159azeny do \u0161katulek?<\/h4>\n\n\n\n<p>Poselstv\u00ed eunuch\u016f je, \u017ee \u0161katulky nefunguj\u00ed. Nejsou vhodn\u00e9 k \u017eivotu. Pokud v nich z\u016fstaneme, pravd\u011bpodobn\u011b n\u00e1s zabij\u00ed. Svoboda pohybovat se mezi prostory a sv\u011bty, svoboda hl\u00e1sit se ke v\u0161emu, \u010d\u00edm jsme, svoboda b\u00fdt je to, k \u010demu jsme povol\u00e1ni. Poselstv\u00ed eunuch\u016f n\u00e1s tak\u00e9 vyz\u00fdv\u00e1, abychom se rozhl\u00e9dli kolem sebe a zeptali se: Kdo je vylou\u010den? Kdo nen\u00ed v\u00edt\u00e1n? Pro koho nen\u00ed m\u00edsto? Ten seznam lid\u00ed a ta jm\u00e9na, kter\u00e1 v\u00e1s napadaj\u00ed?<\/p>\n\n\n\n<h4 class=\"wp-block-heading\">V&nbsp;Bo\u017e\u00edm kr\u00e1lovstv\u00ed jsou v\u00edt\u00e1ni v\u0161ichni ne jen n\u011bkte\u0159\u00ed<\/h4>\n\n\n\n<p>Poselstv\u00ed z Izaj\u00e1\u0161e 56 a z p\u0159\u00edb\u011bhu etiopsk\u00e9ho eunucha ve Skutc\u00edch 8 \u0159\u00edk\u00e1: &#8222;I pro n\u011b je v Bo\u017e\u00edm kr\u00e1lovstv\u00ed m\u00edsto.&#8220;&#8230; Nemus\u00ed se m\u011bnit, aby byli hodni; hodn\u00fdmi se st\u00e1vaj\u00ed t\u00edm, \u017ee cht\u011bj\u00ed b\u00fdt za\u010dlen\u011bni.&nbsp;<\/p>\n\n\n\n<p>Ka\u017ed\u00fd, kdo tou\u017e\u00ed po vod\u011b, je v\u00edt\u00e1n.<\/p>\n\n\n\n<h6 class=\"wp-block-heading\">Prameny:<\/h6>\n\n\n\n<p>[1] Adapted from Richard Rohr,\u202f<a href=\"https:\/\/email.cac.org\/t\/d-l-vqdklk-tlkrhyidn-y\/\"><em>The Universal Christ: How a Forgotten Reality Can Change Everything We See, Hope for, and Believe<\/em><\/a>&nbsp;(New York: Convergent, 2019), 32, 33, 34.&nbsp;<\/p>\n\n\n\n<p>[2] Shannon T. L. Kearns, <em>In the Margins: A Transgender Man\u2019s Journey with Scripture<\/em> (Grand Rapids, MI: William B. Eerdmans, 2022), 17, 27.&nbsp;<\/p>\n\n\n\n<p><strong>Image credit:&nbsp;<\/strong>A path from one week to the next\u2014CAC Staff, <em>Untitled<\/em>, watercolor. Izzy Spitz, <em>Field Study 2<\/em>, oil pastel on canvas. Izzy Spitz, <em>Everything at Once<\/em>, digital oil pastel on canvas. Used with permission. <a href=\"https:\/\/email.cac.org\/t\/d-l-vqdklk-tlkrhyidn-j\/\">Click here to enlarge image<\/a>.&nbsp;<\/p>\n\n\n\n<p>Artist Statement (Izzy Spitz):<em> \u201cChemistry of self\u201d [collection of images] is a visual diary of varying emotions of my day-to-day life. It\u2019s an act of presence in a world of existential overwhelm and grounding in the gifts of mundane life.&nbsp;<\/em><\/p>\n","protected":false},"excerpt":{"rendered":"<p>Tak\u00e9 katol\u00edci by nem\u011bli nikoho vylu\u010dovat ze solidarity<\/p>\n<p>Jsme-li p\u0159ipraveni znovu z\u00edskat prav\u00fd v\u00fdznam slova &#8222;katolick\u00fd&#8220;, kter\u00e9 znamen\u00e1 &#8222;univerz\u00e1ln\u00ed&#8220;, mus\u00edme se soust\u0159edit na za\u010dle\u0148ov\u00e1n\u00ed &#8211; jak to Je\u017e\u00ed\u0161 zjevn\u011b d\u011blal &#8211; nam\u00edsto vylu\u010dov\u00e1n\u00ed &#8211; co\u017e nikdy ned\u011blal.\u202fJedin\u00e9, co Je\u017e\u00ed\u0161 vylou\u010dil, bylo vylou\u010den\u00ed samotn\u00e9. [1]<\/p>\n<p>Transgenderov\u00fd kn\u011bz Shannon Kearns uv\u00e1d\u00ed p\u0159\u00edklad Bo\u017e\u00ed inkluzivn\u00ed solidarity s eunuchy, sexu\u00e1ln\u00edmi men\u0161inami v dob\u011b proroka Izaj\u00e1\u0161e:<\/p>\n","protected":false},"author":1,"featured_media":7181,"comment_status":"open","ping_status":"open","sticky":false,"template":"","format":"standard","meta":{"footnotes":""},"categories":[198],"tags":[],"class_list":["post-7180","post","type-post","status-publish","format-standard","has-post-thumbnail","hentry","category-richard-rohr-ofm-centrum-pro-zivot-a-rozjimani","latest_post"],"_links":{"self":[{"href":"https:\/\/www.frantiskani.cz\/index.php\/wp-json\/wp\/v2\/posts\/7180","targetHints":{"allow":["GET"]}}],"collection":[{"href":"https:\/\/www.frantiskani.cz\/index.php\/wp-json\/wp\/v2\/posts"}],"about":[{"href":"https:\/\/www.frantiskani.cz\/index.php\/wp-json\/wp\/v2\/types\/post"}],"author":[{"embeddable":true,"href":"https:\/\/www.frantiskani.cz\/index.php\/wp-json\/wp\/v2\/users\/1"}],"replies":[{"embeddable":true,"href":"https:\/\/www.frantiskani.cz\/index.php\/wp-json\/wp\/v2\/comments?post=7180"}],"version-history":[{"count":2,"href":"https:\/\/www.frantiskani.cz\/index.php\/wp-json\/wp\/v2\/posts\/7180\/revisions"}],"predecessor-version":[{"id":7183,"href":"https:\/\/www.frantiskani.cz\/index.php\/wp-json\/wp\/v2\/posts\/7180\/revisions\/7183"}],"wp:featuredmedia":[{"embeddable":true,"href":"https:\/\/www.frantiskani.cz\/index.php\/wp-json\/wp\/v2\/media\/7181"}],"wp:attachment":[{"href":"https:\/\/www.frantiskani.cz\/index.php\/wp-json\/wp\/v2\/media?parent=7180"}],"wp:term":[{"taxonomy":"category","embeddable":true,"href":"https:\/\/www.frantiskani.cz\/index.php\/wp-json\/wp\/v2\/categories?post=7180"},{"taxonomy":"post_tag","embeddable":true,"href":"https:\/\/www.frantiskani.cz\/index.php\/wp-json\/wp\/v2\/tags?post=7180"}],"curies":[{"name":"wp","href":"https:\/\/api.w.org\/{rel}","templated":true}]}}