{"id":7293,"date":"2023-07-30T14:28:25","date_gmt":"2023-07-30T12:28:25","guid":{"rendered":"https:\/\/www.frantiskani.cz\/?p=7293"},"modified":"2023-07-30T14:28:29","modified_gmt":"2023-07-30T12:28:29","slug":"nenasili-zacina-uvnitr","status":"publish","type":"post","link":"https:\/\/www.frantiskani.cz\/index.php\/2023\/07\/30\/nenasili-zacina-uvnitr\/","title":{"rendered":"Nen\u00e1sil\u00ed za\u010d\u00edn\u00e1 uvnit\u0159"},"content":{"rendered":"\n<h3 class=\"wp-block-heading\">T\u0159ic\u00e1t\u00fd prvn\u00ed t\u00fdden: Uzdraven\u00ed na\u0161eho n\u00e1sil\u00ed<\/h3>\n\n\n\n<p><em>Denn\u00ed meditace tohoto t\u00fddne za\u010d\u00ednaj\u00ed u\u010den\u00edm Richarda Rohra o tom, \u017ee na\u0161e schopnost rozhodnout se pro nen\u00e1sil\u00ed je neodd\u011bliteln\u011b spjata s na\u0161\u00edm vnit\u0159n\u00edm uzdraven\u00edm.<\/em><\/p>\n\n\n\n<h4 class=\"wp-block-heading\">N\u00e1sil\u00ed je v&nbsp;n\u00e1s. Je pot\u0159eba m\u011bnit p\u0159\u00edtomnost<\/h4>\n\n\n\n<p>Mezi vnit\u0159n\u00ed cestou kontemplace a na\u0161\u00ed schopnost\u00ed pracovat proti n\u00e1sil\u00ed ve sv\u011bt\u011b, v na\u0161\u00ed kultu\u0159e i v n\u00e1s sam\u00fdch je v\u017edy spojitost. Dokud do sv\u00e9ho jedn\u00e1n\u00ed vn\u00e1\u0161\u00edme n\u00e1sil\u00ed, kter\u00e9 existuje p\u0159edev\u0161\u00edm v n\u00e1s sam\u00fdch, nic se ve skute\u010dnosti nezm\u011bn\u00ed. Budoucnost je v\u017edy stejn\u00e1 jako p\u0159\u00edtomnost. Proto mus\u00edme zm\u011bnit p\u0159\u00edtomnost.&nbsp;&nbsp;<\/p>\n\n\n\n<h4 class=\"wp-block-heading\">Prav\u00e1 spiritualita se t\u00fdk\u00e1 nejprve n\u00e1s samotn\u00fdch<\/h4>\n\n\n\n<p>Mus\u00edme za\u010d\u00edt u sebe a nechat se prom\u011bnit. Pak m\u016f\u017ee b\u00fdt budoucnost jin\u00e1 ne\u017e p\u0159\u00edtomnost. Jinak nem\u00e1me \u017e\u00e1dn\u00fd d\u016fkaz, \u017ee z\u00edtra, za t\u00fdden nebo za rok ud\u011bl\u00e1me n\u011bco jinak. P\u0159\u00ed\u0161t\u00ed t\u00fdden budeme reagovat na n\u00e1sil\u00ed, kter\u00e9 se objevuje v na\u0161\u00ed \u0161ir\u0161\u00ed kultu\u0159e, v na\u0161ich instituc\u00edch a v na\u0161ich rodin\u00e1ch, stejn\u011b jako reagujeme pr\u00e1v\u011b te\u010f. A tak se v\u017edy mus\u00edme vracet k tomu, co jsem \u010dasto naz\u00fdval &#8222;\u010di\u0161t\u011bn\u00edm objektivu&#8220;. Autentick\u00e1 spiritualita se v\u017edy na prvn\u00ed \u00farovni t\u00fdk\u00e1 n\u00e1s &#8211; jako jednotlivc\u016f. V\u017edycky to tak je. Chceme, aby se t\u00fdkala na\u0161ich partner\u016f, spolupracovn\u00edk\u016f nebo pastor\u016f. Chceme pou\u017e\u00edvat spiritualitu k tomu, abychom m\u011bnili druh\u00e9 lidi, ale prav\u00e1 spiritualita v\u017edy m\u011bn\u00ed n\u00e1s.&nbsp;<\/p>\n\n\n\n<h4 class=\"wp-block-heading\">Je pot\u0159eba zm\u011bnit nejprve sebe \u2013 sv\u00e9 srdce<\/h4>\n\n\n\n<p>Zalo\u017eili jsme CAC, abychom aktivist\u016fm poskytli zakotvenou spiritualitu, aby mohli pracovat na spole\u010densk\u00e9 zm\u011bn\u011b z jin\u00e9ho m\u00edsta, ne\u017e je hn\u011bv, ideologie nebo pouh\u00e1 s\u00edla v\u016fle. Mnoho lid\u00ed intelektu\u00e1ln\u011b p\u0159ij\u00edm\u00e1 u\u010den\u00ed G\u00e1ndh\u00edho nebo Martina Luthera Kinga ml. o nen\u00e1sil\u00ed a sna\u017e\u00ed se ho vykon\u00e1vat silou v\u016fle, ale to nen\u00ed to, \u010demu \u0159\u00edk\u00e1m &#8222;myst\u00e9rium \u00fa\u010dasti&#8220;. Takov\u00ed lid\u00e9 se sami o sob\u011b ne\u00fa\u010dastn\u00ed kvalitativn\u011b nov\u00e9ho a jin\u00e9ho \u017eivota. Zm\u011bnili sv\u00e9 sm\u00fd\u0161len\u00ed, ale ne sv\u00e9 srdce. Ve skute\u010dn\u00fdch chv\u00edl\u00edch nap\u011bt\u00ed a zkou\u0161ek jsou takov\u00ed lid\u00e9 stejnou sou\u010d\u00e1st\u00ed probl\u00e9mu jako lid\u00e9, proti nim\u017e stoj\u00ed. Jejich v\u016fle a ego je st\u00e1le zcela ovl\u00e1daj\u00ed svou pot\u0159ebou m\u00edt pravdu, v\u00edt\u011bzit a m\u00edt \u00fasp\u011bch, co\u017e t\u00e9m\u011b\u0159 v\u017edy vede k n\u011bjak\u00e9mu druhu n\u00e1sil\u00ed.&nbsp;<\/p>\n\n\n\n<h4 class=\"wp-block-heading\">Nelze toti\u017e vych\u00e1zet z&nbsp;intelektu \u2013 to nikdy nebude ta prav\u00e1 zm\u011bna<\/h4>\n\n\n\n<p>Mysl\u00edm, \u017ee pr\u00e1v\u011b to bylo velk\u00fdm zklam\u00e1n\u00edm politick\u00e9ho aktivismu a dokonce i mnoha nen\u00e1siln\u00fdch hnut\u00ed 60. a 70. let v USA. Ne\u0161lo o skute\u010dnou transformaci. Nevych\u00e1zelo to z toho, co bychom nazvali &#8211; abychom pou\u017eili velmi starom\u00f3dn\u00ed, n\u00e1bo\u017eensk\u00e9 slovo &#8211; svatost\u00ed. Takov\u00e9 jedn\u00e1n\u00ed \u010dasto nevych\u00e1zelo ze svatosti, ale prost\u011b z intelektu a v\u016fle, kter\u00e9 nejsou prom\u011bn\u011bn\u00fdm j\u00e1.&nbsp;<\/p>\n\n\n\n<h4 class=\"wp-block-heading\">Jde o pozitivn\u00ed energii modlitby na pozitivn\u00edm m\u00edst\u011b pro spole\u010denstv\u00ed a svatost v n\u00e1s<\/h4>\n\n\n\n<p>To, co hled\u00e1me, je \u010dist\u00e9 nebo jasn\u00e9 jedn\u00e1n\u00ed. Kdy\u017e v sob\u011b najdeme pozitivn\u00ed m\u00edsto spole\u010denstv\u00ed a svatosti, nen\u00ed na co reagovat. Takov\u00e9 jedn\u00e1n\u00ed m\u016f\u017ee b\u00fdt velmi pevn\u00e9, proto\u017ee vych\u00e1z\u00ed z toho m\u00edsta, kde v\u00edme, co je skute\u010dn\u00e9, co je dobr\u00e9, co je pravdiv\u00e9 a co je kr\u00e1sn\u00e9. Prozrad\u00ed to, \u017ee energie v tomto bod\u011b je zcela pozitivn\u00ed. Tehdy pozn\u00e1me, \u017ee jde o energii modlitby, a to podle m\u011b znamen\u00e1 b\u00fdt \u010dlov\u011bkem opravdov\u00e9ho nen\u00e1sil\u00ed.\u00a0<\/p>\n\n\n\n<h6 class=\"wp-block-heading\">Prameny:<\/h6>\n\n\n\n<p>Adapted from Richard Rohr, \u201cWho Are You?,\u201d <em>Healing Our Violence through the Journey of Centering Prayer<\/em>, Richard Rohr, Thomas Keating (Cincinnati, OH: St. Anthony Messenger Press, 2002), Audible audio ed.&nbsp;<\/p>\n\n\n\n<p><strong>Image credit:<\/strong> A path from one week to the next\u2014Izzy Spitz, <em>Tuesday Chemistry <\/em>(detail), digital oil pastel. Izzy Spitz, <em>Field Study 1<\/em> (detail), oil pastel on canvas. Taylor Wilson,<em> Field of the Saints<\/em>, print. Used with permission. <a href=\"https:\/\/email.cac.org\/t\/d-l-vyktdyk-tlkrhyidn-y\/\">Click here to enlarge image<\/a>.&nbsp;<\/p>\n\n\n\n<p><em>How can we move outside our constricting and restricting patterns of violence? We need each other. We need all the colors.&nbsp;<\/em><\/p>\n","protected":false},"excerpt":{"rendered":"<p>Mysl\u00edm, \u017ee pr\u00e1v\u011b to bylo velk\u00fdm zklam\u00e1n\u00edm politick\u00e9ho aktivismu a dokonce i mnoha nen\u00e1siln\u00fdch hnut\u00ed 60. a 70. let v USA. Ne\u0161lo o skute\u010dnou transformaci. Nevych\u00e1zelo to z toho, co bychom nazvali &#8211; abychom pou\u017eili velmi starom\u00f3dn\u00ed, n\u00e1bo\u017eensk\u00e9 slovo &#8211; svatost\u00ed. Takov\u00e9 jedn\u00e1n\u00ed \u010dasto nevych\u00e1zelo ze svatosti, ale prost\u011b z intelektu a v\u016fle, kter\u00e9 nejsou prom\u011bn\u011bn\u00fdm j\u00e1.\u00a0<\/p>\n","protected":false},"author":1,"featured_media":7294,"comment_status":"open","ping_status":"open","sticky":false,"template":"","format":"standard","meta":{"footnotes":""},"categories":[198],"tags":[1216,667,509,1217],"class_list":["post-7293","post","type-post","status-publish","format-standard","has-post-thumbnail","hentry","category-richard-rohr-ofm-centrum-pro-zivot-a-rozjimani","tag-inteligence","tag-spiritualita","tag-srdce","tag-zmena-smysleni","latest_post"],"_links":{"self":[{"href":"https:\/\/www.frantiskani.cz\/index.php\/wp-json\/wp\/v2\/posts\/7293","targetHints":{"allow":["GET"]}}],"collection":[{"href":"https:\/\/www.frantiskani.cz\/index.php\/wp-json\/wp\/v2\/posts"}],"about":[{"href":"https:\/\/www.frantiskani.cz\/index.php\/wp-json\/wp\/v2\/types\/post"}],"author":[{"embeddable":true,"href":"https:\/\/www.frantiskani.cz\/index.php\/wp-json\/wp\/v2\/users\/1"}],"replies":[{"embeddable":true,"href":"https:\/\/www.frantiskani.cz\/index.php\/wp-json\/wp\/v2\/comments?post=7293"}],"version-history":[{"count":1,"href":"https:\/\/www.frantiskani.cz\/index.php\/wp-json\/wp\/v2\/posts\/7293\/revisions"}],"predecessor-version":[{"id":7295,"href":"https:\/\/www.frantiskani.cz\/index.php\/wp-json\/wp\/v2\/posts\/7293\/revisions\/7295"}],"wp:featuredmedia":[{"embeddable":true,"href":"https:\/\/www.frantiskani.cz\/index.php\/wp-json\/wp\/v2\/media\/7294"}],"wp:attachment":[{"href":"https:\/\/www.frantiskani.cz\/index.php\/wp-json\/wp\/v2\/media?parent=7293"}],"wp:term":[{"taxonomy":"category","embeddable":true,"href":"https:\/\/www.frantiskani.cz\/index.php\/wp-json\/wp\/v2\/categories?post=7293"},{"taxonomy":"post_tag","embeddable":true,"href":"https:\/\/www.frantiskani.cz\/index.php\/wp-json\/wp\/v2\/tags?post=7293"}],"curies":[{"name":"wp","href":"https:\/\/api.w.org\/{rel}","templated":true}]}}