{"id":7495,"date":"2023-09-12T09:36:59","date_gmt":"2023-09-12T07:36:59","guid":{"rendered":"https:\/\/www.frantiskani.cz\/?p=7495"},"modified":"2023-09-12T09:37:03","modified_gmt":"2023-09-12T07:37:03","slug":"laska-a-kritika","status":"publish","type":"post","link":"https:\/\/www.frantiskani.cz\/index.php\/2023\/09\/12\/laska-a-kritika\/","title":{"rendered":"L\u00e1ska a kritika"},"content":{"rendered":"\n<h3 class=\"wp-block-heading\">T\u0159ic\u00e1t\u00fd sedm\u00fd t\u00fdden: Hrana vnit\u0159ku<\/h3>\n\n\n\n<p>Dorothy Dayov\u00e1 (1897-1980) \u017eila na okraji nitra a jej\u00ed hlubok\u00e1 l\u00e1ska k c\u00edrkvi a n\u00e1rodu se projevovala v\u00e1\u0161nivou kritikou.<\/p>\n\n\n\n<p><em>Spisovatelka Julie Leininger Pycior popisuje okam\u017eik prorock\u00e9 v\u00fdzvy, kterou Dayov\u00e1 nab\u00eddla b\u011bhem konferen\u010dn\u00edho zased\u00e1n\u00ed na t\u00e9ma \u017deny a eucharistie:&nbsp;<\/em><\/p>\n\n\n\n<h4 class=\"wp-block-heading\">Nemoc<\/h4>\n\n\n\n<p>V z\u00e1\u0159\u00ed 1976 [nedlouho] po p\u0159edn\u00e1\u0161ce pro osm tis\u00edc lid\u00ed na eucharistick\u00e9m kongresu ve Filadelfii ji postihl v\u00e1\u017en\u00fd infarkt, kdy\u017e se bl\u00ed\u017eila osmdes\u00e1tce a dlouho ji tr\u00e1pily srde\u010dn\u00ed pot\u00ed\u017ee spolu s artritidou. Dalo by se v\u0161ak tak\u00e9 \u0159\u00edci, \u017ee tato ud\u00e1lost j\u00ed zlomila srdce&#8230;..<\/p>\n\n\n\n<p>P\u0159i cest\u011b na zased\u00e1n\u00ed se Dayov\u00e1 sv\u011b\u0159ila [sv\u00e9 p\u0159\u00edtelkyni Eileen] Eganov\u00e9, \u017ee m\u00e1 nemocn\u00e9 srdce.<\/p>\n\n\n\n<h4 class=\"wp-block-heading\">M\u0161e<\/h4>\n\n\n\n<p>Sou\u010d\u00e1st\u00ed kongresu byla m\u0161e svat\u00e1 ke cti americk\u00e9 arm\u00e1dy a stejn\u011b jako \u017eensk\u00e9 zased\u00e1n\u00ed byl napl\u00e1nov\u00e1n na 6. srpna, co\u017e byl shodou okolnost\u00ed den v\u00fdro\u010d\u00ed jadern\u00e9ho \u00fatoku na Hiro\u0161imu. Vedouc\u00ed katolick\u00fdch d\u011blnic se c\u00edtila povinna toto vojensk\u00e9 t\u00e9ma odsoudit, p\u0159esto\u017ee m\u0161i pova\u017eovala za d\u016fle\u017eit\u011bj\u0161\u00ed ne\u017e \u017eivot s\u00e1m, proto\u017ee v sob\u011b obsahuje ten nejcenn\u011bj\u0161\u00ed dar: eucharistii &#8211; a to i p\u0159esto, \u017ee kongres byl samoz\u0159ejm\u011b zasv\u011bcen eucharistii.&nbsp;<\/p>\n\n\n\n<p><em>Dayovou, zbo\u017enou katoli\u010dku, jej\u00ed l\u00e1ska k eucharistii nutila mluvit o v\u00e1lce jako o h\u0159\u00edchu, za kter\u00fd je t\u0159eba \u010dinit pok\u00e1n\u00ed, zvl\u00e1\u0161t\u011b kdy\u017e m\u011bla na srdci a na mysli v\u00fdro\u010d\u00ed jadern\u00e9ho \u00fatoku na Hiro\u0161imu:&nbsp;<\/em><\/p>\n\n\n\n<h4 class=\"wp-block-heading\">Eucharistie a bli\u017en\u00ed<\/h4>\n\n\n\n<p>[Dayov\u00e1] sv\u00e9 vystoupen\u00ed, kter\u00e9 nazvala &#8222;Chl\u00e9b pro hladov\u00e9&#8220; [1], zah\u00e1jila oddanou vzpom\u00ednkou na eucharistii. Dayov\u00e1 se s poslucha\u010di pod\u011blila o svou hlubokou, trvalou &#8222;l\u00e1sku a vd\u011b\u010dnost k c\u00edrkvi&#8220; jako k ni\u010demu men\u0161\u00edmu ne\u017e k matce, &#8222;kter\u00e1 m\u011b nau\u010dila korunn\u00ed l\u00e1sce \u017eivota v Duchu&#8220;. L\u00e1ska v akci v\u0161ak m\u016f\u017ee b\u00fdt drsn\u00e1 a stra\u0161n\u00e1, a nyn\u00ed se vrhla vp\u0159ed a poznamenala, \u017ee tato matka &#8222;m\u011b tak\u00e9 nau\u010dila, \u017ee &#8218;d\u0159\u00edve ne\u017e p\u0159ineseme sv\u00e9 dary slu\u017eby, vd\u011b\u010dnosti, k olt\u00e1\u0159i &#8211; pokud m\u00e1 n\u00e1\u0161 bratr n\u011bco proti n\u00e1m, mus\u00edme se zdr\u00e1hat p\u0159istoupit k olt\u00e1\u0159i, abychom p\u0159ijali eucharistii'&#8220;.&nbsp;<\/p>\n\n\n\n<h4 class=\"wp-block-heading\">Pokud nebudeme \u010dinit pok\u00e1n\u00ed zahyneme<\/h4>\n\n\n\n<p>Kdy\u017e Dayov\u00e1 mluvila s \u00fazkost\u00ed, kterou je\u0161t\u011b v\u00edce zdramatizovala sv\u00fdm opatrn\u00fdm, zdr\u017eenliv\u00fdm vystupov\u00e1n\u00edm, \u0159ekla: &#8222;A tady jsme 6. srpna&#8220;. Kdy\u017e uznala dal\u0161\u00ed holocausty, zejm\u00e9na tureck\u00e9 \u00fatoky na Arm\u00e9ny a nacistick\u00e9 pron\u00e1sledov\u00e1n\u00ed \u017did\u016f, &#8222;Bohem vyvolen\u00e9ho n\u00e1roda&#8220;, zn\u011bla pak jako prorok. &#8222;Je to d\u011bsiv\u00e1 my\u0161lenka, \u017ee pokud nebudeme \u010dinit pok\u00e1n\u00ed, zahyneme,&#8220; prohl\u00e1sila rozhodn\u011b a p\u0159ipomn\u011bla poslucha\u010d\u016fm, \u017ee pr\u00e1v\u011b v t\u00e9 chv\u00edli do nedalek\u00e9 katedr\u00e1ly nastupuj\u00ed vojen\u0161t\u00ed velitel\u00e9&#8230;..<\/p>\n\n\n\n<h4 class=\"wp-block-heading\">Prosit za odpu\u0161t\u011bn\u00ed<\/h4>\n\n\n\n<p>Vyzvala k &#8222;p\u016fstu jako osobn\u00edmu aktu pok\u00e1n\u00ed za h\u0159\u00edch na\u0161\u00ed zem\u011b, kterou milujeme&#8220;. Na ot\u00e1zku, pro\u010d se tato bohoslu\u017eba nemohla konat v jin\u00e9m term\u00ednu, odpov\u011bd\u011bla: &#8222;Pros\u00edm,&#8220; \u0159ekla, &#8222;abychom tuto vojenskou m\u0161i a v\u0161echny na\u0161e dne\u0161n\u00ed m\u0161e pova\u017eovali za akt pok\u00e1n\u00ed a prosili Boha o odpu\u0161t\u011bn\u00ed&#8220;.<\/p>\n\n\n\n<p>To, \u017ee jej\u00ed poslucha\u010di propukli v bou\u0159liv\u00fd potlesk, jen \u010d\u00e1ste\u010dn\u011b zachr\u00e1nilo Dayovo zran\u011bn\u00e9 srdce, kter\u00e9 o n\u011bkolik t\u00fddn\u016f pozd\u011bji utrp\u011blo skute\u010dn\u00fd fyzick\u00fd \u00fatok.<\/p>\n\n\n\n<p class=\"has-text-align-right\"><em>(p\u0159ekl: Wikipedie: <a href=\"https:\/\/cs.wikipedia.org\/wiki\/Slu%C5%BEebn%C3%ADk_Bo%C5%BE%C3%AD\">Slu\u017eebnice Bo\u017e\u00ed<\/a><\/em><em>&nbsp;<strong>Dorothy Day<\/strong>&nbsp;(<\/em><em><a href=\"https:\/\/cs.wikipedia.org\/wiki\/8._listopad\">8. listopadu<\/a><\/em><em>&nbsp;<\/em><em><a href=\"https:\/\/cs.wikipedia.org\/wiki\/1897\">1897<\/a><\/em><em>\u2013&nbsp;<\/em><em><a href=\"https:\/\/cs.wikipedia.org\/wiki\/29._listopad\">29. listopadu<\/a><\/em><em>&nbsp;<\/em><em><a href=\"https:\/\/cs.wikipedia.org\/wiki\/1980\">1980<\/a><\/em><em>) byla&nbsp;<\/em><em><a href=\"https:\/\/cs.wikipedia.org\/wiki\/Spojen%C3%A9_st%C3%A1ty_americk%C3%A9\">americk\u00e1<\/a><\/em><em>&nbsp;<\/em><em><a href=\"https:\/\/cs.wikipedia.org\/wiki\/Novin%C3%A1%C5%99ka\">novin\u00e1\u0159ka<\/a><\/em><em>&nbsp;zam\u011b\u0159en\u00e1 na soci\u00e1ln\u00ed aktivity,&nbsp;<\/em><em><a href=\"https:\/\/cs.wikipedia.org\/wiki\/Pacifismus\">pacifistka<\/a><\/em><em>&nbsp;a oddan\u00e1 \u010dlenka&nbsp;<\/em><em><a href=\"https:\/\/cs.wikipedia.org\/wiki\/Katolick%C3%A1_c%C3%ADrkev\">katolick\u00e9 c\u00edrkve<\/a><\/em><em>. Tak\u00e9 spolu s&nbsp;<\/em><em><a href=\"https:\/\/cs.wikipedia.org\/w\/index.php?title=Peter_Maurin&amp;action=edit&amp;redlink=1\">Petrem Maurinem<\/a><\/em><em>&nbsp;zalo\u017eila&nbsp;<\/em><em><a href=\"https:\/\/cs.wikipedia.org\/w\/index.php?title=Catholic_Worker_movement&amp;action=edit&amp;redlink=1\">Catholic Worker movement<\/a><\/em><em>. Je autorkou n\u011bkolika knih, na&nbsp;<\/em><em><a href=\"https:\/\/cs.wikipedia.org\/wiki\/Ve%C5%99ejnost\">ve\u0159ejnosti<\/a><\/em><em>&nbsp;\u010dasto hovo\u0159ila o&nbsp;<\/em><em><a href=\"https:\/\/cs.wikipedia.org\/wiki\/V%C3%ADra\">v\u00ed\u0159e<\/a><\/em><em>&nbsp;a&nbsp;<\/em><em><a href=\"https:\/\/cs.wikipedia.org\/wiki\/Soci%C3%A1ln%C3%AD_spravedlnost\">soci\u00e1ln\u00ed spravedlnosti<\/a>)<\/em><em>.<\/em><em><\/em><\/p>\n\n\n\n<h6 class=\"wp-block-heading\">Prameny:<\/h6>\n\n\n\n<p>[1] Dorothy Day, \u201cBread for the Hungry<em>,<\/em>\u201d in&nbsp;<em>A Penny a Copy: Readings from&nbsp;<\/em>The Catholic Worker, ed. Thomas C. Cornell, Robert Ellsberg, Jim Forest, rev. ed. (Maryknoll, NY: Orbis Books, 1996), 228\u2013231. Day\u2019s address is also available at&nbsp;<a href=\"https:\/\/email.cac.org\/t\/d-l-vtittc-tlkrhyidn-y\/\">https:\/\/catholicworker.org\/258-html\/<\/a>.&nbsp;<\/p>\n\n\n\n<p>Julie Leininger Pycior,&nbsp;<em>Dorothy Day, Thomas Merton and the Greatest Commandment: Radical Love in Times of Crisis<\/em>(New York: Paulist Press, 2020), 155, 156, 157.&nbsp;<\/p>\n\n\n\n<p><strong>Image credit:<\/strong>&nbsp;A path from one week to the next\u2014Izzy Spitz,&nbsp;<em>momentary peace<\/em>&nbsp;(detail), digital oil pastels. Taylor Wilson,&nbsp;<em>Transfiguration<\/em>&nbsp;(detail), cyanotype. Taylor Wilson,&nbsp;<em>Madonna and Messiah<\/em>, ink. Used with permission.&nbsp;<a href=\"https:\/\/email.cac.org\/t\/d-l-vtittc-tlkrhyidn-j\/\">Click here to enlarge image<\/a>.&nbsp;<\/p>\n\n\n\n<p><em>Transformation happens on the margins (the edge of the inside), and so, like this bird, we are freed.<\/em>&nbsp;<\/p>\n","protected":false},"excerpt":{"rendered":"<p>Dorothy Day: Kdy\u017e uznala dal\u0161\u00ed holocausty, zejm\u00e9na tureck\u00e9 \u00fatoky na Arm\u00e9ny a nacistick\u00e9 pron\u00e1sledov\u00e1n\u00ed \u017did\u016f, &#8222;Bohem vyvolen\u00e9ho n\u00e1roda&#8220;, zn\u011bla pak jako prorok. &#8222;Je to d\u011bsiv\u00e1 my\u0161lenka, \u017ee pokud nebudeme \u010dinit pok\u00e1n\u00ed, zahyneme,&#8220; prohl\u00e1sila rozhodn\u011b a p\u0159ipomn\u011bla poslucha\u010d\u016fm, \u017ee pr\u00e1v\u011b v t\u00e9 chv\u00edli do nedalek\u00e9 katedr\u00e1ly nastupuj\u00ed vojen\u0161t\u00ed velitel\u00e9&#8230;..<\/p>\n","protected":false},"author":1,"featured_media":7484,"comment_status":"open","ping_status":"open","sticky":false,"template":"","format":"standard","meta":{"footnotes":""},"categories":[198],"tags":[1288,1289,374],"class_list":["post-7495","post","type-post","status-publish","format-standard","has-post-thumbnail","hentry","category-richard-rohr-ofm-centrum-pro-zivot-a-rozjimani","tag-dorothy-day","tag-eucharistie-a-blizni","tag-proroci","latest_post"],"_links":{"self":[{"href":"https:\/\/www.frantiskani.cz\/index.php\/wp-json\/wp\/v2\/posts\/7495","targetHints":{"allow":["GET"]}}],"collection":[{"href":"https:\/\/www.frantiskani.cz\/index.php\/wp-json\/wp\/v2\/posts"}],"about":[{"href":"https:\/\/www.frantiskani.cz\/index.php\/wp-json\/wp\/v2\/types\/post"}],"author":[{"embeddable":true,"href":"https:\/\/www.frantiskani.cz\/index.php\/wp-json\/wp\/v2\/users\/1"}],"replies":[{"embeddable":true,"href":"https:\/\/www.frantiskani.cz\/index.php\/wp-json\/wp\/v2\/comments?post=7495"}],"version-history":[{"count":1,"href":"https:\/\/www.frantiskani.cz\/index.php\/wp-json\/wp\/v2\/posts\/7495\/revisions"}],"predecessor-version":[{"id":7496,"href":"https:\/\/www.frantiskani.cz\/index.php\/wp-json\/wp\/v2\/posts\/7495\/revisions\/7496"}],"wp:featuredmedia":[{"embeddable":true,"href":"https:\/\/www.frantiskani.cz\/index.php\/wp-json\/wp\/v2\/media\/7484"}],"wp:attachment":[{"href":"https:\/\/www.frantiskani.cz\/index.php\/wp-json\/wp\/v2\/media?parent=7495"}],"wp:term":[{"taxonomy":"category","embeddable":true,"href":"https:\/\/www.frantiskani.cz\/index.php\/wp-json\/wp\/v2\/categories?post=7495"},{"taxonomy":"post_tag","embeddable":true,"href":"https:\/\/www.frantiskani.cz\/index.php\/wp-json\/wp\/v2\/tags?post=7495"}],"curies":[{"name":"wp","href":"https:\/\/api.w.org\/{rel}","templated":true}]}}