{"id":7501,"date":"2023-09-13T09:00:12","date_gmt":"2023-09-13T07:00:12","guid":{"rendered":"https:\/\/www.frantiskani.cz\/?p=7501"},"modified":"2023-09-13T09:00:17","modified_gmt":"2023-09-13T07:00:17","slug":"novy-zivot-z-okraju","status":"publish","type":"post","link":"https:\/\/www.frantiskani.cz\/index.php\/2023\/09\/13\/novy-zivot-z-okraju\/","title":{"rendered":"Nov\u00fd \u017eivot z\u00a0okraj\u016f"},"content":{"rendered":"\n<h3 class=\"wp-block-heading\">T\u0159ic\u00e1t\u00fd sedm\u00fd t\u00fdden: Hrana vnit\u0159ku<\/h3>\n\n\n\n<p><em>Otec Richard vysv\u011btluje, jak \u0159eholn\u00ed \u0159\u00e1dy, kter\u00e9 se nach\u00e1zej\u00ed na okraji vnit\u0159ku katolick\u00e9 c\u00edrkve, pomohly c\u00edrkvi p\u0159e\u017e\u00edt:<\/em><\/p>\n\n\n\n<h4 class=\"wp-block-heading\">Chybn\u00fd krok c\u00edrkve<\/h4>\n\n\n\n<p>Zat\u00edmco se hlavn\u00ed katolick\u00e1 c\u00edrkev organizovala kolem struktur\u00e1ln\u00ed charity a almu\u017eny, ztratila hlub\u0161\u00ed smysl pro solidaritu, spravedlnost, prostotu a z\u00e1kladn\u00ed porozum\u011bn\u00ed chud\u00fdm. K\u0159es\u0165an\u00e9 ji\u017e nebyli povol\u00e1ni k tomu, aby se stali chud\u00fdmi jako Kristus, ale aby prost\u011b pom\u00e1hali chud\u00fdm lidem prost\u0159ednictv\u00edm charity. Stalo se p\u0159ijateln\u00fdm osobn\u011b zbohatnout, a to i pro duchovn\u00ed, s my\u0161lenkou p\u0159edat toto bohatstv\u00ed chud\u00fdm. Ale jakkoli je dobro\u010dinnost dobr\u00e1, do zna\u010dn\u00e9 m\u00edry se stala vyh\u00fdb\u00e1n\u00edm se z\u00e1kladn\u00edmu z\u00e1jmu o spravedlnost.&nbsp;<\/p>\n\n\n\n<h4 class=\"wp-block-heading\">Nejsme chud\u00ed, jen se o chud\u00e9 star\u00e1me<\/h4>\n\n\n\n<p>To je jist\u011b krok \u010di dva od toho, \u010d\u00edm \u017eil Je\u017e\u00ed\u0161 a k \u010demu n\u00e1s vyb\u00edzel. U\u017e nejsme t\u011bmi chud\u00fdmi, kter\u00e9 Je\u017e\u00ed\u0161 nazval blahoslaven\u00fdmi; z pozice sv\u00e9ho pohodl\u00ed se star\u00e1me o chud\u00e9 &#8222;druh\u00e9&#8220;. To je sice dobr\u00e9 a pot\u0159ebn\u00e9, ale nen\u00ed to p\u0159esn\u011b to, co u\u010dil.&nbsp;<\/p>\n\n\n\n<h4 class=\"wp-block-heading\">Na okraji c\u00edrkve vznikly \u0159eholn\u00ed \u0159\u00e1dy<\/h4>\n\n\n\n<p>I kdy\u017e katolick\u00e1 c\u00edrkev nez\u016fstala c\u00edrkv\u00ed chud\u00fdch, n\u011bkdy se st\u00e1vala c\u00edrkv\u00ed pro chud\u00e9, obvykle prost\u0159ednictv\u00edm specializovan\u00fdch skupin, kter\u00fdm se \u0159\u00edkalo \u0159eholn\u00ed \u0159\u00e1dy. P\u0159ibli\u017en\u011b dv\u011b t\u0159etiny katolick\u00fdch \u0159eholn\u00edch \u0159\u00e1d\u016f zalo\u017eili skv\u011bl\u00ed mu\u017ei a \u017eeny, kte\u0159\u00ed vid\u011bli chud\u00e9 chlapce, kte\u0159\u00ed nebyli vyu\u010dov\u00e1ni, chud\u00e9 d\u00edvky, kter\u00e9 nebyly chr\u00e1n\u011bny, chud\u00e9 sirotky, o kter\u00e9 nebylo postar\u00e1no. Pak se jedna hrdinn\u00e1 Irka vydala a za\u010dala se o n\u011b starat a brzy jsme m\u011bli Milosrdn\u00e9 sestry, byly jich tis\u00edce.&nbsp;<\/p>\n\n\n\n<h4 class=\"wp-block-heading\">Jejich prost\u0159ednictv\u00edm c\u00edrkev p\u0159e\u017eila<\/h4>\n\n\n\n<p>Jsem p\u0159esv\u011bd\u010den, \u017ee jeden z m\u00e1la d\u016fvod\u016f, pro\u010d se \u0159\u00edmsk\u00fd katolicismus udr\u017eel, je ten, \u017ee m\u00e1me tyto satelity svobody na okraji nitra \u2013 \u0159eholn\u00ed spole\u010denstv\u00ed benediktin\u016f, jezuit\u016f, dominik\u00e1n\u016f, franti\u0161k\u00e1n\u016f, Milosrdn\u00fdch sester, Milosrdn\u00fdch sester a mnoha dal\u0161\u00edch. Biskupov\u00e9 maj\u00ed sv\u00e9 znepokojiv\u00e9 ot\u00e1zky a my m\u00e1me jin\u00e9 ot\u00e1zky, stejn\u011b jako v\u011bt\u0161ina laik\u016f. Struktur\u00e1ln\u011b c\u00edrkev p\u0159e\u017eila, proto\u017ee \u0159eholn\u00ed \u0159\u00e1dy a v\u011bt\u0161ina laik\u016f se prost\u011b sna\u017eili \u017e\u00edt podle evangelia.<\/p>\n\n\n\n<p><em>Otec Richard n\u00e1m p\u0159ipom\u00edn\u00e1, \u017ee praxe kontemplace n\u00e1m umo\u017e\u0148uje z\u016fstat na okraji nitra s l\u00e1skou:&nbsp;<\/em><\/p>\n\n\n\n<h4 class=\"wp-block-heading\">Nejde v\u0161ak o opozici \u2013 na tu nen\u00ed \u010das<\/h4>\n\n\n\n<p>Ovocem rozj\u00edm\u00e1n\u00ed je, \u017ee si klademe nov\u00e9 ot\u00e1zky, nikoliv jako reakci, vzpouru nebo odpor v\u016f\u010di n\u00e1bo\u017eenstv\u00ed \u010di c\u00edrkvi. Na to nem\u00e1me \u010das. Je pl\u00fdtv\u00e1n\u00edm na\u0161eho \u017eivota zab\u00fdvat se jakoukoli opozi\u010dn\u00ed nebo negativn\u00ed energi\u00ed, proto\u017ee se brzy stane dal\u0161\u00ed formou spravedlnosti, a to by byla smrt na\u0161eho kontemplativn\u00edho \u017eivota.&nbsp;<\/p>\n\n\n\n<h4 class=\"wp-block-heading\">A proto jsme jednou nohou v&nbsp;tradici a druhou v&nbsp;praktick\u00e9 \u010dinnosti<\/h4>\n\n\n\n<p>Proto nyn\u00ed douf\u00e1me, \u017ee jednou nohou z\u016fstaneme v na\u0161\u00ed historick\u00e9 denominaci a tradici, vd\u011b\u010dn\u00ed za v\u0161echno, co n\u00e1m dala, a druhou nohou se budeme v\u011bnovat modlitebn\u00edm skupin\u00e1m, skupin\u00e1m slu\u017eby, podp\u016frn\u00fdm skupin\u00e1m a skupin\u00e1m meditace. To je pom\u011brn\u011b kreativn\u00ed, pozitivn\u00ed a nad\u011bjn\u00fd zp\u016fsob obnovy c\u00edrkve: u\u017e se nesna\u017e\u00edme m\u00edt pravdu, ale pou\u0161t\u00edme se do praktick\u00e9 pr\u00e1ce na na\u0161\u00ed vlastn\u00ed prom\u011bn\u011b a prom\u011bn\u011b na\u0161eho trp\u00edc\u00edho sv\u011bta<\/p>\n\n\n\n<h6 class=\"wp-block-heading\">Prameny:<\/h6>\n\n\n\n<p>Adapted from Richard Rohr,&nbsp;<em><a href=\"https:\/\/email.cac.org\/t\/d-l-vtitte-tlkrhyidn-y\/\">Dancing Standing Still: Healing the World from a Place of Prayer<\/a>&nbsp;<\/em>(Mahwah, NJ: Paulist Press, 2014), 63\u201364, 65.&nbsp;<\/p>\n\n\n\n<p><strong>Image credit:<\/strong>&nbsp;A path from one week to the next\u2014Izzy Spitz,&nbsp;<em>momentary peace<\/em>&nbsp;(detail), digital oil pastels. Taylor Wilson,&nbsp;<em>Transfiguration<\/em>&nbsp;(detail), cyanotype. Taylor Wilson,&nbsp;<em>Madonna and Messiah<\/em>, ink. Used with permission.&nbsp;<a href=\"https:\/\/email.cac.org\/t\/d-l-vtitte-tlkrhyidn-j\/\">Click here to enlarge image<\/a>.&nbsp;<\/p>\n\n\n\n<p><em>Transformation happens on the margins (the edge of the inside), and so, like this bird, we are freed.<\/em>&nbsp;<\/p>\n","protected":false},"excerpt":{"rendered":"<p>Ovocem rozj\u00edm\u00e1n\u00ed je, \u017ee si klademe nov\u00e9 ot\u00e1zky, nikoliv jako reakci, vzpouru nebo odpor v\u016f\u010di n\u00e1bo\u017eenstv\u00ed \u010di c\u00edrkvi. Na to nem\u00e1me \u010das. Je pl\u00fdtv\u00e1n\u00edm na\u0161eho \u017eivota zab\u00fdvat se jakoukoli opozi\u010dn\u00ed nebo negativn\u00ed energi\u00ed, proto\u017ee se brzy stane dal\u0161\u00ed formou spravedlnosti, a to by byla smrt na\u0161eho kontemplativn\u00edho \u017eivota.\u00a0<\/p>\n","protected":false},"author":1,"featured_media":7484,"comment_status":"open","ping_status":"open","sticky":false,"template":"","format":"standard","meta":{"footnotes":""},"categories":[198],"tags":[1291,1290,240],"class_list":["post-7501","post","type-post","status-publish","format-standard","has-post-thumbnail","hentry","category-richard-rohr-ofm-centrum-pro-zivot-a-rozjimani","tag-obnova-cirkve","tag-reholnici","tag-spravedlnost","latest_post"],"_links":{"self":[{"href":"https:\/\/www.frantiskani.cz\/index.php\/wp-json\/wp\/v2\/posts\/7501","targetHints":{"allow":["GET"]}}],"collection":[{"href":"https:\/\/www.frantiskani.cz\/index.php\/wp-json\/wp\/v2\/posts"}],"about":[{"href":"https:\/\/www.frantiskani.cz\/index.php\/wp-json\/wp\/v2\/types\/post"}],"author":[{"embeddable":true,"href":"https:\/\/www.frantiskani.cz\/index.php\/wp-json\/wp\/v2\/users\/1"}],"replies":[{"embeddable":true,"href":"https:\/\/www.frantiskani.cz\/index.php\/wp-json\/wp\/v2\/comments?post=7501"}],"version-history":[{"count":1,"href":"https:\/\/www.frantiskani.cz\/index.php\/wp-json\/wp\/v2\/posts\/7501\/revisions"}],"predecessor-version":[{"id":7502,"href":"https:\/\/www.frantiskani.cz\/index.php\/wp-json\/wp\/v2\/posts\/7501\/revisions\/7502"}],"wp:featuredmedia":[{"embeddable":true,"href":"https:\/\/www.frantiskani.cz\/index.php\/wp-json\/wp\/v2\/media\/7484"}],"wp:attachment":[{"href":"https:\/\/www.frantiskani.cz\/index.php\/wp-json\/wp\/v2\/media?parent=7501"}],"wp:term":[{"taxonomy":"category","embeddable":true,"href":"https:\/\/www.frantiskani.cz\/index.php\/wp-json\/wp\/v2\/categories?post=7501"},{"taxonomy":"post_tag","embeddable":true,"href":"https:\/\/www.frantiskani.cz\/index.php\/wp-json\/wp\/v2\/tags?post=7501"}],"curies":[{"name":"wp","href":"https:\/\/api.w.org\/{rel}","templated":true}]}}