{"id":7567,"date":"2023-09-26T08:21:19","date_gmt":"2023-09-26T06:21:19","guid":{"rendered":"https:\/\/www.frantiskani.cz\/?p=7567"},"modified":"2023-09-26T08:48:15","modified_gmt":"2023-09-26T06:48:15","slug":"liminalni-prostor","status":"publish","type":"post","link":"https:\/\/www.frantiskani.cz\/index.php\/2023\/09\/26\/liminalni-prostor\/","title":{"rendered":"Limin\u00e1ln\u00ed prostor"},"content":{"rendered":"\n<h3 class=\"wp-block-heading\">T\u0159ic\u00e1t\u00fd dev\u00e1t\u00fd t\u00fdden: Posv\u00e1tn\u00fd prostor<\/h3>\n\n\n\n<p><em>Otec Richard popisuje, jak n\u00e1s \u017eivot i n\u00e1bo\u017eenstv\u00ed mohou zv\u00e1t do limin\u00e1ln\u00edho, posv\u00e1tn\u00e9ho prostoru, stejn\u011b jako n\u00e1m d\u00e1vat p\u0159\u00edle\u017eitosti, abychom z n\u011bj unikli nebo ho ignorovali:<\/em><\/p>\n\n\n\n<h4 class=\"wp-block-heading\">Zacyklen\u00e9 iluze je soukrom\u00e9 v\u011bzen\u00ed<\/h4>\n\n\n\n<p>Neust\u00e1le se modl\u00edme, aby se na\u0161e iluze rozplynuly. B\u016fh je nahlod\u00e1v\u00e1 z mnoha stran a douf\u00e1, \u017ee padnou. My v\u0161ak \u010dasto z\u016fst\u00e1v\u00e1me uv\u011bzn\u011bni v tom, co naz\u00fdv\u00e1me normalitou &#8211; &#8222;tak, jak se v\u011bci maj\u00ed&#8220;. \u017divot se pak to\u010d\u00ed kolem \u0159e\u0161en\u00ed probl\u00e9m\u016f, napravov\u00e1n\u00ed, vysv\u011btlov\u00e1n\u00ed a zauj\u00edm\u00e1n\u00ed stran v\u00edt\u011bz\u016f a pora\u017een\u00fdch. M\u016f\u017ee to b\u00fdt p\u011bkn\u011b zacyklen\u00e1 a dokonce nesmysln\u00e1 existence.<\/p>\n\n\n\n<h4 class=\"wp-block-heading\">Je t\u0159eba se osvobodit &nbsp;do posv\u00e1tn\u00e9ho prostoru<\/h4>\n\n\n\n<p>Abychom se z tohoto opakuj\u00edc\u00edho se cyklu dostali, mus\u00edme se nechat vt\u00e1hnout do posv\u00e1tn\u00e9ho prostoru, do liminality. Zde se odehr\u00e1v\u00e1 ve\u0161ker\u00e1 transformace. Jen tam z\u016fst\u00e1v\u00e1 n\u00e1\u0161 star\u00fd sv\u011bt za n\u00e1mi, i kdy\u017e si je\u0161t\u011b nejsme jisti novou existenc\u00ed. To je dobr\u00fd prostor, kde m\u016f\u017ee za\u010d\u00edt skute\u010dn\u00e1 novost.<\/p>\n\n\n\n<h4 class=\"wp-block-heading\">Do oblasti s Bohem<\/h4>\n\n\n\n<p>Mus\u00edme se tam dost\u00e1vat \u010dasto a z\u016fstat tam co nejd\u00e9le, a to jak\u00fdmikoliv prost\u0159edky. Je to oblast, kde se k n\u00e1m B\u016fh m\u016f\u017ee nejl\u00e9pe dostat, proto\u017ee na\u0161e fale\u0161n\u00e9 jistoty jsou kone\u010dn\u011b z cesty. Je to posv\u00e1tn\u00fd prostor, kde se star\u00fd sv\u011bt m\u016f\u017ee rozpadnout a kde se odhaluje v\u011bt\u0161\u00ed sv\u011bt.<\/p>\n\n\n\n<h4 class=\"wp-block-heading\">A tam b\u00fdt otev\u0159en\u00fd a trp\u011bliv\u00fd<\/h4>\n\n\n\n<p>Pokud se s limin\u00e1ln\u00edm prostorem ve sv\u00e9m \u017eivot\u011b nesetk\u00e1me, za\u010dneme si idealizovat norm\u00e1lnost. Pr\u00e1h je Bo\u017e\u00ed \u010dek\u00e1rna. Zde se u\u010d\u00edme otev\u0159enosti a trp\u011blivosti, proto\u017ee o\u010dek\u00e1v\u00e1me sch\u016fzku s Bo\u017esk\u00fdm l\u00e9ka\u0159em.<\/p>\n\n\n\n<h4 class=\"wp-block-heading\">Pozor p\u0159itom na omyl n\u00e1bo\u017eenstv\u00ed, kter\u00e9 u\u010d\u00ed lidi pohodln\u011b \u017e\u00edt<\/h4>\n\n\n\n<p>V\u011b\u0159\u00edm, \u017ee jedine\u010dnou a nezbytnou funkc\u00ed n\u00e1bo\u017eenstv\u00ed je v\u00e9st n\u00e1s do limin\u00e1ln\u00edho prostoru. Nam\u00edsto toho se n\u00e1bo\u017eenstv\u00ed z velk\u00e9 \u010d\u00e1sti stalo potvrzen\u00edm statu quo a b\u011b\u017en\u00e9ho chodu v\u011bc\u00ed. N\u00e1bo\u017eenstv\u00ed by n\u00e1s m\u011blo v\u00e9st do posv\u00e1tn\u00e9ho prostoru, kde m\u016f\u017ee doj\u00edt k dekonstrukci star\u00e9ho &#8222;norm\u00e1lu&#8220;. Velk\u00e1 \u010d\u00e1st m\u00e9 kritiky n\u00e1bo\u017eenstv\u00ed vznik\u00e1, kdy\u017e vid\u00edm, \u017ee nejen potvrzuje syst\u00e9m norm\u00e1lnosti, ale tak\u00e9 u\u010d\u00ed lidi, jak v n\u011bm pohodln\u011b \u017e\u00edt. [1]<\/p>\n\n\n\n<h4 class=\"wp-block-heading\">Pot\u0159ebujeme se sna\u017eit pro\u017e\u00edvat limin\u00e1ln\u00ed prostor<\/h4>\n\n\n\n<p>Kulturn\u011b nechceme p\u0159ijmout limin\u00e1ln\u00ed prostor ani uznat svou p\u0159irozenou egocentri\u010dnost. Vlastn\u011b se vyh\u00fdb\u00e1me tomu, abychom se ho v\u016fbec sna\u017eili pro\u017e\u00edvat. Nemocn\u00e9 a um\u00edraj\u00edc\u00ed lidi zav\u00edr\u00e1me do nemocnic a domov\u016f d\u016fchodc\u016f, m\u00edsto abychom jim umo\u017enili str\u00e1vit posledn\u00ed dny doma, obklopeni bl\u00edzk\u00fdmi, kte\u0159\u00ed se budou u\u010dit a r\u016fst d\u00edky spole\u010dn\u00e9mu pobytu v limin\u00e1ln\u00edm prostoru mezi \u017eivotem a smrt\u00ed.<\/p>\n\n\n\n<h4 class=\"wp-block-heading\">Nemus\u00ed to b\u00fdt obt\u00ed\u017en\u00e9 \u2013 neb\u00e1t se<\/h4>\n\n\n\n<p>Jin\u00fdm obdob\u00edm liminality v na\u0161ich \u017eivotech se vyh\u00fdb\u00e1me pop\u00edr\u00e1n\u00edm, ut\u00edk\u00e1me p\u0159ed nimi pomoc\u00ed alkoholu, cukru a drog, abychom se vyhnuli skute\u010dn\u00e9mu pro\u017e\u00edv\u00e1n\u00ed p\u0159\u00edle\u017eitost\u00ed limin\u00e1ln\u00edho prostoru. Ironi\u00ed v\u0161ak je, \u017ee limin\u00e1ln\u00ed prostor nemus\u00ed b\u00fdt obt\u00ed\u017en\u00fd. I kdy\u017e m\u016f\u017ee b\u00fdt n\u00e1ro\u010dn\u00fd, m\u016f\u017ee b\u00fdt tak\u00e9 nesm\u00edrn\u011b obohacuj\u00edc\u00ed. Zji\u0161\u0165uji, \u017ee existuje je\u0161t\u011b jedno Centrum, a nejsem to j\u00e1!<\/p>\n\n\n\n<h4 class=\"wp-block-heading\">Sv\u011bt se znovu stane kouzeln\u00fdm vesm\u00edrem ml\u00e1d\u00ed<\/h4>\n\n\n\n<p>Limin\u00e1ln\u00ed prostor relativizuje na\u0161i perspektivu. Kdy\u017e p\u0159ijmeme liminalitu, vol\u00edme nad\u011bji m\u00edsto n\u00e1m\u011bs\u00ed\u010dnosti, pop\u00edr\u00e1n\u00ed nebo zoufalstv\u00ed. Sv\u011bt kolem n\u00e1s se op\u011bt st\u00e1v\u00e1 okouzlen\u00fdm vesm\u00edrem, n\u011b\u010d\u00edm, \u010demu jsme intuitivn\u011b rozum\u011bli, kdy\u017e jsme byli mlad\u00ed, a s p\u0159ib\u00fdvaj\u00edc\u00edm v\u011bkem jsme s t\u00edm n\u011bjak ztratili kontakt. [2]<\/p>\n\n\n\n<h6 class=\"wp-block-heading\">Prameny:<\/h6>\n\n\n\n<p>V \u010cR lze v\u00edce z\u00edskat &#8211; <a href=\"https:\/\/www.chlapi.cz\/\">https:\/\/www.chlapi.cz\/<\/a><\/p>\n\n\n\n<p>[1] Adapted from Richard Rohr,&nbsp;<a href=\"https:\/\/email.cac.org\/t\/d-l-vtuhtkd-itiuujuudy-y\/\"><em>Everything Belongs: The Gift of Contemplative Prayer<\/em><\/a>, rev. ed. (New York: Crossroad Publishing, 2003), 155\u2013156.<br><br>[2] Adapted from Richard Rohr, introduction to&nbsp;<a href=\"https:\/\/email.cac.org\/t\/d-l-vtuhtkd-itiuujuudy-j\/\"><em>Oneing<\/em><\/a>&nbsp;8, no. 1,&nbsp;<a href=\"https:\/\/email.cac.org\/t\/d-l-vtuhtkd-itiuujuudy-t\/\"><em>Liminal Space<\/em><\/a>&nbsp;(Spring 2020): 19.<\/p>\n\n\n\n<p><strong>Image credit:<\/strong>&nbsp;A path from one week to the next\u2014Taylor Wilson,&nbsp;<em>Madonna and Messiah<\/em>(detail), ink, used with permission. Alma Thomas,&nbsp;<em>The Eclipse<\/em>&nbsp;(detail), 1970, acrylic on canvas,&nbsp;<a href=\"https:\/\/email.cac.org\/t\/d-l-vtuhtkd-itiuujuudy-i\/\">Smithsonian<\/a>. Alma Thomas,&nbsp;<em>Snow Reflections on Pond<\/em>&nbsp;(detail), 1973, acrylic on canvas,&nbsp;<a href=\"https:\/\/email.cac.org\/t\/d-l-vtuhtkd-itiuujuudy-d\/\">Smithsonian<\/a>.&nbsp;<a href=\"https:\/\/email.cac.org\/t\/d-l-vtuhtkd-itiuujuudy-h\/\">Click here to enlarge image<\/a>.<br><br><em>Creation is sacred space; the multi-colored spot of paint on canvas echoes the light through a stained-glass window.<\/em><\/p>\n","protected":false},"excerpt":{"rendered":"<p>Kulturn\u011b nechceme p\u0159ijmout limin\u00e1ln\u00ed prostor ani uznat svou p\u0159irozenou egocentri\u010dnost. Vlastn\u011b se vyh\u00fdb\u00e1me tomu, abychom se ho v\u016fbec sna\u017eili pro\u017e\u00edvat. Nemocn\u00e9 a um\u00edraj\u00edc\u00ed lidi zav\u00edr\u00e1me do nemocnic a domov\u016f d\u016fchodc\u016f, m\u00edsto abychom jim umo\u017enili str\u00e1vit posledn\u00ed dny doma, obklopeni bl\u00edzk\u00fdmi, kte\u0159\u00ed se budou u\u010dit a r\u016fst d\u00edky spole\u010dn\u00e9mu pobytu v limin\u00e1ln\u00edm prostoru mezi \u017eivotem a smrt\u00ed.<\/p>\n","protected":false},"author":1,"featured_media":7556,"comment_status":"open","ping_status":"open","sticky":false,"template":"","format":"standard","meta":{"footnotes":""},"categories":[198],"tags":[1305,1306,364],"class_list":["post-7567","post","type-post","status-publish","format-standard","has-post-thumbnail","hentry","category-richard-rohr-ofm-centrum-pro-zivot-a-rozjimani","tag-egocentrismus","tag-liminalni-prostor","tag-nabozenstvi","latest_post"],"_links":{"self":[{"href":"https:\/\/www.frantiskani.cz\/index.php\/wp-json\/wp\/v2\/posts\/7567","targetHints":{"allow":["GET"]}}],"collection":[{"href":"https:\/\/www.frantiskani.cz\/index.php\/wp-json\/wp\/v2\/posts"}],"about":[{"href":"https:\/\/www.frantiskani.cz\/index.php\/wp-json\/wp\/v2\/types\/post"}],"author":[{"embeddable":true,"href":"https:\/\/www.frantiskani.cz\/index.php\/wp-json\/wp\/v2\/users\/1"}],"replies":[{"embeddable":true,"href":"https:\/\/www.frantiskani.cz\/index.php\/wp-json\/wp\/v2\/comments?post=7567"}],"version-history":[{"count":2,"href":"https:\/\/www.frantiskani.cz\/index.php\/wp-json\/wp\/v2\/posts\/7567\/revisions"}],"predecessor-version":[{"id":7570,"href":"https:\/\/www.frantiskani.cz\/index.php\/wp-json\/wp\/v2\/posts\/7567\/revisions\/7570"}],"wp:featuredmedia":[{"embeddable":true,"href":"https:\/\/www.frantiskani.cz\/index.php\/wp-json\/wp\/v2\/media\/7556"}],"wp:attachment":[{"href":"https:\/\/www.frantiskani.cz\/index.php\/wp-json\/wp\/v2\/media?parent=7567"}],"wp:term":[{"taxonomy":"category","embeddable":true,"href":"https:\/\/www.frantiskani.cz\/index.php\/wp-json\/wp\/v2\/categories?post=7567"},{"taxonomy":"post_tag","embeddable":true,"href":"https:\/\/www.frantiskani.cz\/index.php\/wp-json\/wp\/v2\/tags?post=7567"}],"curies":[{"name":"wp","href":"https:\/\/api.w.org\/{rel}","templated":true}]}}