{"id":7725,"date":"2023-11-01T07:24:27","date_gmt":"2023-11-01T06:24:27","guid":{"rendered":"https:\/\/www.frantiskani.cz\/?p=7725"},"modified":"2023-11-01T07:24:33","modified_gmt":"2023-11-01T06:24:33","slug":"nasi-prirodni-predkove","status":"publish","type":"post","link":"https:\/\/www.frantiskani.cz\/index.php\/2023\/11\/01\/nasi-prirodni-predkove\/","title":{"rendered":"Na\u0161i p\u0159\u00edrodn\u00ed p\u0159edkov\u00e9"},"content":{"rendered":"\n<h6 class=\"wp-block-heading\">\u010cty\u0159ic\u00e1t\u00fd \u010dtvrt\u00fd t\u00fdden: Milovat Boha skrze stvo\u0159en\u00ed<\/h6>\n\n\n\n<p><em>Nyn\u00ed obrac\u00edme sv\u00e9 my\u0161lenky ke Stvo\u0159iteli neboli Velk\u00e9mu Duchu a pos\u00edl\u00e1me pozdravy a pod\u011bkov\u00e1n\u00ed za v\u0161echny dary Stvo\u0159en\u00ed. V\u0161e, co pot\u0159ebujeme k dobr\u00e9mu \u017eivotu, je zde, na Matce Zemi. Za v\u0161echnu l\u00e1sku, kter\u00e1 je st\u00e1le kolem n\u00e1s, spojujeme sv\u00e9 mysli v jeden celek a pos\u00edl\u00e1me Stvo\u0159iteli sv\u00e1 nejvybran\u011bj\u0161\u00ed slova pozdravu a d\u00edk\u016f. Nyn\u00ed jsou na\u0161e mysli jedno.&nbsp;<\/em><\/p>\n\n\n\n<p>-Proslov ke Dni d\u00edk\u016fvzd\u00e1n\u00ed, Konfederace Haudenosaunee<\/p>\n\n\n\n<p><em>Potawatomi autorka Kaitlin Curtice n\u00e1s vyz\u00fdv\u00e1, abychom se zamysleli nad t\u00edm, jak se modl\u00edme v p\u0159\u00edrod\u011b, za p\u0159\u00edrodu a s p\u0159\u00edrodou:<\/em><\/p>\n\n\n\n<h4 class=\"wp-block-heading\">Dary pro modlitbu sladk\u00e1 tr\u00e1va, \u0161alv\u011bj, tab\u00e1k a cedr<\/h4>\n\n\n\n<p>Dary modlitby &#8211; sladk\u00e1 tr\u00e1va, \u0161alv\u011bj, tab\u00e1k a cedr &#8211; n\u00e1m pr\u00fd byly d\u00e1ny, abychom z\u016fstali ve spojen\u00ed se Segmekwe, Matkou Zem\u00ed, abychom se d\u011blili o jej\u00ed dobr\u00e9 dary a prosili Stvo\u0159itele, aby n\u00e1s vysly\u0161el, aby byl s n\u00e1mi p\u0159\u00edtomen. Jako Potawatomi se modl\u00edm, abych na to nezapomn\u011bla, a modl\u00edm se, abych v sob\u011b udr\u017eovala \u0161kod\u00e9, ohe\u0148, kter\u00fd se ve mn\u011b rozho\u0159\u00ed&#8230;..<\/p>\n\n\n\n<h4 class=\"wp-block-heading\">Modlitba zahrnuje cel\u00e9 m\u00e9 j\u00e1<\/h4>\n\n\n\n<p>Kdy\u017e jsem vyr\u016fstala v baptistick\u00e9 tradici, sly\u0161ela jsem jen m\u00e1lo zm\u00ednek o komunikaci s Bohem prost\u0159ednictv\u00edm zem\u011b. O ned\u011bl\u00edch jsme \u010dasto sl\u00fdchali k\u00e1z\u00e1n\u00ed o tom, \u017ee modlitba je n\u011bco, o co bychom se m\u011bli jen v\u00edce sna\u017eit, m\u00edsto abychom do n\u00ed vstupovali. Kdy\u017e jsem se za\u010dal modlit v Potawatomi, pochopil jsem o modlitb\u011b n\u011bco jin\u00e9ho &#8211; \u017ee je to celostn\u00ed akt, kter\u00fd zahrnuje cel\u00e9 m\u00e9 j\u00e1 a v\u0161echny tvory kolem m\u011b, kte\u0159\u00ed komunikuj\u00ed s Bohem.<\/p>\n\n\n\n<h4 class=\"wp-block-heading\">Modlitba dovoluje pro\u017e\u00edvat to \u017ee jsem \u010dlov\u011bkem<\/h4>\n\n\n\n<p>Pokud skute\u010dn\u011b v\u011b\u0159\u00edme, \u017ee n\u00e1s B\u016fh obklopuje, v\u011b\u0159\u00edme, \u017ee modlitba je ka\u017edodenn\u00ed zku\u0161enost byt\u00ed na\u017eivu&#8230;.. Kdy\u017e vyjdete ven a zapoj\u00edte se do sv\u011bta v tich\u00e9m naslouch\u00e1n\u00ed, modlitba se stane a z\u00edsk\u00e1 pro v\u00e1s vlastn\u00ed zp\u016fsob byt\u00ed. Mo\u017en\u00e1 je modlitba jen poezi\u00ed a my pro\u017e\u00edv\u00e1me projevy toho, co znamen\u00e1 b\u00fdt \u010dlov\u011bkem.<\/p>\n\n\n\n<h4 class=\"wp-block-heading\">Jsem p\u0159ipout\u00e1na k&nbsp;l\u00e1sce , kter\u00e1 t byla v\u017edy<\/h4>\n\n\n\n<p>&nbsp;Proto n\u00e1m Stvo\u0159itel dal dary, abychom si vzpomn\u011bli&#8230;. Kdy\u017e p\u00e1l\u00edm \u0161alv\u011bj nebo pokl\u00e1d\u00e1m tab\u00e1k, v\u00edm, \u017ee jsem p\u0159ipout\u00e1na k l\u00e1sce, kter\u00e1 z\u016fst\u00e1v\u00e1 st\u00e1l\u00e1 po cel\u00e1 stalet\u00ed a kter\u00e1 m\u011b v\u017edy vol\u00e1 zp\u011bt k vlastn\u00ed posv\u00e1tnosti. A tato posv\u00e1tnost m\u011b v\u017edy povede zp\u011bt do sv\u011bta, abych konala d\u00edlo l\u00e1sky.<\/p>\n\n\n\n<p>Curtice \u010dasto nav\u0161t\u011bvuje st\u00e1tn\u00ed park na \u00fazem\u00ed, kde \u017eili Muscogee Creek a Cherokeeov\u00e9:<\/p>\n\n\n\n<h4 class=\"wp-block-heading\">V\u0161e kolem m\u011b v p\u0159\u00edrod\u011b ke mn\u011b mluv\u00ed<\/h4>\n\n\n\n<p>Sly\u0161\u00edm stromy mluvit a ony si v\u0161echno pamatuj\u00ed. Kdy\u017e m\u011b sk\u00e1ly zvou, abych se posadila, \u017e\u00e1daj\u00ed m\u011b, abych si ud\u011blala chvilku na vzpom\u00ednky. A kdy\u017e se voda zastav\u00ed, aby odr\u00e1\u017eela modrou oblohu v Georgii, \u017e\u00e1daj\u00ed m\u011b, abych si vzpomn\u011bla, abych n\u011bco z\u00edskal zp\u011bt. A tak polo\u017e\u00edm sv\u016fj tab\u00e1k na vodn\u00ed hladinu a za\u0161ept\u00e1m: &#8222;Nejsi zapomenut\u00e1.&#8220; A tak si vzpomenu.<\/p>\n\n\n\n<h4 class=\"wp-block-heading\">Naslouch\u00e1m a vzpom\u00edn\u00e1m<\/h4>\n\n\n\n<p>Naslouch\u00e1m p\u0159edk\u016fm a stvo\u0159en\u00e9mu sv\u011btu, kter\u00fd tou\u017e\u00ed vypr\u00e1v\u011bt sv\u00e9 vlastn\u00ed p\u0159\u00edb\u011bhy. \u0160ept\u00e1m modlitbu ke Kche Mnedo, k Mamogosnanovi, Stvo\u0159iteli, kter\u00fd nikdy nezapom\u00edn\u00e1, kter\u00fd zn\u00e1 jazyk ka\u017ed\u00e9ho kmene&#8230;.. Pokud naslouch\u00e1me, zem\u011b promlouv\u00e1. Pokud naslouch\u00e1me, kon\u00e1me aktivn\u00ed pr\u00e1ci, kterou je v\u011bnov\u00e1n\u00ed pozornosti nejen na\u0161im vlastn\u00edm \u017eivot\u016fm, ale tak\u00e9 historii, kter\u00e1 znovu a znovu vypr\u00e1v\u00ed sv\u016fj vlastn\u00ed p\u0159\u00edb\u011bh.<\/p>\n\n\n\n<h6 class=\"wp-block-heading\">Prameny:<\/h6>\n\n\n\n<p>Kaitlin B. Curtice<em>, Native: Identity, Belonging, and Rediscovering God<\/em>&nbsp;(Grand Rapids, MI: Brazos Press, 2020), 70, 71\u201372, 73.<\/p>\n\n\n\n<p><strong>Image credit:&nbsp;<\/strong>A path from one week to the next\u2014Lo\u00efs Mailou Jones,&nbsp;<em>Jeune Fille Fran\u00e7ais&nbsp;<\/em>(detail), 1951, oil on canvas,&nbsp;<a href=\"https:\/\/email.cac.org\/t\/d-l-vdjkja-tlkrhyidn-y\/\">Smithsonian<\/a>;&nbsp;<em>Textile Design for Cretonne&nbsp;<\/em>(detail), 1928, watercolor on paper,&nbsp;<a href=\"https:\/\/email.cac.org\/t\/d-l-vdjkja-tlkrhyidn-j\/\">Smithsonian<\/a>;&nbsp;<em>Eglise Saint Joseph<\/em>&nbsp;(detail), 1954, oil on canvas,&nbsp;<a href=\"https:\/\/email.cac.org\/t\/d-l-vdjkja-tlkrhyidn-t\/\">Smithsonian<\/a>.&nbsp;<a href=\"https:\/\/email.cac.org\/t\/d-l-vdjkja-tlkrhyidn-i\/\">Click here to enlarge image<\/a>.<\/p>\n\n\n\n<p><em>Creation teaches us to love God in all Her death, decay, fallow times, insemination, growth, blooming and life and death and life.&nbsp;<\/em><\/p>\n","protected":false},"excerpt":{"rendered":"<p>Pokud skute\u010dn\u011b v\u011b\u0159\u00edme, \u017ee n\u00e1s B\u016fh obklopuje, v\u011b\u0159\u00edme, \u017ee modlitba je ka\u017edodenn\u00ed zku\u0161enost byt\u00ed na\u017eivu&#8230;.. Kdy\u017e vyjdete ven a zapoj\u00edte se do sv\u011bta v tich\u00e9m naslouch\u00e1n\u00ed, modlitba se stane a z\u00edsk\u00e1 pro v\u00e1s vlastn\u00ed zp\u016fsob byt\u00ed. Mo\u017en\u00e1 je modlitba jen poezi\u00ed a my pro\u017e\u00edv\u00e1me projevy toho, co znamen\u00e1 b\u00fdt \u010dlov\u011bkem.<\/p>\n","protected":false},"author":1,"featured_media":7711,"comment_status":"open","ping_status":"open","sticky":false,"template":"","format":"standard","meta":{"footnotes":""},"categories":[198],"tags":[1371,154,1370],"class_list":["post-7725","post","type-post","status-publish","format-standard","has-post-thumbnail","hentry","category-richard-rohr-ofm-centrum-pro-zivot-a-rozjimani","tag-indianska-modlitba","tag-laska","tag-modlitba-v-prirode","latest_post"],"_links":{"self":[{"href":"https:\/\/www.frantiskani.cz\/index.php\/wp-json\/wp\/v2\/posts\/7725","targetHints":{"allow":["GET"]}}],"collection":[{"href":"https:\/\/www.frantiskani.cz\/index.php\/wp-json\/wp\/v2\/posts"}],"about":[{"href":"https:\/\/www.frantiskani.cz\/index.php\/wp-json\/wp\/v2\/types\/post"}],"author":[{"embeddable":true,"href":"https:\/\/www.frantiskani.cz\/index.php\/wp-json\/wp\/v2\/users\/1"}],"replies":[{"embeddable":true,"href":"https:\/\/www.frantiskani.cz\/index.php\/wp-json\/wp\/v2\/comments?post=7725"}],"version-history":[{"count":1,"href":"https:\/\/www.frantiskani.cz\/index.php\/wp-json\/wp\/v2\/posts\/7725\/revisions"}],"predecessor-version":[{"id":7726,"href":"https:\/\/www.frantiskani.cz\/index.php\/wp-json\/wp\/v2\/posts\/7725\/revisions\/7726"}],"wp:featuredmedia":[{"embeddable":true,"href":"https:\/\/www.frantiskani.cz\/index.php\/wp-json\/wp\/v2\/media\/7711"}],"wp:attachment":[{"href":"https:\/\/www.frantiskani.cz\/index.php\/wp-json\/wp\/v2\/media?parent=7725"}],"wp:term":[{"taxonomy":"category","embeddable":true,"href":"https:\/\/www.frantiskani.cz\/index.php\/wp-json\/wp\/v2\/categories?post=7725"},{"taxonomy":"post_tag","embeddable":true,"href":"https:\/\/www.frantiskani.cz\/index.php\/wp-json\/wp\/v2\/tags?post=7725"}],"curies":[{"name":"wp","href":"https:\/\/api.w.org\/{rel}","templated":true}]}}