{"id":7731,"date":"2023-11-02T07:17:12","date_gmt":"2023-11-02T06:17:12","guid":{"rendered":"https:\/\/www.frantiskani.cz\/?p=7731"},"modified":"2023-11-02T07:17:17","modified_gmt":"2023-11-02T06:17:17","slug":"pisen-chvaly","status":"publish","type":"post","link":"https:\/\/www.frantiskani.cz\/index.php\/2023\/11\/02\/pisen-chvaly\/","title":{"rendered":"P\u00edse\u0148 chv\u00e1ly"},"content":{"rendered":"\n<h3 class=\"wp-block-heading\">\u010cty\u0159ic\u00e1t\u00fd \u010dtvrt\u00fd t\u00fdden: Milovat Boha skrze stvo\u0159en\u00ed<\/h3>\n\n\n\n<p><em>U\u010ditel CAC Brian McLaren m\u00e1 hlubokou l\u00e1sku ke sv\u011btu p\u0159\u00edrody a ke v\u0161emu, co n\u00e1m zjevuje o Bohu a na\u0161em m\u00edst\u011b na Zemi:<\/em><\/p>\n\n\n\n<h4 class=\"wp-block-heading\">B\u016fh miluje \u017eelvy<\/h4>\n\n\n\n<p>Pokud bychom cht\u011bli sv\u00e9 p\u0159edstavy o Bohu l\u00e9pe sladit se Stvo\u0159itelem, kter\u00fd m\u00e1 smysl pr\u00e1v\u011b v tomto vesm\u00edru, m\u011bli bychom se rad\u011bji postavit \u010delem k t\u00e9to st\u0159\u00edzliv\u00e9 skute\u010dnosti: B\u016fh miluje \u017eelvy.<\/p>\n\n\n\n<p>A vlastn\u011b B\u016fh miluje plazy obecn\u011b. (Nemluv\u011b o hmyzu, pokud budeme soudit podle toho, kolik druh\u016f existuje: nap\u0159\u00edklad t\u0159i sta tis\u00edc brouk\u016f, sedmn\u00e1ct tis\u00edc mot\u00fdl\u016f a p\u011bt tis\u00edc v\u00e1\u017eek z celkov\u00e9ho po\u010dtu v\u00edce ne\u017e dvou milion\u016f druh\u016f hmyzu).<\/p>\n\n\n\n<h4 class=\"wp-block-heading\">Miloval je u\u017e 245 mili\u00f3n\u016f let p\u0159ed vznikem \u010dlov\u011bka<\/h4>\n\n\n\n<p>P\u0159edstavte si to: Po dobu 245 milion\u016f let se kolem n\u00e1s nevyskytovali \u017e\u00e1dn\u00ed lid\u00e9, ale spousta a spousta plaz\u016f&#8230;..<\/p>\n\n\n\n<p>B\u016fh si zjevn\u011b ne\u0159ekl: &#8222;P\u00e1ni, tyhle v\u011bci jsou nudn\u00e9&#8230;. Chv\u00e1la mi, pro m\u00e9 dobro tyhle plazy vy\u017ee\u0148me, a\u0165 se n\u00e1m tu rychle vyvinou n\u011bjac\u00ed n\u00e1bo\u017een\u0161t\u00ed prim\u00e1ti!&#8220;.<\/p>\n\n\n\n<p>Ne. 245 milion\u016f let a 99,999 procenta z dal\u0161\u00edch 66 milion\u016f let byl B\u016fh \u0161\u0165astn\u00fd, \u017ee m\u00e1 dobr\u00fd vesm\u00edr, kter\u00fd nezahrnuje ani jednoho \u010dlov\u011bka, ani jedno n\u00e1bo\u017eenstv\u00ed, ale spoustu, spoustu a spoustu plaz\u016f&#8230;.<\/p>\n\n\n\n<h4 class=\"wp-block-heading\">Asi bychom se m\u011bli opravdu zamyslet nad na\u0161\u00ed l\u00e1skou k p\u0159\u00edrod\u011b<\/h4>\n\n\n\n<p>Aby lid\u00e9 m\u011bli smysl sami pro sebe, mysl\u00edm, \u017ee budeme muset znovu objevit svou sp\u0159\u00edzn\u011bnost s plazy &#8211; a rybami, hmyzem, pt\u00e1ky, savci a stromy palo santo (posv\u00e1tn\u00fd strom), s nimi\u017e sd\u00edl\u00edme sv\u011bt&#8230;..<\/p>\n\n\n\n<h4 class=\"wp-block-heading\">P\u0159\u00edklad modlitby sv. Franti\u0161ka z Assisi<\/h4>\n\n\n\n<p>Ve sv\u00e9m p\u0159ekr\u00e1sn\u00e9m kantiku [svat\u00fd Franti\u0161ek] popisuje, jak jsme my lid\u00e9 sp\u0159\u00edzn\u011bni se v\u0161emi sv\u00fdmi p\u0159\u00edbuzn\u00fdmi v rodokmenu stvo\u0159en\u00ed. Jeho modlitbu jsem upravil jako p\u00edse\u0148:<\/p>\n\n\n\n<p>Bu\u010f pochv\u00e1len, m\u016fj Pane, skrze bratra Slunce,<\/p>\n\n\n\n<p>kter\u00e9 p\u0159in\u00e1\u0161\u00ed sv\u011btlo dne;<\/p>\n\n\n\n<p>Je kr\u00e1sn\u00fd a z\u00e1\u0159iv\u00fd jako ty!<\/p>\n\n\n\n<p>Bu\u010f pochv\u00e1len, m\u016fj Pane, skrze sestru Lunu,<\/p>\n\n\n\n<p>skrze v\u0161echny jej\u00ed sestersk\u00e9 hv\u011bzdy.<\/p>\n\n\n\n<p>Jsou z\u00e1\u0159iv\u00e9 a n\u00e1dhern\u00e9 jako ty!<\/p>\n\n\n\n<p>Bu\u010f pochv\u00e1len, m\u016fj Pane, skrze bratra V\u00edtr.<\/p>\n\n\n\n<p>A sestry Mrak a Bou\u0159e.<\/p>\n\n\n\n<p>P\u0159in\u00e1\u0161ej\u00ed pro tebe kv\u011btiny z Matky Zem\u011b.<\/p>\n\n\n\n<p>Bu\u010f pochv\u00e1len, m\u016fj Pane, skrze bratra Pt\u00e1ka;<\/p>\n\n\n\n<p>Dal jsi mu k\u0159\u00eddla, aby mohl l\u00e9tat.<\/p>\n\n\n\n<p>Zp\u00edv\u00e1 s radost\u00ed a vzn\u00e1\u0161\u00ed se vysoko pro tebe.<\/p>\n\n\n\n<p>Skrze sestru Vodu, Pane, bu\u010f pochv\u00e1len;<\/p>\n\n\n\n<p>I ona je skromn\u00e1, u\u017eite\u010dn\u00e1.<\/p>\n\n\n\n<p>Je vz\u00e1cn\u00e1, pr\u016fzra\u010dn\u00e1 a \u010dist\u00e1, Pane, jako ty.<\/p>\n\n\n\n<p>Bu\u010f pochv\u00e1len, Pane, skrze bratra Ohe\u0148,<\/p>\n\n\n\n<p>jeho\u017e kr\u00e1sa v noci z\u00e1\u0159\u00ed.<\/p>\n\n\n\n<p>Je vesel\u00fd, mocn\u00fd a siln\u00fd, jako ty.<\/p>\n\n\n\n<p>Bu\u010f pochv\u00e1len skrze v\u0161echny, kdo odpou\u0161t\u011bj\u00ed,<\/p>\n\n\n\n<p>trp\u011bliv\u00e9, laskav\u00e9 a state\u010dn\u00e9,<\/p>\n\n\n\n<p>sn\u00e1\u0161ej\u00edc\u00ed utrpen\u00ed, zkou\u0161ky a bolest, jako ty.<\/p>\n\n\n\n<p>Bu\u010f pochv\u00e1len, m\u016fj Pane, skrze sestru Smrt,<\/p>\n\n\n\n<p>kter\u00e1 obj\u00edm\u00e1 v\u0161echen \u017eivot,<\/p>\n\n\n\n<p>a odnese n\u00e1s do n\u00e1ru\u010de tv\u00e9&#8230;..<\/p>\n\n\n\n<p><em>McLaren komentuje:<\/em><\/p>\n\n\n\n<h4 class=\"wp-block-heading\">Jsme sou\u010d\u00e1st\u00ed p\u0159\u00edrody nikoliv jej\u00ed p\u00e1ni<\/h4>\n\n\n\n<p>V t\u00e9to velkolep\u00e9 vizi nevl\u00e1dneme z v\u00fd\u0161in velk\u00e9 pyramidy nebo \u0159et\u011bzce byt\u00ed shora dol\u016f, gener\u00e1lov\u00e9 pod Kr\u00e1lem Bohem v bo\u017esk\u00e9m velitelsk\u00e9m \u0159et\u011bzci. V t\u00e9to velk\u00e9 vizi n\u00e1m na\u0161e hodnost ned\u00e1v\u00e1 \u010distou kartu k ovl\u00e1d\u00e1n\u00ed, utla\u010dov\u00e1n\u00ed, vyko\u0159is\u0165ov\u00e1n\u00ed a vyhlazov\u00e1n\u00ed v\u0161eho, co je pod n\u00e1mi. Ne, nejsme na vrcholu ni\u010deho; jsme prost\u011b na \u0161pi\u010dce, na \u0161pi\u010dce jedn\u00e9 mal\u00e9 v\u011btve velmi obrovsk\u00e9ho, zelen\u00e9ho stromu, a v\u0161echny stvo\u0159en\u00e9 v\u011bci jsou na\u0161imi prarodi\u010di, bratranci a sourozenci.<\/p>\n\n\n\n<h6 class=\"wp-block-heading\">Prameny:<\/h6>\n\n\n\n<p>Brian D. McLaren,&nbsp;<em><a href=\"https:\/\/email.cac.org\/t\/d-l-vdjkjil-itiuujuudy-y\/\">The Gal\u00e1pagos Islands: A Spiritual Journey<\/a>&nbsp;<\/em>(Minneapolis, MN: Fortress Press, 2019), 209\u2013214.<\/p>\n\n\n\n<p><strong>Image credit:&nbsp;<\/strong>A path from one week to the next\u2014Lo\u00efs Mailou Jones,&nbsp;<em>Jeune Fille Fran\u00e7ais&nbsp;<\/em>(detail), 1951, oil on canvas,&nbsp;<a href=\"https:\/\/email.cac.org\/t\/d-l-vdjkjil-itiuujuudy-j\/\">Smithsonian<\/a>;&nbsp;<em>Textile Design for Cretonne&nbsp;<\/em>(detail), 1928, watercolor on paper,&nbsp;<a href=\"https:\/\/email.cac.org\/t\/d-l-vdjkjil-itiuujuudy-t\/\">Smithsonian<\/a>;&nbsp;<em>Eglise Saint Joseph<\/em>&nbsp;(detail), 1954, oil on canvas,&nbsp;<a href=\"https:\/\/email.cac.org\/t\/d-l-vdjkjil-itiuujuudy-i\/\">Smithsonian<\/a>.&nbsp;<a href=\"https:\/\/email.cac.org\/t\/d-l-vdjkjil-itiuujuudy-d\/\">Click here to enlarge image<\/a>.<\/p>\n\n\n\n<p><em>Creation teaches us to love God in all Her death, decay, fallow times, insemination, growth, blooming and life and death and life.&nbsp;<\/em><\/p>\n","protected":false},"excerpt":{"rendered":"<p>V t\u00e9to velkolep\u00e9 vizi nevl\u00e1dneme z v\u00fd\u0161in velk\u00e9 pyramidy nebo \u0159et\u011bzce byt\u00ed shora dol\u016f, gener\u00e1lov\u00e9 pod Kr\u00e1lem Bohem v bo\u017esk\u00e9m velitelsk\u00e9m \u0159et\u011bzci. V t\u00e9to velk\u00e9 vizi n\u00e1m na\u0161e hodnost ned\u00e1v\u00e1 \u010distou kartu k ovl\u00e1d\u00e1n\u00ed, utla\u010dov\u00e1n\u00ed, vyko\u0159is\u0165ov\u00e1n\u00ed a vyhlazov\u00e1n\u00ed v\u0161eho, co je pod n\u00e1mi. Ne, nejsme na vrcholu ni\u010deho; jsme prost\u011b na \u0161pi\u010dce, na \u0161pi\u010dce jedn\u00e9 mal\u00e9 v\u011btve velmi obrovsk\u00e9ho, zelen\u00e9ho stromu, a v\u0161echny stvo\u0159en\u00e9 v\u011bci jsou na\u0161imi prarodi\u010di, bratranci a sourozenci.<\/p>\n","protected":false},"author":1,"featured_media":7711,"comment_status":"open","ping_status":"open","sticky":false,"template":"","format":"standard","meta":{"footnotes":""},"categories":[198],"tags":[1372,1373,148],"class_list":["post-7731","post","type-post","status-publish","format-standard","has-post-thumbnail","hentry","category-richard-rohr-ofm-centrum-pro-zivot-a-rozjimani","tag-buh-miluje-zelvy","tag-posvatny-strom","tag-sv-frantisek","latest_post"],"_links":{"self":[{"href":"https:\/\/www.frantiskani.cz\/index.php\/wp-json\/wp\/v2\/posts\/7731","targetHints":{"allow":["GET"]}}],"collection":[{"href":"https:\/\/www.frantiskani.cz\/index.php\/wp-json\/wp\/v2\/posts"}],"about":[{"href":"https:\/\/www.frantiskani.cz\/index.php\/wp-json\/wp\/v2\/types\/post"}],"author":[{"embeddable":true,"href":"https:\/\/www.frantiskani.cz\/index.php\/wp-json\/wp\/v2\/users\/1"}],"replies":[{"embeddable":true,"href":"https:\/\/www.frantiskani.cz\/index.php\/wp-json\/wp\/v2\/comments?post=7731"}],"version-history":[{"count":1,"href":"https:\/\/www.frantiskani.cz\/index.php\/wp-json\/wp\/v2\/posts\/7731\/revisions"}],"predecessor-version":[{"id":7732,"href":"https:\/\/www.frantiskani.cz\/index.php\/wp-json\/wp\/v2\/posts\/7731\/revisions\/7732"}],"wp:featuredmedia":[{"embeddable":true,"href":"https:\/\/www.frantiskani.cz\/index.php\/wp-json\/wp\/v2\/media\/7711"}],"wp:attachment":[{"href":"https:\/\/www.frantiskani.cz\/index.php\/wp-json\/wp\/v2\/media?parent=7731"}],"wp:term":[{"taxonomy":"category","embeddable":true,"href":"https:\/\/www.frantiskani.cz\/index.php\/wp-json\/wp\/v2\/categories?post=7731"},{"taxonomy":"post_tag","embeddable":true,"href":"https:\/\/www.frantiskani.cz\/index.php\/wp-json\/wp\/v2\/tags?post=7731"}],"curies":[{"name":"wp","href":"https:\/\/api.w.org\/{rel}","templated":true}]}}