{"id":7733,"date":"2023-11-02T10:29:32","date_gmt":"2023-11-02T09:29:32","guid":{"rendered":"https:\/\/www.frantiskani.cz\/index.php\/2023\/11\/02\/novena-za-frantiskanskou-rodinu\/"},"modified":"2023-11-02T10:29:32","modified_gmt":"2023-11-02T09:29:32","slug":"novena-za-frantiskanskou-rodinu","status":"publish","type":"post","link":"https:\/\/www.frantiskani.cz\/index.php\/2023\/11\/02\/novena-za-frantiskanskou-rodinu\/","title":{"rendered":"Nov\u00e9na za\u00a0Franti\u0161k\u00e1nskou rodinu"},"content":{"rendered":"<p>(z p\u0159\u00edsp\u011bvk\u016f brat\u0159\u00ed a sester SF\u0158 Plze\u0148 vypracovala Jana Ane\u017eka Pachnerov\u00e1 \u0159\u00edjen 2023)<\/p>\n<div class=\"wp-block-group is-layout-constrained wp-block-group-is-layout-constrained\">\n<p class=\"has-vivid-cyan-blue-color has-text-color has-small-font-size\">Mil\u00ed brat\u0159i a sestry,<\/p>\n<p class=\"has-vivid-cyan-blue-color has-text-color has-small-font-size\">v\u00a0t\u00e9to nov\u00e9n\u011b jsou modlitby k\u00a0na\u0161im patron\u016fm a patronk\u00e1m na\u0161eho sekul\u00e1rn\u00edho franti\u0161k\u00e1nsk\u00e9ho \u0159\u00e1du i cel\u00e9 Franti\u0161k\u00e1nsk\u00e9 rodiny. Jednotliv\u00e9 dny nov\u00e9ny vypracovali na\u0161i brat\u0159i a sestry z\u00a0na\u0161eho MBS Plze\u0148, 1.\u00a0den \u2013 Vladim\u00edr Franti\u0161ek Tykvart, 2. den \u2013 Anna Zdislava Karp\u00ed\u0161kov\u00e1, 3. den \u2013 Tom\u00e1\u0161 Pio \u010cih\u00e1k, 4.\u00a0den \u2013 Dagmar Ludv\u00edka Sp\u00edralov\u00e1, 5. den \u2013 Jana Ane\u017eka Pachnerov\u00e1, 6. den \u2013 Jaroslav Anton\u00edn \u0160ediv\u00fd, 7. den \u2013 Ludmila Franti\u0161ka Ku\u010derov\u00e1, 8.\u00a0den \u2013 Lubo\u0161 Anton\u00edn Josef Kolafa, 9. den \u2013 Karel Martin Bonaventura Duda.<\/p>\n<\/div>\n<h4 class=\"wp-block-heading\">Jak se nov\u00e9nu modlit:<\/h4>\n<div class=\"wp-block-media-text is-stacked-on-mobile\">\n<div class=\"wp-block-media-text__content\">\n<p><strong>1.Modlitba svat\u00e9ho Franti\u0161ka p\u0159ed k\u0159\u00ed\u017eem:<\/strong><\/p>\n<p>\u00a0Nejvy\u0161\u0161\u00ed, slavn\u00fd Bo\u017ee,<\/p>\n<p>osv\u011b\u0165 temnotu m\u00e9ho srdce a dej mi pravou v\u00edru,<\/p>\n<p>pevnou nad\u011bji, dokonalou l\u00e1sku,<\/p>\n<p>hlubokou pokoru, rozum a pozn\u00e1n\u00ed,<\/p>\n<p>abych zachoval tv\u00e1 p\u0159ik\u00e1z\u00e1n\u00ed. Amen.<\/p>\n<p><strong>2.Modlitba Ot\u010de n\u00e1\u0161<\/strong><\/p>\n<p><strong>3.Modlitba Zdr\u00e1vas Maria<\/strong><\/p>\n<p><strong>4.Des\u00e1tek r\u016f\u017eence<\/strong><\/p>\n<p><strong>5.Modlitba k\u00a0jednotliv\u00e9mu dni nov\u00e9ny<\/strong><\/p>\n<p><strong>6.Sl\u00e1va Otci, i Synu i Duchu svat\u00e9mu\u2026<br \/><\/strong><\/p>\n<\/div>\n<\/div>\n<p><strong><br \/><\/strong><\/p>\n<p class=\"has-medium-font-size\"><strong>\u00a01.\u00a0 den nov\u00e9ny \u2013 svat\u00fd Franti\u0161ek z Assisi ( 1<\/strong><strong>182 \u2013 1246 )<\/strong><\/p>\n<p>Svat\u00fd Franti\u0161ku, ty jsi \u0161el ve stop\u00e1ch P\u00e1na Je\u017e\u00ed\u0161e Krista a povzbuzoval jsi mnoh\u00e9, aby slou\u017eili Bohu v\u00a0\u0159eholn\u00ed rodin\u011b a aby lai\u010dt\u00ed brat\u0159i a sestry zachov\u00e1vali tv\u00e9 z\u00e1sady, nakolik je to v\u00a0\u017eivot\u011b ve sv\u011bt\u011b mo\u017en\u00e9.<\/p>\n<p>Nikdy ne\u017eil jin\u00fd \u010dlov\u011bk, na kter\u00e9m by tak \u017eiv\u011b a v\u011brn\u011b zaz\u00e1\u0159ila podobnost s\u00a0Je\u017e\u00ed\u0161em Kristem a evangeln\u00ed zp\u016fsob \u017eivota, jako tomu bylo u tebe, svat\u00fd Franti\u0161ku. Jsi pr\u00e1vem naz\u00fdv\u00e1n druh\u00fdm Kristem, proto\u017ee se lidem v\u00a0minulosti, dnes i v\u00a0budoucnosti bude\u0161 jevit jako Kristus, kter\u00fd znovu o\u017eil.<\/p>\n<p>Svat\u00fd Franti\u0161ku, d\u011bkujeme ti za bohatou \u017ee\u0148 tv\u00fdch n\u00e1sledovn\u00edk\u016f a pros\u00edme t\u011b o p\u0159\u00edmluvu u na\u0161eho Boha, abychom byli jedna velk\u00e1 rodina, kter\u00e1 pro\u017e\u00edv\u00e1 zp\u016fsob \u017eivota vdechnut\u00fd ti Duchem svat\u00fdm a kter\u00fd se sna\u017e\u00edme \u017e\u00edt tak\u00e9 my podle \u0159ehol\u00ed v\u0161ech v\u011btv\u00ed franti\u0161k\u00e1nsk\u00e9ho \u0159\u00e1du.<\/p>\n<p>Posiluj n\u00e1s v\u00a0na\u0161em sna\u017een\u00ed a vypro\u0161uj n\u00e1m u Boha s\u00edlu a schopnosti k\u00a0\u017eivotu podle evangelia:<\/p>\n<p>abychom se nau\u010dili \u017e\u00edt v\u00a0Kristu a n\u00e1sledovali ho i na k\u0159\u00ed\u017e,<\/p>\n<p>abychom vn\u00edmali vnuknut\u00ed Ducha svat\u00e9ho,<\/p>\n<p>abychom \u017eili jako synov\u00e9 Otce,<\/p>\n<p>abychom vedli opravdov\u00fd kaj\u00edcn\u00fd \u017eivot,<\/p>\n<p>abychom \u017eili s\u00a0c\u00edrkv\u00ed a pro\u017e\u00edvali opravdov\u011b sv\u00e1tosti,<\/p>\n<p>abychom \u017eili v\u00a0chudob\u011b, \u010distot\u011b a poslu\u0161nosti,<\/p>\n<p>abychom \u017eili s\u00a0Pannou Mari\u00ed,<\/p>\n<p>abychom byli sv\u011btlem v\u00a0c\u00edrkvi a ve sv\u011bt\u011b,<\/p>\n<p>abychom \u017eili spravedliv\u011b a jako brat\u0159i a sestry<\/p>\n<p>abychom chr\u00e1nili na\u0161e rodiny<\/p>\n<p>abychom byli poslov\u00e9 radosti a nad\u011bje.<\/p>\n<p class=\"has-medium-font-size\"><strong>2. den nov\u00e9ny \u2013 sv. Zdislava z\u00a0Lemberka ( 1220 \u2013 1252)<\/strong><\/p>\n<p>Byla to \u010desk\u00e1 \u0161lechti\u010dna, zakladatelka kl\u00e1\u0161ter\u016f a \u0161pit\u00e1l\u016f. V\u00a0roce 1907 byla prohl\u00e1\u0161ena za blahoslavenou a roku 1995 pape\u017eem sv. Janem Pavlem II. za svatou. Od roku 2000 je patronkou litom\u011b\u0159ick\u00e9 diec\u00e9ze.<\/p>\n<p>Jej\u00ed man\u017eel Havel z\u00a0Lemberka, za kter\u00e9ho se provdala okolo roku 1238, byl bl\u00edzk\u00fd d\u016fv\u011brn\u00edk kr\u00e1le V\u00e1clava I. Byla matkou 4 d\u011bt\u00ed, pr\u00fd r\u00e1znou a energickou \u017eenou.<\/p>\n<p>Modlitba: Bo\u017ee, tys nau\u010dil svatou Zdislavu kr\u00e1\u010det cestou dokonalosti<\/p>\n<p>\u00a0pln\u011bn\u00edm \u00fakol\u016f man\u017eelsk\u00e9ho \u017eivota a kon\u00e1n\u00edm skutk\u016f l\u00e1sky bli\u017en\u00edm.<\/p>\n<p>Pomoz n\u00e1m, aby jej\u00ed p\u0159\u00edmluvou se k\u0159es\u0165ansk\u00e9 rodiny st\u00e1le obnovovaly a rozkv\u00e9taly<\/p>\n<p>a aby d\u011bti nal\u00e9zaly l\u00e1sku a pochopen\u00ed.<\/p>\n<p>Zdislavo, zast\u00e1nkyn\u011b utla\u010dovan\u00fdch a poni\u017eovan\u00fdch, budovatelko chr\u00e1m\u016f a \u00fatulk\u016f pro nemocn\u00e9,<\/p>\n<p>Zdislavo, moudr\u00e1 vychovatelko sv\u00fdch d\u011bt\u00ed,<\/p>\n<p>\u0161t\u011bdr\u00e1 pomocnice chud\u00fdch a pot\u0159ebn\u00fdch,<\/p>\n<p>ob\u011btav\u00e1 o\u0161et\u0159ovatelko nemocn\u00fdch,<\/p>\n<p>\u0161i\u0159itelko prav\u00e9ho pokoje a Kristova m\u00edru,<\/p>\n<p>oroduj za n\u00e1s.<\/p>\n<p class=\"has-medium-font-size\"><strong>3. den nov\u00e9ny \u2013\u00a0 P. Pio z Pietrelciny (1887 \u2013 1968)<\/strong><\/p>\n<p class=\"has-small-font-size\">P\u00e1ter Pio se narodil 25. 5. 1887 v obci Pietrelcina u Beneventa v ji\u017en\u00ed It\u00e1lii, do rodiny chud\u00e9ho roln\u00edka Grazia Forgione a Marie Josefy de Nunzio. P\u0159i k\u0159tu dostal jm\u00e9no Franti\u0161ek. Od d\u011btstv\u00ed vynikal tichost\u00ed, poslu\u0161nost\u00ed a zbo\u017enost\u00ed.<\/p>\n<p>V 15 letech o sv\u00e1tku Zjeven\u00ed P\u00e1n\u011b r. 1903 vstoupil do novici\u00e1tu franti\u0161k\u00e1nsk\u00e9ho \u0159\u00e1du kapuc\u00edn\u016f v Morcon\u011b, le\u017e\u00edc\u00edm mezi Beneventem a Campobassem. Za 16 dn\u016f p\u0159ijal s kapuc\u00ednsk\u00fdm h\u00e1bitem nov\u00e9 jm\u00e9no Pio. Po roce slo\u017eil sliby do\u010dasn\u00e9 a 27. 1. 1907 v\u011b\u010dn\u00e9. Po nich za\u010dal studium teologie a v prosinci 1908 obdr\u017eel v Beneventu subj\u00e1hensk\u00e9 sv\u011bcen\u00ed. Kn\u011b\u017esk\u00e9 sv\u011bcen\u00ed zde p\u0159ijal 10. 8. 1910 od arcibiskupa Pavla Schinosiho.<\/p>\n<p>Od prvn\u00edch let \u017eivota v kl\u00e1\u0161te\u0159e Piovo jeho zdrav\u00ed vykazovalo jist\u00e9 nedostatky a v\u00fdkyvy.<\/p>\n<p>V roce 1917 vykon\u00e1val asi t\u0159i m\u011bs\u00edce vojenskou slu\u017ebu a po opakovan\u00e9m onemocn\u011bn\u00ed plic na za\u010d\u00e1tku roku 1918 byl posl\u00e1n zp\u011bt do San Giovanni Rotondo, kde setrval do konce \u017eivota.<\/p>\n<p>Viditeln\u00e1 stigmata P. Pio obdr\u017eel 20. z\u00e1\u0159\u00ed 1918.<\/p>\n<p>K jeho mimo\u0159\u00e1dn\u00fdm charismat\u016fm pat\u0159ilo nahl\u00ed\u017een\u00ed do srdce t\u011bch, kte\u0159\u00ed p\u0159istupovali ke zpov\u011bdi. Nahl\u00ed\u017eel do minulosti i do budoucnosti. P\u0159edpov\u011bd\u011bl mnoho ud\u00e1lost\u00ed, kter\u00e9 se splnily. Mezi nimi i kn\u011bzi Karlu Wojtylovi, \u017ee se stane pape\u017eem a bude na n\u011bj sp\u00e1ch\u00e1n atent\u00e1t. K dal\u0161\u00edm dar\u016fm pat\u0159ila i schopnost bilokace \u2013 ve stejn\u00e9 dob\u011b b\u00fdval p\u0159\u00edtomen<\/p>\n<p>i viditeln\u011b na dvou m\u00edstech. Vyza\u0159oval libou v\u016fni.<\/p>\n<p>Zn\u00e1m\u00fdm velk\u00fdm d\u00edlem otce Pia je \u201eD\u016fm \u00falevy v utrpen\u00ed\u201c (Casa Sollievo della Sofferenza).\u00a0Nesouhlasil s n\u00e1zvem nemocnice, proto\u017ee to jsou m\u00edsta utrpen\u00ed, ale jak \u0159\u00edkal, postaven m\u00e1 b\u00fdt d\u016fm \u00falevy pro trp\u00edc\u00ed.<\/p>\n<p>Do\u017eil se 81 let a v den jeho smrti zmizela z jeho t\u011bla i stigmata.<\/p>\n<p>Na poh\u0159eb p\u0159i\u0161lo sto tis\u00edc lid\u00ed. Projedn\u00e1v\u00e1n\u00ed kauzy jeho blaho\u0159e\u010den\u00ed za\u010dalo 4. 11. 1969. Pape\u017eem Janem Pavlem II. byl blaho\u0159e\u010den 2. 5. 1999 a kanonizov\u00e1n 16. 6. 2002.<\/p>\n<p>\u201eNeztr\u00e1cejte d\u016fv\u011bru v\u00a0Bo\u017e\u00ed proz\u0159etelnost, d\u016fv\u011b\u0159ujte Bohu, jemu se odevzdejte, jemu p\u0159enechejte p\u00e9\u010di o v\u00e1s a bu\u010fte klidn\u00ed, proto\u017ee nez\u016fstanete ve zmatku.\u201c<\/p>\n<p>Svat\u00fd Pio,<br \/>\u017eiv\u00fd obraze uk\u0159i\u017eovan\u00e9ho Krista,<br \/>obdivujeme a veleb\u00edme dobrotu Boha,<br \/>kter\u00fd \u010din\u00ed divy a kter\u00fd t\u011b daroval lidstvu ve stolet\u00ed neklidu a smrti<br \/>jako z\u00e1\u0159iv\u00fd p\u0159\u00edklad svatosti a jako mocn\u00e9ho p\u0159\u00edmluvce.<br \/>Ty, kter\u00fd jsi ve sl\u00e1v\u011b r\u00e1je skon\u010dil o v\u011b\u010dn\u00fdch Velikonoc\u00edch svoji cestu<br \/>pln\u00e9ho p\u0159ipodobn\u011bn\u00ed se uk\u0159i\u017eovan\u00e9mu Kristu,<br \/>nau\u010d i n\u00e1s t\u00e9to cest\u011b,<br \/>aby n\u00e1s zkou\u0161ky, kter\u00e9 na n\u00e1s dol\u00e9haj\u00ed, nesrazily k\u00a0zemi,<br \/>aby na\u0161e v\u00edra nekol\u00edsala<br \/>a na\u0161e nad\u011bje aby neochabovala.<br \/>Kr\u00e1\u010dej s\u00a0n\u00e1mi d\u00e1l,<br \/>p\u0159itahuj n\u00e1s v\u016fn\u00ed sv\u00fdch ctnost\u00ed.<br \/>Sv\u011b\u0159ujeme ti sv\u00e9 rodiny,<br \/>dej jim v jejich pot\u0159eb\u00e1ch a tr\u00e1pen\u00edch zakusit svou mocnou p\u0159\u00edmluvu,<br \/>abychom v\u0161ichni mohli jednoho dne sd\u00edlet s\u00a0tebou,<br \/>po boku vzk\u0159\u00ed\u0161en\u00e9ho Krista a oslaven\u00e9 Panny,<br \/>nekone\u010dnou sl\u00e1vu Nejsv\u011bt\u011bj\u0161\u00ed Trojice.Amen.<\/p>\n<p class=\"has-medium-font-size\"><strong>4.den nov\u00e9ny \u2013\u00a0 sv. kr\u00e1l Ludv\u00edk IX. (1214 \u2013 1270)<\/strong><\/p>\n<p>Francouzsk\u00fd kr\u00e1l Ludv\u00edk IX. m\u00e1 titul svat\u00fd.Poch\u00e1zel z dynastie Kapetovc\u016f. Z\u00fa\u010dastnil se dvou k\u0159\u00ed\u017eov\u00fdch v\u00fdprav, z nich\u017e ani jedna nebyla \u00fasp\u011b\u0161n\u00e1. Dohled na obranu v\u00edry sv\u011b\u0159il nov\u00fdm \u017eebrav\u00fdm \u0159\u00e1d\u016fm, dominik\u00e1n\u016fm a franti\u0161k\u00e1n\u016fm. Zalo\u017eil slavnou pa\u0159\u00ed\u017eskou univerzitu Sorbonna.M\u011bl 11 d\u011bt\u00ed a \u017eil p\u0159\u00edkladn\u00fdm man\u017eelsk\u00fdm \u017eivotem. Provedl \u0159adu reforem francouzsk\u00e9ho kr\u00e1lovstv\u00ed a roku 1298 byl pro sv\u016fj p\u0159\u00edkladn\u00fd \u017eivot pln\u00fd od\u0159\u00edk\u00e1n\u00ed svato\u0159e\u010den pape\u017eem Bonif\u00e1cem VIII. Je patronem SF\u0158 svat\u00e9ho Franti\u0161ka z Assisi.<\/p>\n<p>Svat\u00fd kr\u00e1li sv. Ludv\u00edku, ctihodn\u00fd synu na\u0161eho Otce svat\u00e9ho Franti\u0161ka a patrone T\u0159et\u00edho \u0159\u00e1du, oroduj za n\u00e1s u na\u0161eho nebesk\u00e9ho Otce.<\/p>\n<p>Vypros n\u00e1m milost kr\u00e1\u010det ve tv\u00fdch stop\u00e1ch, b\u00fdt v\u017edy sv\u011bdomit\u00fdm d\u00edt\u011btem svat\u00e9ho Franti\u0161ka a po v\u0161echny dny na\u0161eho \u017eivota p\u0159esn\u011b zachov\u00e1vat onu svatou \u0159eholi, kterou jsi tak horliv\u011b miloval a tak v\u011brn\u011b zachov\u00e1val.<\/p>\n<p>Bu\u010f na\u0161\u00edm pr\u016fvodcem a ochr\u00e1ncem, abychom nikdy nese\u0161li z cesty ctnosti, ale denn\u011b rostli ve svatosti a dokonalosti, a nakonec si zaslou\u017eili b\u00fdt zahrnuti mezi vyvolen\u00e9 na\u0161eho Serafinsk\u00e9ho Otce v nebi. Amen.<\/p>\n<p>Bo\u017ee, kter\u00fd jsi vyv\u00fd\u0161il blahoslaven\u00e9ho Ludv\u00edka, sv\u00e9ho Vyznava\u010de, z pozemsk\u00e9 \u0159\u00ed\u0161e ke sl\u00e1v\u011b sv\u00e9ho nebesk\u00e9ho kr\u00e1lovstv\u00ed: dej, pros\u00edme, abychom se d\u00edky jeho z\u00e1sluh\u00e1m a p\u0159\u00edmluv\u011b stali d\u011bdici Kr\u00e1le kr\u00e1l\u016f, tv\u00e9ho Syna, na\u0161eho P\u00e1na Je\u017e\u00ed\u0161e Krista, kter\u00fd \u017eije a kraluje na v\u011bky v\u011bk\u016f. Amen<\/p>\n<p class=\"has-medium-font-size\"><strong>5. den nov\u00e9ny \u2013 svat\u00e1 Ane\u017eka \u010cesk\u00e1 ( 1211 \u2013 1282 )<\/strong><\/p>\n<p class=\"has-small-font-size\">Dcera \u010desk\u00e9ho kr\u00e1le P\u0159emysla Otakara I. a kr\u00e1lovny Konstancie. Vzorem j\u00ed byli svat\u00fd Franti\u0161ek z\u00a0Assisi a svat\u00e1 Kl\u00e1ra. Zalo\u017eila v\u00a0Praze \u0161pit\u00e1l a bratrstvo K\u0159\u00ed\u017eovn\u00edk\u016f, kter\u00e9 pov\u011b\u0159ila jeho \u0159\u00edzen\u00edm. Sou\u010dasn\u011b zalo\u017eila i kl\u00e1\u0161ter Na Franti\u0161ku pro tzv. Chud\u00e9 sestry, do n\u011bho\u017e pak sama vstoupila. Po slo\u017een\u00ed slib\u016f roku 1234 byla zvolena abaty\u0161\u00ed. Vykon\u00e1vala tento \u00fa\u0159ad pokorn\u011b, laskav\u011b a moud\u0159e. Cel\u00fd jej\u00ed \u017eivot byl velk\u00fdm sv\u011bdectv\u00edm nerozborn\u00e9 l\u00e1sky ke Kristu, nebesk\u00e9mu \u017denichu, a jako dokonal\u00e9 pln\u011bn\u00ed evangeln\u00ed chudoby a v\u016fle Bo\u017e\u00ed. Stala se spolupracovnic\u00ed \u0159\u00edmsk\u00fdch pape\u017e\u016f pro dobro c\u00edrkve. Milovala i svou vlast, o jej\u00ed\u017e blaho se zaslou\u017eila upev\u0148ov\u00e1n\u00edm m\u00edru a velkou dobro\u010dinnost\u00ed na poli soci\u00e1ln\u00edm. 12. listopadu 1989 ji pape\u017e svat\u00fd Jan Pavel II. prohl\u00e1sil za svatou.<\/p>\n<p>Po stalet\u00ed tradovala p\u0159edpov\u011b\u010f, \u017ee\u00a0 \u201c A\u017e bude Ane\u017eka \u010cesk\u00e1 svato\u0159e\u010dena, zavl\u00e1dne v \u010desk\u00fdch zem\u00edch svoboda\u201d. P\u011bt dn\u00ed po jej\u00edm svato\u0159e\u010den\u00ed zapo\u010dala Sametov\u00e1 revoluce.<\/p>\n<p>Modlitba ke svat\u00e9 Ane\u017ece \u010desk\u00e9:<\/p>\n<p>Velik\u00e1 dcero \u010desk\u00e9ho n\u00e1roda, zahrnuje\u0161 n\u00e1\u0161 n\u00e1rod nesm\u00edrn\u00fdmi dary a milostmi,<\/p>\n<p>kter\u00e9 n\u00e1m vypro\u0161uje\u0161 p\u0159ed tr\u016fnem na\u0161eho P\u00e1na a Boha, Je\u017e\u00ed\u0161e Krista.<\/p>\n<p>Cel\u00fdm sv\u00fdm srdcem ti za n\u011b d\u011bkujeme a pokorn\u011b t\u011b pros\u00edme,<\/p>\n<p>vypros na\u0161emu n\u00e1rodu svornost, jednotu, n\u00e1vrat k\u00a0Bohu, dary Ducha svat\u00e9ho<\/p>\n<p>a v\u00edt\u011bzstv\u00ed dobra nad zlem!<\/p>\n<p>A\u0165 svobodn\u011b a cel\u00fdm srdcem m\u016f\u017eeme slou\u017eit na\u0161emu P\u00e1nu a Bohu. Amen.<\/p>\n<p><strong>6. den nov\u00e9ny \u2013\u00a0 sv. Anton\u00edn Padu\u00e1nsk\u00fd (1195 \u2013 1231)<\/strong><\/p>\n<p>Byl to portugalsk\u00fd franti\u0161k\u00e1nsk\u00fd mnich, teolog a kazatel. Jeden z nejproslulej\u0161\u00edch svat\u00fdch, kter\u00fd je uct\u00edv\u00e1n po cel\u00e9m sv\u011bt\u011b. Je obl\u00edben tak\u00e9 u um\u011blc\u016f. Katolick\u00e1 c\u00edrkev jej prohl\u00e1sila roku 1232 za sv\u011btce a roku 1946 za u\u010ditele c\u00edrkve.<\/p>\n<p>30. kv\u011btna 1232 byl kanonizov\u00e1n pape\u017eem \u0158eho\u0159em IX.<\/p>\n<p>Modlitba:<\/p>\n<p>Svat\u00fd Anton\u00edne, ty jsi p\u0159i sv\u00e9m prvn\u00edm k\u00e1z\u00e1n\u00ed v\u00a0It\u00e1lii u p\u0159\u00edle\u017eitosti sv\u011bcen\u00ed franti\u0161k\u00e1nsk\u00fdch kn\u011b\u017e\u00ed ve Forli v\u00a0kv\u011btnu 1222 \u0159ekl: \u201eKazatel\u00e9 jsou jako nebesa, proto\u017ee zvlh\u010duj\u00ed vyprahlou p\u016fdu du\u0161\u00ed de\u0161t\u011bm sv\u00fdch slov, osv\u011bcuj\u00ed zemi bleskem sv\u00e9ho p\u0159\u00edkladu, jejich hlas h\u0159m\u00ed hrozbami v\u011b\u010dn\u00fdch trest\u016f. P\u00e1n tato nebesa rozprost\u00edr\u00e1, aby v\u0161ude, kam p\u0159ijdou, p\u0159in\u00e1\u0161eli sv\u011btlo a uk\u00e1zali tak na h\u0159\u00ed\u0161n\u00edky \u017eij\u00edc\u00ed ve tm\u011b.\u201c<\/p>\n<p>Dej, Bo\u017ee, aby tak\u00e9 na\u0161i franti\u0161k\u00e1n\u0161t\u00ed brat\u0159i z\u00a01. \u0159\u00e1du byli pro n\u00e1s de\u0161t\u011bm, bleskem i hromem, abychom vytrvali na cest\u011b Je\u017e\u00ed\u0161e Krista, nebo\u0165 jen ona vede ke sv\u011btlu. Ve\u010f je, Pane, sv\u00fdm Slovem i Duchem svat\u00fdm, nebo\u0165 Ty \u017eije\u0161 a kraluje\u0161 na v\u011bky v\u011bk\u016f. Amen.<\/p>\n<p class=\"has-medium-font-size\"><strong>7. den nov\u00e9ny \u2013 sv. Marie Franti\u0161ka od p\u011bti ran ( 1715 \u2013 1791 )<\/strong><\/p>\n<p>Blaho\u0159e\u010dena: 12. listopadu 1843, \u0158\u00edm, Pape\u017e \u0158eho\u0159 XVI.<\/p>\n<p>Svato\u0159e\u010dena: 29. \u010dervna 1867, \u0158\u00edm, Pape\u017e Pius IX.<\/p>\n<p>Sv\u00e1tek: 6. \u0159\u00edjna<\/p>\n<p>Vlastn\u00edm jm\u00e9nem Anna Maria Gallo, dcera Francesca Galla a Barbary Basinsinov\u00e9.<\/p>\n<p>Kdy\u017e bylo Ann\u011b Marii \u0161estn\u00e1ct, jej\u00ed otec se ji pokusil p\u0159inutit k man\u017eelstv\u00ed s bohat\u00fdm mu\u017eem, kter\u00fd ji \u017e\u00e1dal o ruku. Odm\u00edtla a po\u017e\u00e1dala o \u010dlenstv\u00ed ve franti\u0161k\u00e1nsk\u00e9m t\u0159et\u00edm \u0159\u00e1du, d\u00edky n\u011bmu\u017e mohla \u017e\u00edt n\u00e1bo\u017eensk\u00fd \u017eivot v rodinn\u00e9m dom\u011b. Do \u0159\u00e1du byla p\u0159ijata 8. z\u00e1\u0159\u00ed 1731. Za\u010dala b\u00fdt mezi sv\u00fdmi sousedy zn\u00e1m\u00e1 svou charitativn\u00ed \u010dinnost\u00ed, kter\u00e1 pom\u00e1hala chud\u00fdm v Neapoli. Byla osobou hlubok\u00e9 modlitby, \u010dasto tr\u00e1vila dlouh\u00e9 hodiny meditac\u00ed.<\/p>\n<p>V roce 1753 se p\u0159ipojila k dal\u0161\u00ed franti\u0161k\u00e1nsk\u00e9 terci\u00e1\u0159ce, zn\u00e1m\u00e9 pouze jako Maria Felice, a p\u0159est\u011bhovaly se do domu, kter\u00fd vlastnil kn\u011bz Giovanni Pessiri, kter\u00fd se stal jejich duchovn\u00edm v\u016fdcem. Ob\u011b \u017eeny spaly na podlaze.Trp\u011bla mnoha fyzick\u00fdmi utrpen\u00edmi a duchovn\u00edmi zkou\u0161kami. Obdr\u017eela stigmata, m\u011bla vize archand\u011bla Rafaela, kter\u00fd ji uzdravil z\u00a0n\u011bkolika utrpen\u00ed. \u00a0P\u0159i pr\u00e1ci nosila rukavice, aby si zakryla stopy stigmat na rukou.<\/p>\n<p>Marie Franti\u0161ka byla poh\u0159bena ve franti\u0161k\u00e1nsk\u00e9m kostele Santa Lucia al Monte v\u00a0Neapoli, kter\u00fd b\u011bhem sv\u00e9ho \u017eivota nav\u0161t\u011bvovala.\u00a0<\/p>\n<p>Pape\u017e Pius IX. ji p\u0159i svato\u0159e\u010den\u00ed prohl\u00e1sil za patronku nast\u00e1vaj\u00edc\u00edch matek a \u017een, kter\u00e9 maj\u00ed pot\u00ed\u017ee s\u00a0po\u010det\u00edm.\u00a0Je tak\u00e9 patronkou fundace Gallo World Family, kter\u00e1 byla zalo\u017eena za \u00fa\u010delem podpory rozvoje \u017eidovsko-k\u0159es\u0165ansk\u00fdch hodnot \u010dleny rodiny Gallo, roztrou\u0161en\u00fdch po cel\u00e9m sv\u011bt\u011b.<\/p>\n<p>Dne 6. \u0159\u00edjna 2001 byly jej\u00ed ostatky p\u0159eneseny z kostela Santa Lucia do domu, kde str\u00e1vila posledn\u00ed polovinu sv\u00e9ho \u017eivota. Nyn\u00ed je\u00a0to <a href=\"https:\/\/it.wikipedia.org\/wiki\/Chiesa_di_Santa_Maria_Francesca_delle_Cinque_Piaghe\">Svatyn\u011b Panny Marie Franti\u0161ky od p\u011bti ran<\/a>. Je st\u00e1le b\u011b\u017enou prax\u00ed, \u017ee tam nast\u00e1vaj\u00edc\u00ed matky chod\u00ed, aby byly po\u017eehn\u00e1ny\u00a0<a href=\"https:\/\/wikijii.com\/wiki\/Relic\">relikvi\u00ed<\/a>. Mnoho matek j\u00ed p\u0159ipisuje z\u00e1sluhy za \u00fasp\u011b\u0161n\u00e9 porody.<\/p>\n<p>Modleme se:<\/p>\n<p>Pane Je\u017e\u00ed\u0161i, na p\u0159\u00edmluvu Marie Franti\u0161ky od p\u011bti ran<\/p>\n<p>dej n\u00e1m po jej\u00edm vzoru pro\u017e\u00edvat modlitbu tak hluboce, \u017ee se s\u00a0Tebou budeme st\u00e1le v\u00edc sjednocovat.<\/p>\n<p>dej n\u00e1m milost slu\u017eby druh\u00fdm, a\u0165 vid\u00edme pot\u0159ebn\u00e9 a \u00fa\u010dinn\u011b jim pom\u00e1h\u00e1me jako Marie Franti\u0161ka.<\/p>\n<p>dej n\u00e1m po vzoru Marie Franti\u0161ky dar ekumenick\u00e9ho sou\u017eit\u00ed.<\/p>\n<p>po\u017eehnej na p\u0159\u00edmluvu Marie Franti\u0161ky v\u0161em budouc\u00edm matk\u00e1m v\u00a0na\u0161em n\u00e1rod\u011b \u0161\u0165astn\u00fd porod zdrav\u00e9ho.<\/p>\n<p>po\u017eehnej na p\u0159\u00edmluvu Marie Franti\u0161ky na\u0161emu terci\u00e1\u0159sk\u00e9mu spole\u010denstv\u00ed, aby \u017eilo v\u00a0l\u00e1sce a jednot\u011b a sv\u011bd\u010dilo v\u0161em lidem o Tv\u00e9m nekone\u010dn\u00e9m milosrdenstv\u00ed.<\/p>\n<p class=\"has-medium-font-size\"><strong>8. den nov\u00e9ny \u2013\u00a0 sv. Josef D\u011bln\u00edk<\/strong> -snoubenec Panny Marie a Ochr\u00e1nce v\u0161eobecn\u00e9 c\u00edrkve<\/p>\n<p>M\u00e1me p\u0159ed sebou vzor Josefa D\u011bln\u00edka, s n\u00edm\u017e spolupracoval n\u011bjak\u00fd \u010das i Je\u017e\u00ed\u0161, a spole\u010dn\u011b tak posv\u011btili d\u011blnou pr\u00e1ci denn\u00ed i \u0159emeslnou. Josef se staral o hmotn\u00e9 pot\u0159eby svat\u00e9 Rodiny a byl pomocn\u00edkem \u0161ir\u0161\u00edmu spole\u010denstv\u00ed, v n\u011bm\u017e \u017eil.<\/p>\n<p>Stvo\u0159itel dal \u010dlov\u011bku pr\u00e1ci za n\u00e1stroj l\u00e1sky, se kter\u00fdm se m\u00e1 pod\u00edlet na jeho d\u00edle, sebe i sv\u011bt zdokonalovat a vytv\u00e1\u0159et p\u0159\u00e1telsk\u00e9 vztahy ke sv\u00fdm bli\u017en\u00edm. Josef, opora sv. Rodiny, se dovedl v\u017edy dokonale pod\u0159\u00eddit Bo\u017e\u00edmu veden\u00ed a pevn\u011b d\u016fv\u011b\u0159oval v Bo\u017e\u00ed proz\u0159etelnost. Sv\u00fdm \u017eivotem ukazuje moudrost, kter\u00e1 u\u010d\u00ed, \u017ee silou k p\u0159ekon\u00e1v\u00e1n\u00ed p\u0159ek\u00e1\u017eek je spojen\u00ed s Kristem, modlitba.<\/p>\n<p>-Svat\u00fd Josefe, tv\u00e1 ochrana je velk\u00e1 a siln\u00e1, tvou p\u0159\u00edmluvu B\u016fh rychle vysly\u0161\u00ed. Do tv\u00fdch rukou vkl\u00e1d\u00e1m v\u0161echny sv\u00e9 prosby a touhy.<\/p>\n<p>-Svat\u00fd Josefe, pomoz mi svou mocnou p\u0159\u00edmluvou. Vypros pro m\u011b od sv\u00e9ho Bo\u017esk\u00e9ho syna v\u0161echna pot\u0159ebn\u00e1 duchovn\u00ed po\u017eehn\u00e1n\u00ed. Skrze Krista na\u0161eho P\u00e1na.<\/p>\n<p>-Stoj\u00edm zde, tob\u011b odd\u00e1n, pod tvou nebeskou moc\u00ed a chci ti vzd\u00e1t poctu a d\u00edk jako jednomu z nejv\u00edce miluj\u00edc\u00edch otc\u016f.<\/p>\n<p>-Pom\u00e1hej mi naplnit \u0159eholi v\u00a0m\u00e9 povinnosti sekul\u00e1rn\u00edho Franti\u0161k\u00e1na postarat se miluj\u00edc\u00edm zp\u016fsobem o moji rodinu a tak vyd\u00e1vat sv\u011bdectv\u00ed o Kristu v\u00a0radosti i utrpen\u00ed<\/p>\n<p>-\u00d3 svat\u00fd Josefe, uva\u017euji o tom, jak jsi obj\u00edmal Je\u017e\u00ed\u0161e a choval ho sp\u00edc\u00edho ve sv\u00e9 n\u00e1ru\u010di. Dej, a\u0165 i moje l\u00e1ska k\u00a0m\u00e9 rodin\u011b i k\u00a0rodin\u011b bratr\u016f a sester je pln\u00e1 soucitu, odpu\u0161t\u011bn\u00ed a l\u00e1sky.<\/p>\n<p class=\"has-medium-font-size\"><strong>9. den \u2013 sv. Bonaventura z Bagnoregia ( 1221 \u2013 1274 )<\/strong><\/p>\n<p>Svat\u00fd Bonaventura byl italsk\u00fd teolog, kter\u00fd \u017eil v 13. stolet\u00ed. Byl \u010dlenem \u0159\u00e1du franti\u0161k\u00e1n\u016f<br \/>a stal se tak\u00e9 kardin\u00e1lem a biskupem z Albana. Svat\u00fd Bonaventura je zn\u00e1m\u00fd mnoha sv\u00fdmi teologick\u00fdmi spisy a je tak\u00e9 u\u010ditelem c\u00edrkve.<\/p>\n<p>Svat\u00fd Bonaventura se narodil v oblasti It\u00e1lie, kter\u00e1 byla sou\u010d\u00e1st\u00ed pape\u017esk\u00fdch st\u00e1t\u016f, v roce 1221. O d\u011btstv\u00ed sv. Bonaventury je nemnoho zn\u00e1mo, ale je zn\u00e1mo, \u017ee sv. Franti\u0161kovi z Assisi se p\u0159ipisuje uzdraven\u00ed sv. Bonaventury z v\u00e1\u017en\u00e9 nemoci, kdy\u017e byl mlad\u00fd.<\/p>\n<p>Sv. Bonaventura ve dvaadvaceti letech, vstoupil do franti\u0161k\u00e1nsk\u00e9ho \u0159\u00e1du, slo\u017eil sliby a byl posl\u00e1n studovat na univerzitu v Pa\u0159\u00ed\u017ei.<\/p>\n<p>Franti\u0161k\u00e1nsk\u00fd \u0159\u00e1d byl v t\u00e9to dob\u011b su\u017eov\u00e1n vnit\u0159n\u00edmi konflikty. Kdy\u017e bylo sv. Bonaventurovi t\u0159icet p\u011bt let, byl jmenov\u00e1n gener\u00e1ln\u00edm ministrem \u0159\u00e1du. V t\u00e9to roli v \u0159\u00e1du nastolil m\u00edr a po\u0159\u00e1dek.<br \/>Sv. Bonaventura ud\u011blal pro franti\u0161k\u00e1nsk\u00fd \u0159\u00e1d mnoho. Sepsal tak\u00e9 \u017eivotopis zakladatele \u0159\u00e1du<br \/>sv. Franti\u0161ka pod n\u00e1zvem Legenda Maior.<\/p>\n<p>Sv: Bonaventura odm\u00edtal ze skromnosti p\u0159ij\u00edmat pocty. Byl v\u0161ak poslu\u0161en pape\u017ei a nakonec, co byl zvolen pape\u017e \u0158eho\u0159 X., podrobil se a p\u0159ijal m\u00edsto kardin\u00e1la a arcibiskupa . Pape\u017e<br \/>sv.\u00a0 Bonaventuru vyzval, aby se z\u00fa\u010dastnil Lyonsk\u00e9ho koncilu v roce 1274. Na tomto koncilu v Lyonu sv. Bonaventura v\u00fdznamn\u011b p\u0159isp\u011bl ke spojen\u00ed \u0159eck\u00e9 a latinsk\u00e9 c\u00edrkve. Zem\u0159el n\u00e1hle, kdy\u017e asistoval na koncilu v roce 1274.<\/p>\n<p>Sv. Bonaventura zanechal franti\u0161k\u00e1nsk\u00e9mu \u0159\u00e1du velk\u00e9 d\u011bdictv\u00ed a je pova\u017eov\u00e1n za jednoho<br \/>z nejv\u011bt\u0161\u00edch u\u010ditel\u016f c\u00edrkve. Pape\u017e Sixtus IV. svato\u0159e\u010dil Bonaventuru v roce 1482. V roce 1588 byl Bonaventura pape\u017eem Sixtem V. prohl\u00e1\u0161en za u\u010ditele c\u00edrkve.<\/p>\n<p>Sv. Bonaventura je velk\u00fdm sv\u011btcem, na kter\u00e9ho se lze v mnoha situac\u00edch obr\u00e1tit.<\/p>\n<p>Drah\u00fd Pane, d\u011bkujeme Ti, \u017ee jsi n\u00e1m dal sv\u00e9ho slu\u017eebn\u00edka, sv. Bonaventuru, jako p\u0159\u00edklad svatosti. Pomoz n\u00e1m napodobovat ochotu slou\u017eit Ti, kterou on projevil sv\u00fdm rozhodnut\u00edm vstoupit do \u0159eholn\u00edho \u017eivota jako franti\u0161k\u00e1n.<\/p>\n<p>Sv. Bonaventuro, sv. Franti\u0161ek pro Tebe p\u0159inesl uzdraven\u00ed z nemoci a pot\u00e9 jsi se jako mlad\u00fd mu\u017e rozhodl j\u00edt ve stop\u00e1ch sv. Franti\u0161ka t\u00edm, \u017ee jsi zasv\u011btil sv\u016fj \u017eivot Bohu ve franti\u0161k\u00e1nsk\u00e9m \u0159\u00e1du.<\/p>\n<p>Pros\u00edm, p\u0159ines na\u0161e prosby p\u0159ed Boha, kter\u00e9mu jsi se rozhodl oddan\u011b slou\u017eit.<\/p>\n<p>Po cel\u00fd sv\u016fj \u017eivot jsi pokra\u010doval na cest\u011b slu\u017eby Bohu. Po mnoho let jsi vedl sv\u016fj \u0159\u00e1d<br \/>a v\u011brn\u011b p\u00e1sl lid, kter\u00fd Ti byl sv\u011b\u0159en, a to nejen jako \u010dlen \u0159\u00e1du, ale t\u00e9\u017e jako kardin\u00e1l a biskup.<\/p>\n<p>Pros\u00edme T\u011b, abychom se v\u017edy p\u0159i ka\u017ed\u00e9 p\u0159\u00edle\u017eitosti rozhodli slou\u017eit Bohu a abychom byli otev\u0159en\u00ed slou\u017eit Bohu jak\u00fdmkoli zp\u016fsobem, jak n\u00e1s on povol\u00e1.<\/p>\n<p>Pros\u00edme T\u011b za dobro v na\u0161em spole\u010denstv\u00ed, za zdrav\u00fd \u017eivot na\u0161ich bl\u00edzk\u00fdch, za n\u00e1\u0161 \u0159\u00e1d a za upevn\u011bn\u00ed franti\u0161k\u00e1nsk\u00fdch ctnost\u00ed.<\/p>\n<p>Sv. Bonaventuro, oroduj za n\u00e1s!<\/p>","protected":false},"excerpt":{"rendered":"<p>(z p\u0159\u00edsp\u011bvk\u016f brat\u0159\u00ed a sester SF\u0158 Plze\u0148 vypracovala Jana Ane\u017eka Pachnerov\u00e1 \u0159\u00edjen 2023) Mil\u00ed brat\u0159i a sestry, v\u00a0t\u00e9to nov\u00e9n\u011b jsou &hellip; <\/p>\n","protected":false},"author":0,"featured_media":0,"comment_status":"open","ping_status":"open","sticky":false,"template":"","format":"standard","meta":{"footnotes":""},"categories":[6,28],"tags":[],"class_list":["post-7733","post","type-post","status-publish","format-standard","hentry","category-frantiskanskarodina","category-sekularni-frantiskani","latest_post"],"_links":{"self":[{"href":"https:\/\/www.frantiskani.cz\/index.php\/wp-json\/wp\/v2\/posts\/7733","targetHints":{"allow":["GET"]}}],"collection":[{"href":"https:\/\/www.frantiskani.cz\/index.php\/wp-json\/wp\/v2\/posts"}],"about":[{"href":"https:\/\/www.frantiskani.cz\/index.php\/wp-json\/wp\/v2\/types\/post"}],"replies":[{"embeddable":true,"href":"https:\/\/www.frantiskani.cz\/index.php\/wp-json\/wp\/v2\/comments?post=7733"}],"version-history":[{"count":0,"href":"https:\/\/www.frantiskani.cz\/index.php\/wp-json\/wp\/v2\/posts\/7733\/revisions"}],"wp:attachment":[{"href":"https:\/\/www.frantiskani.cz\/index.php\/wp-json\/wp\/v2\/media?parent=7733"}],"wp:term":[{"taxonomy":"category","embeddable":true,"href":"https:\/\/www.frantiskani.cz\/index.php\/wp-json\/wp\/v2\/categories?post=7733"},{"taxonomy":"post_tag","embeddable":true,"href":"https:\/\/www.frantiskani.cz\/index.php\/wp-json\/wp\/v2\/tags?post=7733"}],"curies":[{"name":"wp","href":"https:\/\/api.w.org\/{rel}","templated":true}]}}