{"id":7737,"date":"2023-11-02T10:29:33","date_gmt":"2023-11-02T09:29:33","guid":{"rendered":"https:\/\/www.frantiskani.cz\/index.php\/2023\/11\/02\/komentare-k-reholi-cl-9\/"},"modified":"2023-11-02T10:29:33","modified_gmt":"2023-11-02T09:29:33","slug":"komentare-k-reholi-cl-9","status":"publish","type":"post","link":"https:\/\/www.frantiskani.cz\/index.php\/2023\/11\/02\/komentare-k-reholi-cl-9\/","title":{"rendered":"koment\u00e1\u0159e k \u0159eholi  \u010dl. 9"},"content":{"rendered":"<p>M\u00edstn\u00ed bratrsk\u00e9 spole\u010denstv\u00ed Sekul\u00e1rn\u00edho franti\u0161k\u00e1nsk\u00e9ho \u0159\u00e1du v Plzni\u0158ehole Sekul\u00e1rn\u00edho franti\u0161k\u00e1nsk\u00e9ho \u0159\u00e1du (OFS)Odpov\u011bdi sester a brat\u0159\u00ed na ot\u00e1zky k \u010dl\u00e1nku \u010d. 9 \u0158ehole<\/p>\n<p>Soubor odpov\u011bd\u00ed sestavil a upravil podle p\u00edsemn\u00fdch p\u0159\u00edsp\u011bvk\u016f Br. Vladim\u00edr Franti\u0161ek Tykvart 15.8.2023 \u00a0<\/p>\n<p>Na\u0161e spole\u010denstv\u00ed prom\u00fd\u0161l\u00ed zp\u016fsob \u017eivota, kter\u00fd n\u00e1m ukl\u00e1d\u00e1 \u0158ehole. Na setk\u00e1n\u00ed 1. 6. 2023 odpov\u00eddali sestry a brat\u0159i na ot\u00e1zky, kter\u00e9 souvis\u00ed s\u00a0\u010dl\u00e1nkem 9. \u0158ehole OFS. Jejich reflexe o Pann\u011b Marii mohou obohatit ka\u017ed\u00e9ho z\u00a0n\u00e1s o pohledy ostatn\u00edch a inspirovat n\u00e1s k\u00a0\u017eivotu v\u00a0duchu \u0158ehole a jeho \u201ealter ego\u201c bratra svat\u00e9ho Franti\u0161ka, a t\u00edm dos\u00e1hnout c\u00edle na\u0161eho \u017eivota, tj. spojit se co nejt\u011bsn\u011bji s\u00a0na\u0161\u00edm P\u00e1nem, Je\u017e\u00ed\u0161em Kristem.<\/p>\n<p>Ot\u00e1zky, kter\u00e9 m\u011bly pomoci zam\u011b\u0159it pozornost na Pannu Marii: Jak\u00fd je m\u016fj osobn\u00ed vztah k Marii? Setk\u00e1v\u00e1m se s\u00a0n\u00ed a nech\u00e1v\u00e1m ji prostor? Nebo ji zahlcuji sv\u00fdmi prosbami? D\u016fv\u011b\u0159uji j\u00ed? K\u00fdm pro m\u011b je? Je je\u0161t\u011b lidskou bytost\u00ed? Uv\u011bdomuji si, \u017ee je kr\u00e1lovnou cel\u00e9ho sv\u011bta? Kdy\u017e ano, pro\u010d? Byly okam\u017eiky, kdy mi byla bl\u00edzko? M\u00e1m ji r\u00e1d, nebo bych rad\u011bji o n\u00ed nic nev\u011bd\u011bl? A co r\u016f\u017eenec? Vyhledejte ve spisech sv. Franti\u0161ka modlitby, ve kter\u00fdch se na Marii obrac\u00ed. Co je pro n\u011bho d\u016fle\u017eit\u00e9? Pod\u00edvejte se do P\u00edsma a najd\u011bte si pas\u00e1\u017e, ve kter\u00e9 se tak\u00e9 objevuje Maria. Kter\u00e1 to je? Nechte si p\u00e1r chvil na p\u0159em\u00fd\u0161len\u00ed o p\u0159e\u010dten\u00e9m.<\/p>\n<p>Odpov\u011bdi sester a brat\u0159\u00ed jsou \u0159azen\u00e9 podle po\u0159ad\u00ed, ve kter\u00e9m byly poslan\u00e9:<\/p>\n<p><strong>Sestra Ane\u017eka Jana Pachnerov\u00e1<\/strong><\/p>\n<p>Jak\u00fd je m\u016fj osobn\u00ed vztah k Marii? \u00a0Up\u0159\u00edmn\u00fd a v\u0159el\u00fd. \u010casto se k n\u00ed obrac\u00edm v modlitb\u00e1ch Zdr\u00e1vas Maria, And\u011bl P\u00e1n\u011b, Zdr\u00e1vas Kr\u00e1lovno, v r\u016f\u017eenci, v litani\u00edch. Obdivuji ji jako \u017eenu, kter\u00e1 um\u011bla ve sv\u00e9m \u017eivot\u011b odpov\u011bd\u011bt na Bo\u017e\u00ed vol\u00e1n\u00ed a p\u0159ijmou Bo\u017e\u00ed pl\u00e1n sp\u00e1sy, st\u00e1t se Matkou Bo\u017e\u00edho Syna. Nem\u011bla \u017e\u00e1dn\u00e9 jistoty, ale d\u016fv\u011b\u0159ovala Bohu. Jej\u00ed Ano, sta\u0148 se mi podle Tv\u00e9 v\u016fle, zm\u011bnilo sv\u011bt. \u017divot nem\u011bla lehk\u00fd, za\u017eila i nejt\u011b\u017e\u0161\u00ed chv\u00edli smrti sv\u00e9ho syna, ale pro\u017e\u00edvala i radosti jeho vzk\u0159\u00ed\u0161en\u00ed a zmrtv\u00fdchvst\u00e1n\u00ed. Byla s u\u010dedn\u00edky a spole\u010dn\u011b se s nimi modlila. Jej\u00ed \u017eivot byl i velkou Bo\u017e\u00ed chv\u00e1lou Magnifikat (Lk1). \u00a0V m\u00e9m \u017eivot\u011b vn\u00edm\u00e1m z jej\u00ed strany v\u017edy pomoc, a proto j\u00ed d\u016fv\u011b\u0159uji. Je pro m\u011b dobrou matkou. Vn\u00edm\u00e1m ji po lidsk\u00e9 str\u00e1nce jako matku v\u0161ech lid\u00ed. Chod\u00edm na mari\u00e1nsk\u00e9 pout\u011b, velkou ud\u00e1lost\u00ed a osobn\u00edm povzbuzen\u00edm byla pro mne pou\u0165 do Medjugorje v\u00a0dubnu 2023. Tam jsem sly\u0161ela osobn\u00ed sv\u011bdectv\u00ed lid\u00ed, kter\u00fdm Panna Maria zm\u011bnila \u017eivot a p\u0159ivedla je na cestu k Bohu. Je Prost\u0159ednice v\u0161ech milost\u00ed. Je P\u0159\u00edmluvkyn\u00ed, p\u0159imlouv\u00e1 se za n\u00e1s u sv\u00e9ho Syna Je\u017e\u00ed\u0161e Krista, proto vl\u00e1dne s n\u00edm i ve sv\u011bt\u011b (Kr\u00e1lovna cel\u00e9ho sv\u011bta). Denn\u011b se modl\u00edm r\u016f\u017eenec a pros\u00edm za v\u0161e pot\u0159ebn\u00e9 ve sv\u011bt\u011b, nyn\u00ed hlavn\u011b za ukon\u010den\u00ed v\u00e1lky na Ukrajin\u011b<\/p>\n<p>a za rodiny.<\/p>\n<p>Modlitby sv. Franti\u0161ka, ve kter\u00fdch se na Marii obrac\u00ed. \u00a0Pro svat\u00e9ho Franti\u0161ka je Panna Maria Matkou Bo\u017e\u00ed, dcerou Otce, matkou Je\u017e\u00ed\u0161e Krista a snoubenkou Ducha svat\u00e9ho a tak\u00e9 Matkou c\u00edrkve, tj. n\u00e1s. Franti\u0161ek Matku Bo\u017e\u00ed velmi ctil a miloval. Proto na n\u00ed zalo\u017eil sv\u016fj \u0159\u00e1d, slo\u017eil Chv\u00e1ly, ozna\u010duje ji osloven\u00edmi pal\u00e1c, svatost\u00e1nek, slu\u017eebnice \u2026<\/p>\n<p>\u00a0<br \/>\u00a0Panna Maria v\u00a0P\u00edsmu<strong>. <\/strong>Maria nav\u0161t\u011bvuje svoji p\u0159\u00edbuznou Al\u017eb\u011btu \u2013 viz Lk1. Toto jej\u00ed rozhodnut\u00ed pomoci sv\u00e9 star\u0161\u00ed p\u0159\u00edbuzn\u00e9 tak\u00e9 v po\u017eehnan\u00e9m v\u011bku ve mn\u011b v\u017edy vyvol\u00e1 kr\u00e1sn\u00fd pocit um\u011bn\u00ed slou\u017eit druh\u00fdm. B\u00fdt nabl\u00edzku pot\u0159ebn\u00fdm. Maria byla Slu\u017eebnic\u00ed P\u00e1n\u011b a j\u00e1 si p\u0159eji pro\u017e\u00edt ve sv\u00e9m \u017eivot\u011b tot\u00e9\u017e.<\/p>\n<p><strong>Sestra L\u00edda Marie Franti\u0161ka Ku\u010derov\u00e1<\/strong><\/p>\n<p>Jak\u00fd je m\u016fj osobn\u00ed vztah k Marii? Maria je vzor \u010dlov\u011bka, kter\u00fd nepojedl ze stromu pozn\u00e1n\u00ed dobr\u00e9ho a zl\u00e9ho. Je to \u010dlov\u011bk, kter\u00fd od narozen\u00ed zcela pro\u017e\u00edval Bo\u017e\u00ed p\u0159\u00edtomnost tady a te\u010f. Ale i ona m\u011bla svobodnou v\u016fli. Mohla volit, ale z\u016fstala pouze u Stromu \u017eivota. Proto se Kristus mohl vt\u011blit do jej\u00edho t\u011bla. T\u00edm se stala kr\u00e1lovnou cel\u00e9ho sv\u011bta. A tohle pochopil Franti\u0161ek a sna\u017eil se postoj Marie napodobovat. M\u00e1m tento typ modlitby r\u00e1da. My to m\u016f\u017eeme pro\u017e\u00edvat, pr\u00e1v\u011b kdy\u017e si uv\u011bdom\u00edme sv\u016fj k\u0159est, kter\u00fd je n\u00e1vratem ke Stromu \u017eivota. R\u016f\u017eenec je pro m\u011b v\u00edc formou vnit\u0159n\u00ed modlitby ne\u017e p\u016flhodinov\u00e9ho usebr\u00e1n\u00ed a konec, ale v\u00a0aut\u011b nebo p\u0159i cest\u00e1ch je tato modlitba super. P\u0159i modlitb\u011b r\u016f\u017eence jsem bourala a p\u0159e\u017eila. Marii jsem za\u010dala vz\u00fdvat p\u0159i ha\u0161en\u00ed po\u017e\u00e1ru a okam\u017eit\u011b ustal.<\/p>\n<p>Modlitby sv. Franti\u0161ka, ve kter\u00fdch se na Marii obrac\u00ed. Co je pro n\u011bho d\u016fle\u017eit\u00e9? \u201e<em>Zdr\u00e1va bu\u010f, Pan\u00ed, svat\u00e1 Kr\u00e1lovno, svat\u00e1 Bo\u017e\u00ed Rodi\u010dko, Maria, [ty] jsi panna, kter\u00e1 se stala chr\u00e1mem, vyvolen\u00e1 nejsv\u011bt\u011bj\u0161\u00edm Otcem z nebes, [ta], kterou posv\u011btil spolu se sv\u00fdm nejsv\u011bt\u011bj\u0161\u00edm milovan\u00fdm Synem a svat\u00fdm Duchem Ut\u011b\u0161itelem, [ta], v n\u00ed\u017e byla a je v\u0161echna plnost milosti a v\u0161echno dobro. Zdr\u00e1va bu\u010f, jeho pal\u00e1ci; zdr\u00e1va bu\u010f, jeho svatost\u00e1nku; zdr\u00e1va bu\u010f, jeho dome! Zdr\u00e1va bu\u010f, jeho \u0161ate; zdr\u00e1va bu\u010f, jeho slu\u017eebnice; zdr\u00e1va bu\u010f, jeho Matko! A [bu\u010fte zdr\u00e1vy] i vy v\u0161echny svat\u00e9 ctnosti, kter\u00e9 skrze milost a osv\u00edcen\u00ed Ducha svat\u00e9ho jste vl\u00e9v\u00e1ny do srdc\u00ed v\u011b\u0159\u00edc\u00edch, abyste [je] z\u00a0nev\u011brn\u00fdch ud\u011blaly Bohu v\u011brn\u00fdmi.\u201c<\/em><\/p>\n<p>Panna Maria v\u00a0P\u00edsmu<strong>. <\/strong>Jan 2<strong>: <\/strong><em>T\u0159et\u00ed den byla svatba v galilejsk\u00e9 K\u00e1n\u011b a byla tam Je\u017e\u00ed\u0161ova matka. Na tu svatbu byl pozv\u00e1n tak\u00e9 Je\u017e\u00ed\u0161 a jeho u\u010dedn\u00edci. Do\u0161lo v\u00edno, a proto \u0159ekla matka Je\u017e\u00ed\u0161ovi: \u201eU\u017e nemaj\u00ed v\u00edno.\u201c Je\u017e\u00ed\u0161 j\u00ed odpov\u011bd\u011bl: \u201eCo mi chce\u0161, \u017eeno? Je\u0161t\u011b nep\u0159i\u0161la m\u00e1 hodina.\u201c Jeho matka \u0159ekla slu\u017eebn\u00edk\u016fm: \u201eUd\u011blejte v\u0161echno, co v\u00e1m \u0159ekne.\u201c St\u00e1lo tam \u0161est kamenn\u00fdch d\u017eb\u00e1n\u016f na vodu, ur\u010den\u00fdch k o\u010di\u0161\u0165ov\u00e1n\u00ed p\u0159edepsan\u00e9mu u \u017eid\u016f, a ka\u017ed\u00fd d\u017eb\u00e1n byl na dv\u011b a\u017e t\u0159i v\u011bdra. Je\u017e\u00ed\u0161 \u0159ekl slu\u017eebn\u00edk\u016fm: \u201eNapl\u0148te d\u017eb\u00e1ny vodou!\u201c Naplnili je a\u017e po okraj. A na\u0159\u00eddil jim: \u201eTe\u010f naberte a doneste spr\u00e1vci svatby!\u201c Donesli, a jakmile spr\u00e1vce svatby okusil vodu prom\u011bn\u011bnou ve v\u00edno \u2013 nev\u011bd\u011bl, odkud je, ale slu\u017eebn\u00edci, kte\u0159\u00ed na\u010derpali vodu, to v\u011bd\u011bli \u2013 zavolal si \u017eenicha a \u0159ekl mu: \u201eKa\u017ed\u00fd \u010dlov\u011bk p\u0159edkl\u00e1d\u00e1 nejd\u0159\u00edve dobr\u00e9 v\u00edno, a teprve a\u017e se host\u00e9 podnapij\u00ed, v\u00edno hor\u0161\u00ed; ale ty jsi uchoval dobr\u00e9 v\u00edno a\u017e do t\u00e9to chv\u00edle.\u201c To byl v galilejsk\u00e9 K\u00e1n\u011b po\u010d\u00e1tek znamen\u00ed, kter\u00e1 Je\u017e\u00ed\u0161 u\u010dinil; t\u00edm zjevil svou sl\u00e1vu, a jeho u\u010dedn\u00edci v n\u011bj uv\u011b\u0159ili.<\/em><\/p>\n<p><strong>Br. Jaroslav Anton\u00edn \u0160ediv\u00fd<\/strong><\/p>\n<p>Jak\u00fd je m\u016fj vztah k\u00a0Marii? Velice, velice bl\u00edzk\u00fd. M\u00e1m ji st\u00e1le v\u00a0mysli i doma na o\u010d\u00edch (ikona nad pracovn\u00edm stolem, v\u00a0ob\u00fdv\u00e1ku so\u0161ka svatohorsk\u00e9 i plze\u0148sk\u00e9 madony a obr\u00e1zek \u010dernohorsk\u00e9 madony od \u00fatesu). Setk\u00e1v\u00e1m se s\u00a0n\u00ed a nech\u00e1v\u00e1m j\u00ed prostor? Nebo ji zahlcuji sv\u00fdmi prosbami? R\u00e1no se pravideln\u011b modl\u00edm Zdr\u00e1vas a Pod ochranu tvou. Ale prosby sm\u011b\u0159uji p\u0159\u00edmo k\u00a0P\u00e1nu. D\u016fv\u011b\u0159uji j\u00ed? Naprosto. Mysl\u00edm, \u017ee P\u00e1n jedn\u00e1 podle Bo\u017e\u00edho pl\u00e1nu, kter\u00fd n\u011bkdy nemus\u00ed b\u00fdt v\u00a0souladu s\u00a0na\u0161imi sobeck\u00fdmi pl\u00e1ny, ale Maria, matka na\u0161e i matka c\u00edrkve, je v\u017edy shov\u00edvav\u00e1 a ch\u00e1pe na\u0161e slabosti. K\u00fdm pro m\u011b je? P\u0159edev\u0161\u00edm bezpe\u010d\u00edm. Prost\u0159ednic\u00ed v\u0161ech milost\u00ed. A nejodv\u00e1\u017en\u011bj\u0161\u00ed bytost\u00ed cel\u00e9ho stvo\u0159en\u00ed. Jej\u00ed bezpodm\u00edne\u010dn\u00e9 Fiat je nep\u0159ekonateln\u00e9. Je je\u0161t\u011b lidskou bytost\u00ed? Samoz\u0159ejm\u011b byla lidskou bytost\u00ed. Ale te\u010f ji vn\u00edm\u00e1m jako nadzemskou kr\u00e1lovnu. Uv\u011bdomuji si, \u017ee je kr\u00e1lovnou cel\u00e9ho sv\u011bta? Je tak\u00e9 kr\u00e1lovnou and\u011bl\u016f. Velmi ji jako kr\u00e1lovnu vn\u00edm\u00e1m, jakkoliv je to ozna\u010den\u00ed archaick\u00e9. I proto, \u017ee jsem se narodil na slavnost Panny Marie kr\u00e1lovny (nebes). V\u00edte, kdy to je? 22. srpna. Dlouho jsem \u2013 jako bezv\u011brec \u2013 nev\u011bd\u011bl, pro\u010d je v\u00a0Plas\u00edch pou\u0165 \u201ena Kr\u00e1lovnu\u201c. Te\u010f u\u017e rozum\u00edm. O Velikonoc\u00edch se (dle Wikipedie) v\u00a0c\u00edrkvi zp\u00edv\u00e1 k\u00a0Pann\u011b Marii zvl\u00e1\u0161tn\u00ed starov\u011bk\u00fd chvalozp\u011bv <em>Regina caeli laetare:<\/em> <em>\u201eRaduj se, kr\u00e1lovno nebesk\u00e1, aleluja! Proto\u017ee splnil P\u00e1n slova sv\u00e1, aleluja! Z\u00a0mrtv\u00fdch vstal, matko, Je\u017e\u00ed\u0161 tv\u016fj, aleluja! U n\u011bho za n\u00e1s oroduj, aleluja!\u201c (Regina caeli, laetere, alleluia! Quia quem meruisti portare, alleluia! Resurexit, sicut dixit, alleluia! Ora pro nobis, Deum, alleluia!)<\/em>. Byly okam\u017eiky, kdy mi byla bl\u00edzko? Po operaci, po n\u00e1vratu z\u00a0nemocnice jsem se modlil modlitbu v\u00a0nemoci k\u00a0nebesk\u00e9mu Otci. M\u00e1m ji na karti\u010dce, na ni\u017e jsem vlo\u017eil obr\u00e1zek svatohorsk\u00e9 Panny Marie ve zlat\u00e9m rouchu. Byl jsem st\u00e1le v\u00a0nap\u011bt\u00ed po p\u0159est\u00e1l\u00fdch komplikac\u00edch, by\u0165 v\u0161e dob\u0159e dopadlo. A najednou m\u011b \u2013 po modlitb\u011b \u2013 zaplavila takov\u00e1 vlna \u00falevy, jako by v\u0161echno nap\u011bt\u00ed odplulo. Nikdy p\u0159edt\u00edm ani potom jsem takov\u00fd pocit neza\u017eil. V\u00edm, \u017ee B\u016fh pom\u00e1h\u00e1, ale \u010dasto Panna Maria napom\u00e1h\u00e1. Modlitba v\u00a0nemoci: \u201eNebesk\u00fd Ot\u010de, m\u00e1m mnoho obt\u00ed\u017e\u00ed a t\u011b\u017eko sn\u00e1\u0161\u00edm svou nemoc. Netrp\u011bliv\u011b \u010dek\u00e1m, a\u017e budu zase zdrav\u00fd. Pomoz mi, abych se uklidnil, abych poznal, jak v\u00fdznamn\u00fd je tento \u010das pro mou sp\u00e1su. K\u00e9\u017e nemysl\u00edm jen na sv\u00e9 bolesti a obr\u00e1t\u00edm svou mysl k\u00a0tob\u011b, Pane Bo\u017ee. Uka\u017e mi, co m\u00e1m v\u00a0\u017eivot\u011b zm\u011bnit, jak trp\u011bliv\u011b a s\u00a0l\u00e1skou m\u00e1m n\u00e9st sv\u00e9 utrpen\u00ed. Pomoz mi zbavit se neklidu a daruj mi sv\u016fj pokoj. Dej a\u0165 m\u00e1m nad\u011bji v\u00a0tv\u00e9 milosrdenstv\u00ed a skrze ni rozd\u00e1v\u00e1m odvahu druh\u00fdm, Amen.\u201c M\u00e1m ji r\u00e1d, nebo bych rad\u011bji o n\u00ed nic nev\u011bd\u011bl? Jsem si v\u011bdom rizika modloslu\u017eby, jako \u010dasto k\u00a0Pann\u011b Marii p\u0159istupuj\u00ed protestanti. Ale m\u00e1m ji \u2013 p\u0159es to riziko \u2013 velmi r\u00e1d. Hned po Je\u017e\u00ed\u0161i. A co r\u016f\u017eenec? R\u016f\u017eenec tak trochu vn\u00edm\u00e1m, \u017ee m\u00e1 bl\u00edzko k\u00a0v\u00fdchodoasijsk\u00fdm mantr\u00e1m. Ale zat\u00edmco u nich nen\u00ed a\u017e tak nutn\u00e9 vn\u00edmat jejich obsah, d\u016fle\u017eit\u00e9 je jejich opakov\u00e1n\u00ed, u r\u016f\u017eence je t\u0159eba byst\u0159e vn\u00edmat, co n\u00e1m jeho varianty p\u0159ipom\u00ednaj\u00ed o \u017eivot\u011b P\u00e1na Je\u017e\u00ed\u0161e Krista. Jednotliv\u00e9 des\u00e1tky se modl\u00edm \u010dasto, nap\u0159\u00edklad p\u0159i del\u0161\u00ed ch\u016fzi, cel\u00fd r\u016f\u017eenec sp\u00ed\u0161e v\u00fdjime\u010dn\u011b. Pokud se ho modl\u00edm, pak v\u017edy na n\u011bjak\u00fd \u00fa\u010del.<\/p>\n<p><strong>Br. Garry (Jarom\u00edr S\u00fdkora)<\/strong><\/p>\n<p>Jak\u00fd je m\u016fj osobn\u00ed vztah k Marii? Jej\u00ed sochu i men\u0161\u00ed ikony m\u00e1m p\u0159ed o\u010dima ka\u017ed\u00fd den, obrac\u00edme se k n\u00ed ve spole\u010dn\u00e9 modlitb\u011b s man\u017eelkou. P\u0159esto ji vn\u00edm\u00e1m hlavn\u011b jako toho, kdo ukazuje na Krista, kdo uvol\u0148uje prostor pro jeho p\u016fsoben\u00ed. D\u016fv\u011b\u0159ovat Marii tedy znamen\u00e1 p\u0159edev\u0161\u00edm d\u016fv\u011b\u0159ovat Bohu v jeho trojjedinosti, ona sama mi d\u00e1v\u00e1 p\u0159\u00edklad svou otev\u0159enost\u00ed a d\u016fv\u011brou, v \u0161ir\u0161\u00edm pojet\u00ed Svat\u00e9 rodiny nal\u00e9z\u00e1m svoji roli v\u00edce v postav\u011b sv. Josefa, kter\u00fd Marii st\u00e1l v\u011brn\u011b po boku a a\u010d zprvu pln\u00fd ot\u00e1zek a nejistoty, p\u0159esto st\u00e1l pevn\u011b na sv\u00e9m m\u00edst\u011b, bez zbyte\u010dn\u00fdch slov, v\u017edy se o Marii i Je\u017e\u00ed\u0161e postaral a sna\u017eil se plnit Bo\u017e\u00ed v\u016fli. P\u0159izn\u00e1v\u00e1m, \u017ee v modlitb\u011b r\u016f\u017eence m\u00e1m velk\u00e9 rezervy (ale nejen v tomto) \u2026<\/p>\n<p>Modlitby sv. Franti\u0161ka, ve kter\u00fdch se na Marii obrac\u00ed. Panna Marie byla pro sv. Franti\u0161ka jak Matkou Boha, tak Matkou \u010clov\u011bka (tedy i na\u0161\u00ed), spojil se v n\u00ed bo\u017esk\u00fd aspekt s t\u00edm lidsk\u00fdm, tedy Je\u017e\u00ed\u0161 Kristus se t\u00edm stal i na\u0161\u00edm bratrem. Z t\u00e9to skute\u010dnosti vypl\u00fdv\u00e1 i na\u0161e nad\u011bje na spasen\u00ed.<\/p>\n<p>Panna Maria v\u00a0P\u00edsmu: <em>Do\u0161lo v\u00edno, a proto \u0159ekla matka Je\u017e\u00ed\u0161ovi: \u201eU\u017e nemaj\u00ed v\u00edno.\u201c Je\u017e\u00ed\u0161 j\u00ed odpov\u011bd\u011bl: \u201eCo mi chce\u0161, \u017eeno? Je\u0161t\u011b nep\u0159i\u0161la m\u00e1 hodina.\u201c Jeho matka \u0159ekla slu\u017eebn\u00edk\u016fm: \u201eUd\u011blejte v\u0161echno, co v\u00e1m \u0159ekne.\u201c<\/em>\u00a0V \u00faryvku se projevuje starost Marie (jako \u017eeny) o zabezpe\u010den\u00ed hostiny, a i kdy\u017e sama nic nepodnik\u00e1, d\u016fv\u011b\u0159uje Bo\u017e\u00edmu synu, \u017ee on to za\u0159\u00edd\u00ed\u2026je v tom c\u00edtit i malink\u00e1 \u201emanipulace\u201c \ud83d\ude42 \ud83d\ude42 :-), Je\u017e\u00ed\u0161ovi se do toho je\u0161t\u011b moc nechce, aby d\u00e1val najevo k\u00fdm je, p\u0159esto j\u00ed vyhov\u00ed\u2026je to mo\u017en\u00e1 prvn\u00ed n\u00e1znak \u201ep\u0159imlouv\u00e1n\u00ed se\u201c u Boha za n\u00e1s lidi\u2026.<\/p>\n<p><strong>Br. Lubo\u0161 Anton\u00edn Kolafa<\/strong><\/p>\n<p>Jak\u00fd je m\u016fj osobn\u00ed vztah k Marii? S\u00a0man\u017eelkou jsme p\u0159i\u0161li do katolick\u00e9 c\u00edrkve z\u00a0protestantsk\u00e9ho prost\u0159ed\u00ed. M\u016fj vztah k\u00a0Marii se vyv\u00edjel a vyv\u00edj\u00ed. Prostor v\u00a0m\u00e9m \u017eivot\u011b j\u00ed d\u00e1v\u00e1m st\u00e1le \u010dast\u011bji. |Beru ji jako vyvolenou \u017eenu, kter\u00e1 pro\u0161la neuv\u011b\u0159itelnou \u017eivotn\u00ed zku\u0161enost\u00ed. St\u00e1le v\u00edce j\u00ed d\u016fv\u011b\u0159uji. Uv\u011bdomuji si, \u017ee nen\u00ed jen kr\u00e1lovnou sv\u011bta, ale i kr\u00e1lovnou and\u011bl\u016f, a to \u017ee naslouch\u00e1 i mne nepatrn\u00e9mu \u010dlov\u00ed\u010dkovi mne napl\u0148uje \u00fa\u017easem. P\u0159inesla na sv\u011bt Krista, a tak nepova\u017euji \u00factu k\u00a0n\u00ed za modloslu\u017ebu, jak to n\u011bkdy jin\u00ed k\u0159es\u0165an\u00e9 uv\u00e1d\u011bj\u00ed. Co se t\u00fd\u010de modlitby r\u016f\u017eence, t\u00e9 jsem se nejd\u0159\u00edve vyh\u00fdbal. D\u016fvod byl prozaick\u00fd. Do katolick\u00e9 c\u00edrkve jsem se vr\u00e1til skoro v\u00a060 letech a s\u00a0t\u00edm, \u017ee nejsem schopen se nau\u010dit zpam\u011bti mnoho katolick\u00fdch modliteb a tak\u00e9 r\u016f\u017eenec. Vztah k\u00a0r\u016f\u017eenci se mi v\u00fdrazn\u011b zlep\u0161il, kdy\u017e jsem si ho instaloval do mobilu a mohu po\u0159ad\u00ed modliteb sledovat a \u010d\u00edst. Moje pam\u011b\u0165 se st\u00e1le zhor\u0161uje a u\u017e se spol\u00e9h\u00e1m na shov\u00edvavost druh\u00fdch.<\/p>\n<p>Svat\u00fd Franti\u0161ek Marii velmi miloval, pova\u017eoval j\u00ed za kr\u00e1lovnu nebes.<\/p>\n<p>V\u00a0P\u00edsmu jsem rozj\u00edmal nad slovy Marie na svatb\u011b v\u00a0K\u00e1n\u011b: Ud\u011blejte v\u0161echno, co v\u00e1m \u0159ekne. Za t\u011bmi slovy se skr\u00fdv\u00e1 hlubok\u00e1 d\u016fv\u011bra v\u00a0Syna. D\u016fv\u011b\u0159e v\u00a0Trojici Bo\u017e\u00ed i v\u00a0p\u0159\u00edmluvu Marie u nich se st\u00e1le u\u010d\u00edm.<\/p>\n<p><strong>Br. Karel Franti\u0161ek \u017den\u00ed\u0161ek<\/strong><\/p>\n<p>Jak\u00fd je m\u016fj osobn\u00ed vztah k\u00a0Marii? Jako k\u00a0dobr\u00e9 p\u0159\u00edtelkyni. Pro m\u011b je Matkou, kter\u00e1 se v\u00a0na\u0161ich pot\u0159eb\u00e1ch p\u0159imlouv\u00e1 u sv\u00e9ho syna. S\u00a0man\u017eelkou se modl\u00edme r\u016f\u017eenec. Modl\u00edme se ka\u017ed\u00e9 r\u00e1no dva des\u00e1tky. Cestou na chalupu autem pak cel\u00fd r\u016f\u017eenec.\u00a0<\/p>\n<p>Panna Maria v\u00a0P\u00edsmu.\u00a0Oslovuje m\u011b jej\u00ed zprost\u0159edkovatelsk\u00e1 aktivita v\u00a0K\u00e1n\u011b a jej\u00ed cesta k\u00a0Al\u017eb\u011bt\u011b. Potom jej\u00ed situace pod k\u0159\u00ed\u017eem.<\/p>\n<p><strong>Sestra Dagmar Ludv\u00edka Sp\u00edralov\u00e1<\/strong><strong><\/strong><\/p>\n<p>Jak\u00fd je m\u016fj osobn\u00ed vztah k Marii? P\u0159izn\u00e1m se, \u017ee exaltovan\u00e1 mari\u00e1nsk\u00e1 \u00facta mi moc nesed\u00ed. Ale uzn\u00e1v\u00e1m, \u017ee pro mari\u00e1nsk\u00e9 ctitele je cestou, jak p\u0159ij\u00edt ke Kristu skrze Marii. Ani nemus\u00edm n\u011bkter\u00e9 mari\u00e1nsk\u00e9 modlitby, t\u0159eba\u00a0<em>Loret\u00e1nskou\u00a0litanii<\/em>. Ale v kostele u redemptorist\u016f jsem se jednou p\u0159inatrefila k modlitb\u011b\u00a0<em>Bavorsk\u00e9 litanie<\/em>\u00a0a ta mi p\u0159i\u0161la skv\u011bl\u00e1. Nem\u00e1m moc r\u00e1da modlitbu<em>\u00a0Zdr\u00e1vas Kr\u00e1lovno<\/em>, proto\u017ee m\u00e1m pocit, \u017ee se kv\u016fli ko\u0161atosti v\u011bt \u0161patn\u011b recituje, zato m\u00e1m r\u00e1da modlitbu\u00a0<em>Pod ochranu tvou<\/em>. Modlitba\u00a0<em>Pamatuj, l\u00e1skypln\u00e1 Panno Maria, \u017ee nikdy nebylo sl\u00fdch\u00e1no\u2026\u00a0<\/em>mi p\u0159ijde spr\u00e1vn\u011b vyd\u011bra\u010dsk\u00e1 a v\u00e1\u017e\u00edm si j\u00ed, proto\u017ee ji m\u011bl v oblib\u011b\u00a0svat\u00fd Maxmili\u00e1n\u00a0Kolbe.<\/p>\n<p>Maria je pro m\u011b prvn\u00edm \u010dlov\u011bkem, kter\u00fd p\u0159ijal Krista, doslova a t\u011blesn\u011b. Inspirac\u00ed je po m\u011b jej\u00ed\u00a0<em>Fiat. D<\/em>nes by nesjp\u00ed\u0161 na and\u011blovu ot\u00e1zku odpov\u011bd\u011bla: \u201eJasn\u011b, jdu do toho!\u201c Vy\u017eadovalo to od n\u00ed notn\u00fd kus odvahy, v\u017edy\u0165 j\u00ed hrozila\u00a0ostuda, zavr\u017een\u00ed od \u201eslu\u0161n\u00fdch ob\u010dan\u016f\u201c a\u00a0mo\u017en\u00e1 i smrt. Ale tak\u00e9 m\u011bla velikou d\u016fv\u011bru, \u017ee B\u016fh se oni postar\u00e1\u2026 Kdy\u017e se \u0159ekne Maria,\u00a0vybav\u00ed\u00a0se mi\u00a0rovn\u011b\u017e\u00a0so\u0161ka z jednoho rakousk\u00e9ho poutn\u00edho m\u00edsta zn\u00e1zor\u0148uj\u00edc\u00ed Pannu Marii, jak pl\u00e1\u0161t\u011bm zakr\u00fdv\u00e1 kle\u010d\u00edc\u00ed postavi\u010dky. Tak\u00e9 si uv\u011bdomuji, \u017ee je Matkou n\u00e1s v\u0161ech. Kdy\u017e zem\u0159eli moji rodi\u010de, uv\u011bdomila jsem si d\u00edky tomu, \u017ee nejsem sirotek, proto\u017ee m\u00e1m Otce a Matku v nebi (a douf\u00e1m, \u017ee tam na\u0161i jsou s nimi).<\/p>\n<p>U\u017e jsem zmi\u0148ovala vliv r\u016f\u017eence na m\u00e9 druh\u00e9 obr\u00e1cen\u00ed, i to, \u017ee jsem se d\u00edky r\u016f\u017eenci dostala k apologetick\u00fdm materi\u00e1l\u016fm a za\u010dala se intenzivn\u011bji zaj\u00edmat o svou v\u00edru. Nem\u016f\u017eu vynechat tak\u00e9 \u00fa\u017easn\u00fd z\u00e1\u017eitek z Lurd, kam jsem zav\u00edtala kdysi jako turistka. Nachom\u00fdtla jsem se tam k ve\u010dern\u00edmu pr\u016fvodu se sv\u00ed\u010dkami. Lid\u00e9 se p\u0159i n\u011bm modlili r\u016f\u017eenec, ka\u017ed\u00fd des\u00e1tek v jin\u00e9m jazyce. Po jednotliv\u00fdch des\u00e1tc\u00edch zazp\u00edvali mari\u00e1nskou p\u00edse\u0148 a na jm\u00e9no Maria v\u017edy pozvedli sv\u00ed\u010dky. V souvislosti s r\u016f\u017eencem mus\u00edm uv\u00e9st je\u0161t\u011b jednu v\u011bc: V r\u00e1mci p\u0159\u00edpravy na k\u0159est, za kterou nikdy nep\u0159estanu b\u00fdt vd\u011b\u010dn\u00e1 sest\u0159e Pavle \u017den\u00ed\u0161kov\u00e9 a otci Emilu Soukupovi, jsme se s dal\u0161\u00edmi katechumeny\u00a0tak\u00e9\u00a0\u00fa\u010dastnili m\u0161\u00ed. P\u0159ed nimi jsme se v\u017edy zapojovali do modlitby r\u016f\u017eence a p\u0159ipadali si ohromn\u011b \u201edosp\u011ble\u201c\u2026 Ale postupem doby jsem zjistila, \u017ee zvyk modlit se r\u016f\u017eenec p\u0159ede m\u0161\u00ed nen\u00ed dobr\u00fd. Jednou jsem toti\u017e potkala v kostele kamar\u00e1dku, kterou jsem dlouho nevid\u011bla, a nemohly jsme si popov\u00eddat, proto\u017ee se spole\u010denstv\u00ed modlilo r\u016f\u017eenec. V na\u0161\u00ed farnosti se r\u016f\u017eenec\u00a0p\u0159ede m\u0161\u00ed\u00a0nemodl\u00edme. My toti\u017e kl\u00e1bos\u00edme. Umlk\u00e1me a\u017e se zazvon\u011bn\u00edm a posledn\u00ed slova si v rychlosti do\u0159\u00edk\u00e1v\u00e1me, kdy\u017e u\u017e kr\u00e1\u010d\u00ed liturgick\u00fd pr\u016fvod. A troufnu si tvrdit, \u017ee takov\u00e9 sd\u00edlen\u00ed je pro \u017eivot na\u0161eho spole\u010denstv\u00ed mnohem v\u00edce u\u017eite\u010dn\u00fd ne\u017e n\u011bjak\u00e9 modlen\u00ed. Proto m\u00e1m za to, \u017ee by se r\u016f\u017eenec a dal\u0161\u00ed modlitby m\u011bly nechat na zvl\u00e1\u0161tn\u00ed modlitebn\u00ed setk\u00e1n\u00ed (co\u017e takto u n\u00e1s funguje) a ne vkli\u0148ovat m\u0161i do nekone\u010dn\u00e9ho proudu modliteb.<\/p>\n<p>Modlitby sv. Franti\u0161ka, ve kter\u00fdch se na Marii obrac\u00ed. Nebudu zde zmi\u0148ovat\u00a0<em>Pozdraven\u00ed blahoslaven\u00e9 Panny Marie<\/em>, ale sp\u00ed\u0161e\u00a0<em>V\u00fdzvu ke chv\u00e1le Boha<\/em>\u00a0nebo antifonu v\u00a0<em>Hodink\u00e1ch o utrpen\u00ed P\u00e1n\u011b<\/em>. P\u0159ijde mi, \u017ee v t\u011bchto modlitb\u00e1ch je Maria br\u00e1na jako sou\u010d\u00e1st Bo\u017e\u00edho pl\u00e1nu sp\u00e1sy.<\/p>\n<p>Panna Maria v\u00a0P\u00edsmu. \u00a0Jen tak mimochodem bych zm\u00ednila \u00faryvek L 2,40-50, kde Maria jedn\u00e1 s mate\u0159skou vl\u00eddnost\u00ed, by\u0165 musela b\u00fdt vyd\u011b\u0161en\u00e1 a roz\u010d\u00edlen\u00e1, a Josef ml\u010d\u00ed. Ale ml\u010d\u00ed p\u0159\u00edmo hmatateln\u011b, jak ml\u010det m\u016f\u017ee jen hodn\u011b na\u0161tvan\u00fd chlap a otec, kter\u00fd se mus\u00ed v\u0161\u00ed silou dr\u017eet, aby sv\u00e9mu Bohu a Spasiteli nevrazil p\u00e1r facek. Ale jako st\u011b\u017eejn\u00ed mari\u00e1nsk\u00fd \u00faryvek v Bibli bych vid\u011bla Zj 12.\u00a0N\u011bkte\u0159\u00ed k\u0159es\u0165an\u00e9 tvrd\u00ed, \u017ee onou \u017denou je \u201eprav\u00e1 c\u00edrkev\u201c v opozici v\u016f\u010di nev\u011bstce ze Zj 17, kterou je \u2026 h\u00e1dejte, kdo\u2026 Ale v prvn\u00ed \u010d\u00e1sti kapitoly (ver\u0161e 1\u20136) \u017dena porod\u00ed Mesi\u00e1\u0161e. \u017d\u00e1dn\u00e1 \u201eprav\u00e1\u201c ani \u201elev\u00e1\u201c c\u00edrkev d\u00e1t sv\u011btu Spasitele nedok\u00e1\u017ee. Jedin\u00fdm vysv\u011btlen\u00edm tohoto \u00faryvku je, \u017ee tou \u017denou je Maria.\u00a0Svat\u00fd Jan se zde odkazuje k protoevangeliu v Gn 3,15.\u00a0Ale pozor. Cel\u00e1 Apokalypsa je jako divadeln\u00ed p\u0159edstaven\u00ed, nebo film, chcete-li: po on\u011bch ver\u0161\u00edch 1\u20136 nast\u00e1v\u00e1 st\u0159ih a bitva v nebi, pak zase st\u0159ih a na sc\u00e9n\u011b je op\u011bt \u017dena. Tentokr\u00e1t by u\u017e mohla b\u00fdt C\u00edrkv\u00ed, proto\u017ee se zde mluv\u00ed nikoli o jednom d\u00edt\u011bti, ale o potomstvu. Ale tu C\u00edrkev zde m\u016f\u017ee zt\u011bles\u0148ovat op\u011bt Maria, proto\u017ee jsme j\u00ed byli Je\u017e\u00ed\u0161em d\u00e1ni za potomstvo (srov. J 19,26-27).<\/p>\n<p><strong>Br. Vladim\u00edr Franti\u0161ek Tykvart<\/strong><strong><\/strong><\/p>\n<p>Jak\u00fd je m\u016fj osobn\u00ed vztah k Marii?<em> <\/em>Pannu Marii ct\u00edm jako vzor, v\u00e1\u017e\u00edm si j\u00ed a m\u00e1m ji r\u00e1d, proto\u017ee je prvn\u00edm \u010dlov\u011bkem, kter\u00fd se d\u00edky sv\u00e9 l\u00e1sce k\u00a0Bohu a k lidem dostal do nebe a odtud n\u00e1s chr\u00e1n\u00ed a pom\u00e1h\u00e1 n\u00e1m a p\u0159imlouv\u00e1 se u Boha za dobr\u00e9 v\u011bci pro n\u00e1s.<\/p>\n<p>Marie je pro m\u011b \u017eenou, kter\u00e1 zcela svobodn\u011b vydala svoji v\u016fli Bohu. Tak se mu bez v\u00fdhrad a pochybnost\u00ed oddala a mohla se st\u00e1t dokonal\u00fdm obrazem Boha ve sv\u00e9 oddanosti, l\u00e1sce, poko\u0159e a chudob\u011b. Sou\u010d\u00e1st\u00ed m\u00e9 v\u00edry je to, \u017ee \u017eije d\u00e1l v\u00a0nebi, p\u0159imlouv\u00e1 se u Boha za sv\u00e9 d\u011bti na zemi a vede n\u00e1s ke sv\u00e9mu Synu a P\u00e1nu Je\u017e\u00ed\u0161i Kristu. V\u00edd\u00e1m \u010das od \u010dasu n\u011bkter\u00e9 k\u0159es\u0165ansk\u00e9 sestry a bratry, kte\u0159\u00ed se tak \u201ezamilovali\u201c do Marie, \u017ee se pro n\u011b stala bohem a zapomn\u011bli na jedin\u00e9ho Boha ve t\u0159ech osob\u00e1ch, tj. Otce, Syna a Ducha svat\u00e9ho. Jako by tito lid\u00e9 nevn\u00edmali slova kr\u00e9da, kter\u00e9 zp\u00edvaj\u00ed ka\u017edou ned\u011bli v\u00a0kostele. Mo\u017en\u00e1 ji\u017e do kostela nechod\u00ed a pozornost v\u011bnuj\u00ed pouze osob\u011b Panny Marie.<\/p>\n<p>Pamatuji si na dobu rekonvalescence z\u00a0t\u011b\u017ek\u00e9 nemoci, kdy jsem za\u010dal oslovovat Pannu Marii t\u00e9m\u011b\u0159 ka\u017ed\u00fd den. Tehdy v\u00a0\u010dervnu 2013 jsem se \u00fa\u010dastnil mari\u00e1nsk\u00e9 pouti. Lid\u00e9 se shroma\u017e\u010fovali v\u00a0jedn\u00e9 obci u Pod\u011bbrad. Bylo to m\u00edsto v\u00a0rovin\u011b uprost\u0159ed pol\u00ed a luk, t\u00e9m\u011b\u0159 na samot\u011b. So\u0161ky Panny Marie st\u00e1ly na nos\u00edtk\u00e1ch vyrovnan\u00e9 v\u00a0tr\u00e1v\u011b na zv\u00fd\u0161en\u00e9m okraji cesty. Vid\u011bl jsem, s\u00a0jakou p\u00e9\u010d\u00ed byly p\u0159ipraven\u00e9 a jak se za nimi vlnila tr\u00e1va a nad n\u00ed modr\u00e9 nebe. Lid\u00e9 byli sv\u00e1te\u010dn\u011b oble\u010den\u00ed a \u0159adili se do pr\u016fvodu. Dali jsme se na pochod k\u00a0Pod\u011bbrad\u016fm, muzika hr\u00e1la poutn\u00ed p\u00edsn\u011b, lid\u00e9 zp\u00edvali a j\u00e1 jsem byl v\u00a0povznesen\u00e9 n\u00e1lad\u011b a v\u00a0srdci jsem za\u010dal obdivovat hlavn\u00ed postavu pouti, kterou byla Panna Maria. Snad tehdy jsem byl Marii nejbl\u00ed\u017ee a vid\u011bl jsem ji tak\u00e9 nejv\u00edce jako kr\u00e1lovnu sv\u011bta. Spojily se tehdy m\u00e9 dosavadn\u00ed rozumem schv\u00e1len\u00e9 poznatky o Marii (rozum mi \u0159\u00edkal, \u017ee je ona p\u0159\u00edklad dokonal\u00e9ho \u010dlov\u011bka, takov\u00e9 podoby, jakou pro n\u00e1s v\u0161echny p\u0159ipravil B\u016fh) s\u00a0t\u00edm, jak jsem vn\u00edmal a pro\u017e\u00edval pou\u0165. Od t\u00e9 doby si v\u00e1\u017e\u00edm modlitby r\u016f\u017eence a ch\u00e1pu, \u017ee je to evangelium ve zkratce. Nejrad\u011bji m\u00e1m modlitbu r\u016f\u017eence p\u0159i p\u011b\u0161\u00edch pout\u00edch. Nau\u010dil jsem se ji p\u0159i putov\u00e1n\u00ed franti\u0161k\u00e1nsk\u00fdch terci\u00e1\u0159\u016f z\u00a0Lev\u00e9ho Hradce na Velehrad.<\/p>\n<p>Modlitby sv. Franti\u0161ka, ve kter\u00fdch se na Marii obrac\u00ed. V \u201ePozdraven\u00ed blahoslaven\u00e9 Panny Marie\u201c (viz Franti\u0161k\u00e1nsk\u00e9 prameny str. 68) Franti\u0161ek hluboce a srozumiteln\u011b rozj\u00edm\u00e1 o Bo\u017e\u00edm mate\u0159stv\u00ed Marie. V \u201eAntifon\u011b\u201c (viz Prameny str. 78, Hodinky o utrpen\u00ed P\u00e1n\u011b) Franti\u0161ek kr\u00e1sn\u011b oslovuje Pannu Marii t\u011bmito jm\u00e9ny \u2013 <em>dcero a slu\u017eebnice nejvy\u0161\u0161\u00edho a svrchovan\u00e9ho Kr\u00e1le, nebesk\u00e9ho Otce, Matko na\u0161eho nejsv\u011bt\u011bj\u0161\u00edho P\u00e1na, Snoubenko Ducha svat\u00e9ho<\/em>. To, co Franti\u0161ka tolik fascinuje na Marii je pr\u00e1v\u011b ona slu\u017eba a posl\u00e1n\u00ed, jej\u00ed panensk\u00e9 mate\u0159stv\u00ed a jej\u00ed vztah k Bo\u017esk\u00e9mu Duchu. Franti\u0161ek chce s\u00e1m b\u00fdt Mari\u00ed a k takov\u00e9 prom\u011bn\u011b zve i ostatn\u00ed k\u0159es\u0165any, kdy\u017e jim \u0159\u00edk\u00e1 (viz v Listu v\u0161em v\u011b\u0159\u00edc\u00edm), \u017ee <em>matkami na\u0161eho P\u00e1na Je\u017e\u00ed\u0161e Krista jsme tehdy, kdy\u017e ho nos\u00edme ve sv\u00e9m srdci a ve sv\u00e9m t\u011ble d\u00edky bo\u017esk\u00e9 l\u00e1sce a \u010dist\u00e9mu a up\u0159\u00edmn\u00e9mu sv\u011bdom\u00ed a rod\u00edme ho skrze svat\u00e9 chov\u00e1n\u00ed, kter\u00e9 m\u00e1 druh\u00fdm sv\u00edtit jako vzor.<\/em><\/p>\n<p>Maria se n\u00e1m tak podle Franti\u0161kova vzoru m\u016f\u017ee st\u00e1t vzorem v naslouch\u00e1n\u00ed Bo\u017e\u00edmu slovu a ve v\u011brnosti na\u0161eho povol\u00e1n\u00ed.<\/p>\n<p>Proto je pro n\u00e1s snaz\u0161\u00ed pochopit Franti\u0161k\u016fv z\u00e1pal, s jak\u00fdm slavil jesli\u010dky. Ty nem\u011bly b\u00fdt lidovou pod\u00edvanou, ale m\u011bly slou\u017eit k tomu, aby se v lidsk\u00fdch srdc\u00edch znovu narodilo D\u011b\u0165\u00e1tko. A chudoba, v jak\u00e9 k t\u00e9 z\u00e1zra\u010dn\u00e9 ud\u00e1losti do\u0161lo a kter\u00e1 prov\u00e1zela cel\u00fd \u017eivot Krista a jeho Matky, nem\u00e1 pro Franti\u0161ka jin\u00fd v\u00fdznam ne\u017e uk\u00e1zat velikost Bo\u017e\u00ed l\u00e1sky, kter\u00e1 se pro \u010dlov\u011bka vzd\u00e1v\u00e1 \u00fapln\u011b v\u0161eho. A stejn\u011b jako Maria, kter\u00e1 Krista doprov\u00e1zela a \u017eila sv\u016fj \u017eivot s N\u00edm, nem\u00e1 Franti\u0161ek jin\u00e9 p\u0159\u00e1n\u00ed ne\u017e \u017e\u00edt jako ona v naprost\u00e9 bl\u00edzkosti Bo\u017e\u00edho Syna v dokonal\u00e9 otev\u0159enosti pro p\u016fsoben\u00ed Ducha svat\u00e9ho, aby tak v\u016fle nebesk\u00e9ho Otce byla spln\u011bna a jeho stvo\u0159en\u00ed mohlo b\u00fdt Bo\u017e\u00ed sl\u00e1vou a oslaven\u00edm. Takov\u00fd byl Franti\u0161k\u016fv postoj, zakotven\u00fd v re\u00e1ln\u00e9m \u017eivot\u011b.<\/p>\n<p>Panna Maria v\u00a0P\u00edsmu.\u00a0Mari\u00e1nsk\u00e9 t\u00e9ma v\u00a0P\u00edsmu nach\u00e1z\u00edme na n\u011bkolika m\u00edstech: v\u00a0p\u0159edobrazech PM ve Star\u00e9m z\u00e1kon\u011b, ve \u010dty\u0159ech evangeli\u00edch, v\u00a0listech sv. Pavla a v\u00a0knize Zjeven\u00ed sv. Jana. Evangelist\u00e9 Matou\u0161 a Luk\u00e1\u0161 se zab\u00fdvaj\u00ed Mari\u00ed p\u0159edev\u0161\u00edm v\u00a0prvn\u00edch dvou kapitol\u00e1ch, kde mluv\u00ed o Je\u017e\u00ed\u0161ov\u011b d\u011btstv\u00ed. V\u00a0Markov\u011b evangeliu se Maria objevuje pouze jednou, a to, kdy\u017e za Je\u017e\u00ed\u0161em p\u0159ich\u00e1z\u00ed spole\u010dn\u011b s\u00a0jeho p\u0159\u00edbuzn\u00fdmi (Mk 3,31-35).<\/p>\n<p>V\u00a0Matou\u0161ov\u011b evangeliu je Maria sp\u00ed\u0161e pasivn\u00ed. Aktivn\u00ed je jej\u00ed snoubenec svat\u00fd Josef. Oba zde pouze ml\u010d\u00ed. Matou\u0161 mluv\u00ed o narozen\u00ed Bo\u017e\u00edho Syna z\u00a0Panny a p\u0159edstavuje Marii vzne\u0161en\u00fdm titulem \u201ematka\u201c. D\u00edt\u011b a matka jsou spolu nerozlu\u010dn\u011b spjaty (Mt 1,16-2,23).<\/p>\n<p>Luk\u00e1\u0161ovo evangelium mluv\u00ed o Pann\u011b Marii nejv\u00edce. Jsou to ud\u00e1losti z\u00a0Je\u017e\u00ed\u0161ova \u017eivota. Zv\u011bstov\u00e1n\u00ed (Lk 1,26-38), n\u00e1v\u0161t\u011bva u Al\u017eb\u011bty (Lk 1,39-56), narozen\u00ed v\u00a0Betl\u00e9m\u011b (Lk 2,1-20), p\u0159edstaven\u00ed a nalezen\u00ed v\u00a0chr\u00e1m\u011b (Lk 2,21-52). B\u011bhem Je\u017e\u00ed\u0161ova ve\u0159ejn\u00e9ho p\u016fsoben\u00ed je zde zm\u00ednka nap\u0159\u00edklad, kdy\u017e ho s p\u0159\u00edbuzn\u00fdmi hled\u00e1 (Lk 8,19-21). V\u00a0t\u011bchto p\u0159\u00edb\u011bz\u00edch jsou hlavn\u00ed a vystupuj\u00edc\u00ed vlastnosti Marie pokora a oddanost Bohu. To je pozv\u00e1nka do jej\u00ed \u0161koly. Maria n\u00e1s sv\u00fdm osobn\u00edm p\u0159\u00edkladem vyu\u010duje. Vid\u00edme ji zde ve v\u0161ech p\u0159\u00edpadech jako oddanou slu\u017eebnici \u017eiv\u00e9ho Boha, kter\u00e1 n\u00e1s u\u010d\u00ed P\u00e1na chv\u00e1lit, p\u0159em\u00fd\u0161let o jeho v\u011bcech, uchov\u00e1vat si je v\u00a0pam\u011bti a nezapom\u00ednat na to, co B\u016fh v \u017eivot\u011b \u010dlov\u011bka kon\u00e1. \u00a0Luk\u00e1\u0161ovi se p\u0159ipisuje autorstv\u00ed Skutk\u016f. Zde je Marie hned na za\u010d\u00e1tku \u017eenou, kter\u00e1 pat\u0159\u00ed do prvotn\u00ed k\u0159es\u0165ansk\u00e9 obce, kter\u00e1 je u ko\u0159en\u016f c\u00edrkve a setrv\u00e1v\u00e1 s\u00a0apo\u0161toly na modlitb\u00e1ch (Sk 1,14). Zde vid\u00edme p\u0159\u00edklad k\u00a0n\u00e1sledov\u00e1n\u00ed tak\u00e9: u\u010den\u00ed se trp\u011blivosti v\u00a0o\u010dek\u00e1v\u00e1n\u00ed Bo\u017e\u00edch dar\u016f.<\/p>\n<p>V\u00a0Janov\u011b evangeliu \u010dteme o Pann\u011b Marii na dvou m\u00edstech: svatb\u011b v\u00a0K\u00e1n\u011b (Jan 1,1-11) a pod k\u0159\u00ed\u017eem (Jan 19,25-27). V\u00a0K\u00e1n\u011b Maria chce pomoct novoman\u017eel\u016fm a z\u00e1rove\u0148 naprosto v\u011b\u0159\u00ed, \u017ee Je\u017e\u00ed\u0161 je prav\u00fd B\u016fh, kter\u00fd se nechce uk\u00e1zat jako\u00a0n\u011bjak\u00fd kouzeln\u00edk, ale jako ten, kter\u00fd pom\u00e1h\u00e1 \u010dlov\u011bku a d\u00e1v\u00e1 mu to nejlep\u0161\u00ed. \u010cteme jej\u00ed posledn\u00ed slova v P\u00edsmu:\u00a0<em>\u201eUd\u011blejte v\u0161echno, co v\u00e1m \u0159ekne.\u201c<\/em>\u00a0(Jan 2,5) To je v\u00fdborn\u00e1 rada i pro ka\u017ed\u00e9ho z n\u00e1s. Druh\u00e1 zm\u00ednka je pro n\u00e1s pozv\u00e1n\u00edm pod k\u0159\u00ed\u017e. Kristus um\u00edr\u00e1 za ka\u017ed\u00e9ho z n\u00e1s a d\u00e1v\u00e1 n\u00e1m Marii za matku. To je naprosto z\u00e1sadn\u00ed chv\u00edle. Je\u017e\u00ed\u0161 m\u00e1 starost o svoji matku i o n\u00e1s. Mariino mate\u0159stv\u00ed v\u016f\u010di v\u0161em lidem je zde jasn\u011b stanoveno. Ona je Matkou v\u0161ech. Kdy\u017e Kristus um\u00edral, odk\u00e1zal j\u00ed ty, kter\u00e9 miloval, a v\u0161echny, kter\u00fdm svou smrt\u00ed otev\u0159el v\u011b\u010dn\u00fd \u017eivot. Mate\u0159stv\u00ed t\u00e9, kter\u00e1 porodila Je\u017e\u00ed\u0161e Krista, bude m\u00edt \u201enov\u00e9\u201c pokra\u010dov\u00e1n\u00ed v\u00a0c\u00edrkvi a skrze c\u00edrkev. Toto pokra\u010dov\u00e1n\u00ed se tedy t\u00fdk\u00e1 i n\u00e1s. Z\u00e1v\u011br: Bible n\u00e1m ukazuje Pannu Marii jako velk\u00fd vzor hodn\u00fd n\u00e1sledov\u00e1n\u00ed.<\/p>\n<p><strong>Br. Martin Ko\u0161\u0165\u00e1lek<\/strong><\/p>\n<p>Panna Maria je pro m\u011b p\u0159edev\u0161\u00edm maminkou. Bezpe\u010dn\u00fdm \u00fato\u010di\u0161t\u011bm, pokojn\u00fdm n\u00e1ru\u010d\u00edm, ve kter\u00e9m mohu spo\u010dinout. Z\u00e1rove\u0148 velkou inspirac\u00ed, jako\u017eto jednou z n\u00e1s \u2013 lid\u00ed, v jej\u00ed\u017e \u0161l\u00e9p\u011bj\u00edch lze j\u00edt cestou k Bohu.\u00a0<\/p>","protected":false},"excerpt":{"rendered":"<p>M\u00edstn\u00ed bratrsk\u00e9 spole\u010denstv\u00ed Sekul\u00e1rn\u00edho franti\u0161k\u00e1nsk\u00e9ho \u0159\u00e1du v Plzni\u0158ehole Sekul\u00e1rn\u00edho franti\u0161k\u00e1nsk\u00e9ho \u0159\u00e1du (OFS)Odpov\u011bdi sester a brat\u0159\u00ed na ot\u00e1zky k \u010dl\u00e1nku \u010d. &hellip; <\/p>\n","protected":false},"author":0,"featured_media":0,"comment_status":"open","ping_status":"open","sticky":false,"template":"","format":"standard","meta":{"footnotes":""},"categories":[6,28],"tags":[],"class_list":["post-7737","post","type-post","status-publish","format-standard","hentry","category-frantiskanskarodina","category-sekularni-frantiskani","latest_post"],"_links":{"self":[{"href":"https:\/\/www.frantiskani.cz\/index.php\/wp-json\/wp\/v2\/posts\/7737","targetHints":{"allow":["GET"]}}],"collection":[{"href":"https:\/\/www.frantiskani.cz\/index.php\/wp-json\/wp\/v2\/posts"}],"about":[{"href":"https:\/\/www.frantiskani.cz\/index.php\/wp-json\/wp\/v2\/types\/post"}],"replies":[{"embeddable":true,"href":"https:\/\/www.frantiskani.cz\/index.php\/wp-json\/wp\/v2\/comments?post=7737"}],"version-history":[{"count":0,"href":"https:\/\/www.frantiskani.cz\/index.php\/wp-json\/wp\/v2\/posts\/7737\/revisions"}],"wp:attachment":[{"href":"https:\/\/www.frantiskani.cz\/index.php\/wp-json\/wp\/v2\/media?parent=7737"}],"wp:term":[{"taxonomy":"category","embeddable":true,"href":"https:\/\/www.frantiskani.cz\/index.php\/wp-json\/wp\/v2\/categories?post=7737"},{"taxonomy":"post_tag","embeddable":true,"href":"https:\/\/www.frantiskani.cz\/index.php\/wp-json\/wp\/v2\/tags?post=7737"}],"curies":[{"name":"wp","href":"https:\/\/api.w.org\/{rel}","templated":true}]}}