{"id":7742,"date":"2023-11-04T08:23:23","date_gmt":"2023-11-04T07:23:23","guid":{"rendered":"https:\/\/www.frantiskani.cz\/?p=7742"},"modified":"2023-11-04T08:23:27","modified_gmt":"2023-11-04T07:23:27","slug":"milovat-boha-skrze-stvoreni","status":"publish","type":"post","link":"https:\/\/www.frantiskani.cz\/index.php\/2023\/11\/04\/milovat-boha-skrze-stvoreni\/","title":{"rendered":"Milovat Boha skrze stvo\u0159en\u00ed"},"content":{"rendered":"\n<h6 class=\"wp-block-heading\">Shrnut\u00ed \u010dty\u0159ic\u00e1t\u00e9ho \u010dtvrt\u00e9ho t\u00fddne 29. \u0159\u00edjna &#8211; 3. listopadu 2023<\/h6>\n\n\n\n<h4 class=\"wp-block-heading\">Ned\u011ble<\/h4>\n\n\n\n<p>Spiritualita stvo\u0159en\u00ed je zako\u0159en\u011bna p\u0159edev\u0161\u00edm v p\u0159\u00edrod\u011b, ve zku\u0161enosti a ve sv\u011bt\u011b, jak\u00fd je. Tato bohat\u00e1 hebrejsk\u00e1 spiritualita formovala mysl, srdce a u\u010den\u00ed Je\u017e\u00ed\u0161e z Nazareta.-Richard Rohr<\/p>\n\n\n\n<h4 class=\"wp-block-heading\">Pond\u011bl\u00ed<\/h4>\n\n\n\n<p>Za v\u0161echny velk\u00e9 my\u0161lenky, kter\u00e9 jsem \u010detl, \/ za v\u0161echny hlubok\u00e9 knihy, kter\u00e9 jsem studoval, \/ \u017e\u00e1dn\u00e1 m\u011b nep\u0159ivedla bl\u00ed\u017e k Duchu, \/ ne\u017e proch\u00e1zka pod t\u0159pytiv\u00fdm list\u00edm. -Steven Charleston<\/p>\n\n\n\n<h4 class=\"wp-block-heading\">\u00dater\u00fd<\/h4>\n\n\n\n<p>Vypr\u00e1v\u011bn\u00ed o stvo\u0159en\u00ed v knize Genesis, stejn\u011b jako mnoho domorod\u00fdch vypr\u00e1v\u011bn\u00ed o stvo\u0159en\u00ed, povzbuzuje \u010dlov\u011bka, aby vn\u00edmal \u0161ir\u0161\u00ed stvo\u0159en\u00fd \u0159\u00e1d jako sou\u010d\u00e1st t\u00e9ho\u017e &#8222;rodokmenu nebes a zem\u011b&#8220; (Genesis 2,4). -Randy Woodley<\/p>\n\n\n\n<h4 class=\"wp-block-heading\">St\u0159eda<\/h4>\n\n\n\n<p>Pokud skute\u010dn\u011b v\u011b\u0159\u00edme, \u017ee n\u00e1s B\u016fh obklopuje, v\u011b\u0159\u00edme, \u017ee modlitba je ka\u017edodenn\u00ed zku\u0161enost\u00ed byt\u00ed na\u017eivu&#8230;.. Kdy\u017e vyjdete ven a zapoj\u00edte se do sv\u011bta v tich\u00e9m naslouch\u00e1n\u00ed, modlitba se stane a z\u00edsk\u00e1 pro v\u00e1s vlastn\u00ed zp\u016fsob byt\u00ed. -Kaitlin Curtice<\/p>\n\n\n\n<h4 class=\"wp-block-heading\">\u010ctvrtek<\/h4>\n\n\n\n<p>Mysl\u00edm, \u017ee abychom lidem dali smysl, budeme muset znovu objevit svou sp\u0159\u00edzn\u011bnost s plazy &#8211; a rybami, hmyzem, pt\u00e1ky, savci a stromy palo santo -, s nimi\u017e sd\u00edl\u00edme sv\u011bt. -Brian McLaren<\/p>\n\n\n\n<h4 class=\"wp-block-heading\">P\u00e1tek<\/h4>\n\n\n\n<p>Ka\u017edodenn\u00ed vesm\u00edrn\u00e9 d\u011bn\u00ed na obloze a na zemi je Skute\u010dnost nad na\u0161imi hlavami a pod na\u0161ima nohama ka\u017edou minutu na\u0161eho \u017eivota: nep\u0159etr\u017eit\u00e1 sv\u00e1tost. -Richard Rohr<\/p>\n\n\n\n<h2 class=\"wp-block-heading\">Ob\u011btn\u00ed kv\u011btina<\/h2>\n\n\n\n<h6 class=\"wp-block-heading\">\u010cty\u0159ic\u00e1t\u00fd \u010dtvrt\u00fd t\u00fdden Cvi\u010den\u00ed<\/h6>\n\n\n\n<p><em>Franti\u0161k\u00e1nka sestra Jos\u00e9 Hobdayov\u00e1 (1929-2009) byla seneckou sta\u0159e\u0161inou a p\u0159\u00edtelkyn\u00ed CAC v jej\u00edch prvn\u00edch dnech. P\u00ed\u0161e o zp\u016fsobu modlitby, kter\u00fd se nau\u010dila od sv\u00e9 matky:<\/em><\/p>\n\n\n\n<h4 class=\"wp-block-heading\">modlitba Ob\u011btn\u00ed kv\u011bt pro \u0161\u0165astn\u00e9 chv\u00edle<\/h4>\n\n\n\n<p>Velmi zvl\u00e1\u0161tn\u00edm [zp\u016fsobem modlitby] byla modlitba Ob\u011btn\u00ed kv\u011bt, kterou si [moje matka] osvojila z d\u011bdictv\u00ed sv\u00e9ho lidu, Senek\u016f Irok\u00e9z\u016f. Nau\u010dila m\u011b \u0159\u00edkat tuto modlitbu, kdy\u017e jsem se c\u00edtila \u0161patn\u011b nebo kdy\u017e jsem m\u011bla n\u011bjak\u00e9 b\u0159emeno, kter\u00e9ho jsem se cht\u011bla zbavit. Pozd\u011bji jsem se ji nau\u010dil pou\u017e\u00edvat p\u0159i \u0161\u0165astn\u00fdch p\u0159\u00edle\u017eitostech a kdy\u017e jsem m\u011bl zvl\u00e1\u0161tn\u00ed prosbu, kterou jsem cht\u011bl vzn\u00e9st k Bohu.<\/p>\n\n\n\n<h4 class=\"wp-block-heading\">\u0160la jsem kv\u00edtek hledat do p\u0159\u00edrody<\/h4>\n\n\n\n<p>Jako v\u0161echny matky v\u017edycky poznala, kdy\u017e m\u011b n\u011bco tr\u00e1pilo. \u0158\u00edkala mi: &#8222;Dob\u0159e, Jo. Mysl\u00edm, \u017ee je na\u010dase, abys \u0161la ven a na\u0161la si Ob\u011btn\u00ed kv\u00edtek.&#8220;&#8230;<\/p>\n\n\n\n<h4 class=\"wp-block-heading\">A pak jej chr\u00e1nila<\/h4>\n\n\n\n<p>Ta kv\u011btina m\u011bla b\u00fdt v\u00fdjime\u010dn\u00e1, takov\u00e1, kter\u00e1 pro m\u011b hodn\u011b znamenala&#8230;.. Maminka mi nav\u00edc \u0159ekla, \u017ee s tou kv\u011btinou m\u00e1m zach\u00e1zet velmi opatrn\u011b, proto\u017ee byla vybr\u00e1na ke svat\u00e9mu \u00fa\u010delu. L\u00e1skypln\u011b jsem ji sev\u0159ela v dlan\u00edch, aby se j\u00ed nic nestalo.<\/p>\n\n\n\n<h4 class=\"wp-block-heading\">Ob\u011btn\u00ed kv\u00edtko<\/h4>\n\n\n\n<p>Kdy\u017e jsem p\u0159i\u0161la dom\u016f, ud\u011blala jsem, co mi maminka na\u0159\u00eddila, a \u0159ekla jsem kv\u011btin\u011b, jak\u00e9 b\u0159emeno chci zvednout a odn\u00e9st k Bohu. Jak to m\u011bla kv\u011btina ud\u011blat? Nezapome\u0148te, \u017ee to byla Ob\u011btn\u00ed kv\u011btina, kter\u00e1 m\u011bla zem\u0159\u00edt. My\u0161lenka byla takov\u00e1, \u017ee a\u017e z kv\u011btiny odejde \u017eivot, odnese mou modlitbu k Bohu&#8230;..<\/p>\n\n\n\n<h4 class=\"wp-block-heading\">Putov\u00e1n\u00ed k Bohu<\/h4>\n\n\n\n<p>Poka\u017ed\u00e9, kdy\u017e jsem kv\u011btinu vid\u011bla, vid\u011bla jsem, jak za m\u011b ob\u011btuje sv\u016fj \u017eivot, a mohla jsem si p\u0159edstavit, jak se moje modlitba nese k Bohu&#8230;.. Kdy\u017e kv\u011btina nakonec zem\u0159ela, vynesla jsem ji ven, rozlou\u010dila se s n\u00ed a pod\u011bkovala j\u00ed za to, \u017ee za m\u011b dala sv\u016fj \u017eivot a p\u0159enesla mou modlitbu. Pak jsem ji poh\u0159bila, aby m\u011bla \u0161anci na nov\u00fd \u017eivot&#8230;..<\/p>\n\n\n\n<h4 class=\"wp-block-heading\">Jsme sob\u011b navz\u00e1jem ob\u011btn\u00edmi kv\u00edtky<\/h4>\n\n\n\n<p>T\u00edmto jednoduch\u00fdm, n\u00e1zorn\u00fdm zp\u016fsobem m\u011b matka nau\u010dila, jak povzn\u00e1\u0161ej\u00edc\u00ed m\u016f\u017ee b\u00fdt modlitba. A p\u0159itom m\u011b tak\u00e9 u\u010dila o \u017eivot\u011b &#8211; jak je um\u00edr\u00e1n\u00ed i vst\u00e1v\u00e1n\u00ed z\u00e1kladem \u017eivota a jak je d\u016fle\u017eit\u00e9, abychom se pro sebe navz\u00e1jem stali Ob\u011btn\u00edmi kv\u011bty.<\/p>\n\n\n\n<h6 class=\"wp-block-heading\">Prameny:<\/h6>\n\n\n\n<p>Jos\u00e9 Hobday,&nbsp;<em>Stories of Awe and Abundance&nbsp;<\/em>(Kansas City, MO: Sheed &amp; Ward, 1995), 17, 18.<\/p>\n\n\n\n<p><strong>Image credit:<\/strong>&nbsp;A path from one week to the next\u2014Lo\u00efs Mailou Jones,&nbsp;<em>Jeune Fille Fran\u00e7ais&nbsp;<\/em>(detail), 1951, oil on canvas,&nbsp;<a href=\"https:\/\/email.cac.org\/t\/d-l-vdjktdy-tlkrhyidn-k\/\">Smithsonian<\/a>;&nbsp;<em>Textile Design for Cretonne&nbsp;<\/em>(detail), 1928, watercolor on paper,&nbsp;<a href=\"https:\/\/email.cac.org\/t\/d-l-vdjktdy-tlkrhyidn-u\/\">Smithsonian<\/a>;&nbsp;<em>Eglise Saint Joseph<\/em>&nbsp;(detail), 1954, oil on canvas,&nbsp;<a href=\"https:\/\/email.cac.org\/t\/d-l-vdjktdy-tlkrhyidn-o\/\">Smithsonian<\/a>.&nbsp;<a href=\"https:\/\/email.cac.org\/t\/d-l-vdjktdy-tlkrhyidn-b\/\">Click here to enlarge image<\/a>.<\/p>\n\n\n\n<p><em>Creation teaches us to love God in all Her death, decay, fallow times, insemination, growth, blooming and life and death and life.<\/em><\/p>\n","protected":false},"excerpt":{"rendered":"<p>Velmi zvl\u00e1\u0161tn\u00edm [zp\u016fsobem modlitby] byla modlitba Ob\u011btn\u00ed kv\u011bt, kterou si [moje matka] osvojila z d\u011bdictv\u00ed sv\u00e9ho lidu, Senek\u016f Irok\u00e9z\u016f. Nau\u010dila m\u011b \u0159\u00edkat tuto modlitbu, kdy\u017e jsem se c\u00edtila \u0161patn\u011b nebo kdy\u017e jsem m\u011bla n\u011bjak\u00e9 b\u0159emeno, kter\u00e9ho jsem se cht\u011bla zbavit. Pozd\u011bji jsem se ji nau\u010dil pou\u017e\u00edvat p\u0159i \u0161\u0165astn\u00fdch p\u0159\u00edle\u017eitostech a kdy\u017e jsem m\u011bl zvl\u00e1\u0161tn\u00ed prosbu, kterou jsem cht\u011bl vzn\u00e9st k Bohu.<\/p>\n","protected":false},"author":1,"featured_media":7711,"comment_status":"open","ping_status":"open","sticky":false,"template":"","format":"standard","meta":{"footnotes":""},"categories":[198],"tags":[276,1370,1376],"class_list":["post-7742","post","type-post","status-publish","format-standard","has-post-thumbnail","hentry","category-richard-rohr-ofm-centrum-pro-zivot-a-rozjimani","tag-harmonie-stvoreni","tag-modlitba-v-prirode","tag-obetni-kvitek","latest_post"],"_links":{"self":[{"href":"https:\/\/www.frantiskani.cz\/index.php\/wp-json\/wp\/v2\/posts\/7742","targetHints":{"allow":["GET"]}}],"collection":[{"href":"https:\/\/www.frantiskani.cz\/index.php\/wp-json\/wp\/v2\/posts"}],"about":[{"href":"https:\/\/www.frantiskani.cz\/index.php\/wp-json\/wp\/v2\/types\/post"}],"author":[{"embeddable":true,"href":"https:\/\/www.frantiskani.cz\/index.php\/wp-json\/wp\/v2\/users\/1"}],"replies":[{"embeddable":true,"href":"https:\/\/www.frantiskani.cz\/index.php\/wp-json\/wp\/v2\/comments?post=7742"}],"version-history":[{"count":1,"href":"https:\/\/www.frantiskani.cz\/index.php\/wp-json\/wp\/v2\/posts\/7742\/revisions"}],"predecessor-version":[{"id":7743,"href":"https:\/\/www.frantiskani.cz\/index.php\/wp-json\/wp\/v2\/posts\/7742\/revisions\/7743"}],"wp:featuredmedia":[{"embeddable":true,"href":"https:\/\/www.frantiskani.cz\/index.php\/wp-json\/wp\/v2\/media\/7711"}],"wp:attachment":[{"href":"https:\/\/www.frantiskani.cz\/index.php\/wp-json\/wp\/v2\/media?parent=7742"}],"wp:term":[{"taxonomy":"category","embeddable":true,"href":"https:\/\/www.frantiskani.cz\/index.php\/wp-json\/wp\/v2\/categories?post=7742"},{"taxonomy":"post_tag","embeddable":true,"href":"https:\/\/www.frantiskani.cz\/index.php\/wp-json\/wp\/v2\/tags?post=7742"}],"curies":[{"name":"wp","href":"https:\/\/api.w.org\/{rel}","templated":true}]}}