{"id":7933,"date":"2023-12-07T11:46:48","date_gmt":"2023-12-07T10:46:48","guid":{"rendered":"https:\/\/www.frantiskani.cz\/?p=7933"},"modified":"2023-12-07T11:46:53","modified_gmt":"2023-12-07T10:46:53","slug":"duchovni-praxe-bazne","status":"publish","type":"post","link":"https:\/\/www.frantiskani.cz\/index.php\/2023\/12\/07\/duchovni-praxe-bazne\/","title":{"rendered":"Duchovn\u00ed praxe b\u00e1zn\u011b"},"content":{"rendered":"\n<h3 class=\"wp-block-heading\">\u010cty\u0159ic\u00e1t\u00fd dev\u00e1t\u00fd t\u00fdden: \u00da\u017eas a \u00facta<\/h3>\n\n\n\n<p><em>Mou v\u00edru dr\u017e\u00ed pohromad\u011b \u00fa\u017eas &#8211; ka\u017ed\u00fd vzdorn\u00fd z\u00e1vazek k p\u0159\u00edtomnosti a pozornosti.-Cole Arthur Riley, This Here Flesh (Toto t\u011blo)<\/em><\/p>\n\n\n\n<p><em>Spisovatel a liturgista Cole Arthur Riley popisuje \u00fa\u017eas jako duchovn\u00ed praxi:<\/em><\/p>\n\n\n\n<h4 class=\"wp-block-heading\">Nasadit si br\u00fdle \u00facty<\/h4>\n\n\n\n<p>Mysl\u00edm, \u017ee \u00facta je cvi\u010den\u00ed, je to kon\u00e1n\u00ed i byt\u00ed. Je to duchovn\u00ed sval na\u0161eho lidstv\u00ed, kter\u00fd m\u016f\u017eeme uchr\u00e1nit p\u0159ed atrofi\u00ed, jen kdy\u017e ho budeme cvi\u010dit ze zvyku. Sed\u00edm na m\u00fdtin\u011b za [m\u00fdm domem] a poslouch\u00e1m zp\u011bv vla\u0161tovek, kter\u00fd se m\u00eds\u00ed se zvukem proj\u00ed\u017ed\u011bj\u00edc\u00edch aut. Pozoruji proud ml\u00e9ka v m\u00e9m \u010daji a mal\u00e9 l\u00edstky tan\u010d\u00edc\u00ed voln\u011b ze sv\u00e9ho s\u00e1\u010dku. Zdr\u017euji se v zrcadle a neodvrac\u00edm zrak. Sleduji st\u00edny obj\u00edmaj\u00edc\u00ed m\u00e9 rty a neodvrac\u00edm zrak. \u00dacta nen\u00ed \u010do\u010dka, skrze kterou vid\u00edme sv\u011bt, ale na\u0161e jedin\u00e1 cesta k vid\u011bn\u00ed. Jak\u00e1koli jin\u00e1 \u010do\u010dka nen\u00ed \u010do\u010dka, ale z\u00e1voj. A j\u00e1 jsem uv\u011b\u0159il, \u017ee na\u0161e naz\u00edr\u00e1n\u00ed &#8211; vid\u011bt z\u00e1voje tohoto sv\u011bta znovu a znovu odhrnut\u00e9, by\u0165 jen na okam\u017eik &#8211; je nemalou formou sp\u00e1sy.<\/p>\n\n\n\n<h4 class=\"wp-block-heading\">A k&nbsp;tomu dalekohled na kr\u00e1sno<\/h4>\n\n\n\n<p>Kdy\u017e mluv\u00edm o \u00fa\u017easu, m\u00e1m na mysli praxi naz\u00edr\u00e1n\u00ed na kr\u00e1sno. Vid\u011bt to majest\u00e1tn\u00ed &#8211; zasn\u011b\u017een\u00e9 Him\u00e1laje, slunce zapadaj\u00edc\u00ed na mo\u0159i &#8211; ale tak\u00e9 to naprosto v\u0161edn\u00ed &#8211; m\u00fddlovou bublinu odr\u00e1\u017eej\u00edc\u00ed se ve va\u0161\u00ed kuchyni, zoxidovan\u00fd spodek p\u00e1nve z nerezov\u00e9 oceli. V\u00edce ne\u017e o velkolep\u00e9 kr\u00e1sy na\u0161eho \u017eivota jde o to, abychom byli schopni v\u011bnovat pozornost v\u0161ednosti. Dalo by se \u0159\u00edci, \u017ee naj\u00edt kr\u00e1su v oby\u010dejnosti je hlub\u0161\u00ed \u00fakol ne\u017e vystoupat na vrchol hory&#8230;..<\/p>\n\n\n\n<h4 class=\"wp-block-heading\">Setkat se se svat\u00fdm v oby\u010dejnosti znamen\u00e1 naj\u00edt Boha v\u0161ude<\/h4>\n\n\n\n<p>Setkat se se svat\u00fdm v oby\u010dejnosti znamen\u00e1 naj\u00edt Boha v limin\u00e1ln\u00edm prostoru &#8211; v m\u00edstech, kde bychom ho mohli podv\u011bdom\u011b vylou\u010dit, v\u010detn\u011b smyslov\u00fdch moment\u016f, kter\u00e9 jsou \u010dasto ne\u010diteln\u011b duchovn\u00ed. [1]<\/p>\n\n\n\n<p><em>Arthur Riley popisuje, jak \u00fa\u017eas zvy\u0161uje na\u0161i schopnost milovat sebe, bli\u017en\u00edho i cizince:<\/em><\/p>\n\n\n\n<h4 class=\"wp-block-heading\">A pak p\u0159idat mikroskop a obdivovat ka\u017edou \u010d\u00e1st lidsk\u00e9ho t\u011bla<\/h4>\n\n\n\n<p>K z\u00e1zraku pat\u0159\u00ed schopnost obdivovat lidstvo, dokonce i to vlastn\u00ed. Umo\u017e\u0148uje n\u00e1m odhodit nebezpe\u010dn\u00e9 p\u0159esv\u011bd\u010den\u00ed, \u017ee v\u011bci hodn\u00e9 \u00fa\u017easu lze nal\u00e9zt pouze na v\u00fdletech do p\u0159\u00edrody a vyhl\u00eddk\u00e1ch. To n\u00e1s m\u016f\u017ee odv\u00e1d\u011bt od kr\u00e1sy, kter\u00e1 n\u00e1mi denn\u011b proud\u00ed. Ka\u017ed\u00e1 vte\u0159ina, kterou n\u00e1s na\u0161e org\u00e1ny a kosti udr\u017euj\u00ed p\u0159i \u017eivot\u011b, je toti\u017e z\u00e1zrak. Kdy\u017e se tyto kosti hoj\u00ed, kdy\u017e se na\u0161e r\u00e1ny zaceluj\u00ed, je to na\u0161e v\u00fdzva k tomu, abychom obdivovali sv\u00e1 t\u011bla &#8211; jejich regeneraci, stabilitu nebo k\u0159ehkost. T\u00edm roste n\u00e1\u0161 smysl pro d\u016fstojnost.<\/p>\n\n\n\n<h4 class=\"wp-block-heading\">M\u011bjme \u00factu ke ka\u017ed\u00e9mu \u010dlov\u011bku<\/h4>\n\n\n\n<p>Um\u011bt \u017easnout nad tv\u00e1\u0159\u00ed bli\u017en\u00edho se stejnou \u00factou, jakou chov\u00e1me k vrcholku hory, nad lomem slune\u010dn\u00edho sv\u011btla &#8211; tento zp\u016fsob vid\u011bn\u00ed je to, co n\u00e1s ochr\u00e1n\u00ed p\u0159ed vz\u00e1jemn\u00fdm ni\u010den\u00edm&#8230;.<\/p>\n\n\n\n<h4 class=\"wp-block-heading\">A pak jsme i my sou\u010d\u00e1st\u00ed p\u0159\u00edb\u011bhu<\/h4>\n\n\n\n<p>\u00dadiv vy\u017eaduje, aby \u010dlov\u011bk nezapom\u00ednal na sebe, ale aby se c\u00edtil tak intenzivn\u011b, \u017ee se mu vyjev\u00ed jeho propojen\u00ed s ka\u017edou stvo\u0159enou v\u011bc\u00ed. V posv\u00e1tn\u00e9m \u00fa\u017easu jsme sou\u010d\u00e1st\u00ed p\u0159\u00edb\u011bhu. [2]&nbsp;<\/p>\n\n\n\n<h6 class=\"wp-block-heading\">Prameny:<\/h6>\n\n\n\n<p>[1] Cole Arthur Riley,&nbsp;<em>This Here Flesh: Spirituality, Liberation, and the Stories That Make Us<\/em>&nbsp;(New York: Convergent, 2022), 31\u201332, 33.<\/p>\n\n\n\n<p>[2] Arthur Riley,&nbsp;<em>This Here Flesh<\/em>, 36, 37.<\/p>\n\n\n\n<p><strong>Image credit:&nbsp;<\/strong>A path from one week to the next\u2014Madison Frambes,&nbsp;<em>Untitled 4, 1, and 7<\/em>&nbsp;(detail), 2023, naturally dyed paper and ink, Mexico, used with permission.&nbsp;<a href=\"https:\/\/email.cac.org\/t\/d-l-vhkykuy-tlkrhyidn-y\/\">Click here to enlarge image<\/a>.<\/p>\n\n\n\n<p><em>When we are in awe, there are no deeds to be done or words to be said; a simple, ecstatic surrender.<\/em><\/p>\n","protected":false},"excerpt":{"rendered":"<p>Kdy\u017e mluv\u00edm o \u00fa\u017easu, m\u00e1m na mysli praxi naz\u00edr\u00e1n\u00ed na kr\u00e1sno. Vid\u011bt to majest\u00e1tn\u00ed &#8211; zasn\u011b\u017een\u00e9 Him\u00e1laje, slunce zapadaj\u00edc\u00ed na mo\u0159i &#8211; ale tak\u00e9 to naprosto v\u0161edn\u00ed &#8211; m\u00fddlovou bublinu odr\u00e1\u017eej\u00edc\u00ed se ve va\u0161\u00ed kuchyni, zoxidovan\u00fd spodek p\u00e1nve z nerezov\u00e9 oceli. V\u00edce ne\u017e o velkolep\u00e9 kr\u00e1sy na\u0161eho \u017eivota jde o to, abychom byli schopni v\u011bnovat pozornost v\u0161ednosti. Dalo by se \u0159\u00edci, \u017ee naj\u00edt kr\u00e1su v oby\u010dejnosti je hlub\u0161\u00ed \u00fakol ne\u017e vystoupat na vrchol hory&#8230;..<\/p>\n","protected":false},"author":1,"featured_media":7853,"comment_status":"open","ping_status":"open","sticky":false,"template":"","format":"standard","meta":{"footnotes":""},"categories":[198],"tags":[1011,519,1448],"class_list":["post-7933","post","type-post","status-publish","format-standard","has-post-thumbnail","hentry","category-richard-rohr-ofm-centrum-pro-zivot-a-rozjimani","tag-ucta","tag-uzas","tag-vnimat-vsednost","latest_post"],"_links":{"self":[{"href":"https:\/\/www.frantiskani.cz\/index.php\/wp-json\/wp\/v2\/posts\/7933","targetHints":{"allow":["GET"]}}],"collection":[{"href":"https:\/\/www.frantiskani.cz\/index.php\/wp-json\/wp\/v2\/posts"}],"about":[{"href":"https:\/\/www.frantiskani.cz\/index.php\/wp-json\/wp\/v2\/types\/post"}],"author":[{"embeddable":true,"href":"https:\/\/www.frantiskani.cz\/index.php\/wp-json\/wp\/v2\/users\/1"}],"replies":[{"embeddable":true,"href":"https:\/\/www.frantiskani.cz\/index.php\/wp-json\/wp\/v2\/comments?post=7933"}],"version-history":[{"count":1,"href":"https:\/\/www.frantiskani.cz\/index.php\/wp-json\/wp\/v2\/posts\/7933\/revisions"}],"predecessor-version":[{"id":7934,"href":"https:\/\/www.frantiskani.cz\/index.php\/wp-json\/wp\/v2\/posts\/7933\/revisions\/7934"}],"wp:featuredmedia":[{"embeddable":true,"href":"https:\/\/www.frantiskani.cz\/index.php\/wp-json\/wp\/v2\/media\/7853"}],"wp:attachment":[{"href":"https:\/\/www.frantiskani.cz\/index.php\/wp-json\/wp\/v2\/media?parent=7933"}],"wp:term":[{"taxonomy":"category","embeddable":true,"href":"https:\/\/www.frantiskani.cz\/index.php\/wp-json\/wp\/v2\/categories?post=7933"},{"taxonomy":"post_tag","embeddable":true,"href":"https:\/\/www.frantiskani.cz\/index.php\/wp-json\/wp\/v2\/tags?post=7933"}],"curies":[{"name":"wp","href":"https:\/\/api.w.org\/{rel}","templated":true}]}}