{"id":7948,"date":"2023-12-09T08:43:01","date_gmt":"2023-12-09T07:43:01","guid":{"rendered":"https:\/\/www.frantiskani.cz\/?p=7948"},"modified":"2023-12-09T08:43:07","modified_gmt":"2023-12-09T07:43:07","slug":"uzas-a-udiv","status":"publish","type":"post","link":"https:\/\/www.frantiskani.cz\/index.php\/2023\/12\/09\/uzas-a-udiv\/","title":{"rendered":"\u00da\u017eas a \u00fadiv"},"content":{"rendered":"\n<h6 class=\"wp-block-heading\">Shrnut\u00ed \u010dty\u0159ic\u00e1t\u00e9ho dev\u00e1t\u00e9ho t\u00fddne 3. prosince &#8211; 8. prosince 2023<\/h6>\n\n\n\n<h4 class=\"wp-block-heading\">Ned\u011ble<\/h4>\n\n\n\n<p>V\u011b\u0159\u00edm, \u017ee z\u00e1kladn\u00ed, prvotn\u00ed, fundament\u00e1ln\u00ed n\u00e1bo\u017eenskou intuic\u00ed je moment \u00fa\u017easu a \u00fadivu.-Richard Rohr<\/p>\n\n\n\n<h4 class=\"wp-block-heading\">Pond\u011bl\u00ed<\/h4>\n\n\n\n<p>Okam\u017eiky \u00fa\u017easu a \u00fadivu jsou jedin\u00fdm pevn\u00fdm z\u00e1kladem cel\u00e9ho n\u00e1bo\u017eensk\u00e9ho instinktu a cesty.-Richard Rohr<\/p>\n\n\n\n<h4 class=\"wp-block-heading\">\u00dater\u00fd<\/h4>\n\n\n\n<p>Kontemplativn\u00ed postoj, kter\u00fd plyne z radik\u00e1ln\u00edho \u00fa\u017easu, n\u00e1s zachycuje v l\u00e1sce &#8211; v l\u00e1sce, kter\u00e1 je Stvo\u0159itelem v\u0161eho, co je, ve svat\u00e9m tajemstv\u00ed, kter\u00e9 nikdy nep\u0159est\u00e1v\u00e1 \u017easnout, nikdy nep\u0159est\u00e1v\u00e1 rozd\u00e1vat l\u00e1sku v n\u00e1s, na n\u00e1s, kolem n\u00e1s.-Judy Cannato<\/p>\n\n\n\n<h4 class=\"wp-block-heading\">St\u0159eda<\/h4>\n\n\n\n<p>\u00dacta je v\u00edc ne\u017e jen emoce; je to zp\u016fsob porozum\u011bn\u00ed, vhled do smyslu v\u011bt\u0161\u00edho, ne\u017e jsme my sami. Po\u010d\u00e1tkem \u00fa\u017easu je \u00fa\u017eas a po\u010d\u00e1tkem moudrosti je b\u00e1ze\u0148.-Abraham Joshua Heschel<\/p>\n\n\n\n<h4 class=\"wp-block-heading\">\u010ctvrtek<\/h4>\n\n\n\n<p>\u00da\u017eas vy\u017eaduje, aby \u010dlov\u011bk nezapomn\u011bl na sebe, ale aby se c\u00edtil tak intenzivn\u011b, \u017ee se mu vyjev\u00ed jeho propojen\u00ed s ka\u017edou stvo\u0159enou v\u011bc\u00ed. V posv\u00e1tn\u00e9 \u00fact\u011b jsme sou\u010d\u00e1st\u00ed p\u0159\u00edb\u011bhu.-Cole Arthur Riley<\/p>\n\n\n\n<h4 class=\"wp-block-heading\">P\u00e1tek<\/h4>\n\n\n\n<p>B\u00fdt na\u017eivu znamen\u00e1 d\u00edvat se za temn\u00e9 noci na hv\u011bzdy a poci\u0165ovat nadpozemskou \u00factu k vesm\u00edru v jeho rozlehlosti. B\u00fdt na\u017eivu znamen\u00e1 d\u00edvat se z vrcholu hory za jasn\u00e9ho, \u010dist\u00e9ho dne a c\u00edtit \u00fa\u017eas, kter\u00fd lze vyj\u00e1d\u0159it pouze slovy &#8222;oh&#8220; nebo &#8222;wow&#8220; nebo mo\u017en\u00e1 &#8222;aleluja&#8220;.-Brian McLaren<\/p>\n\n\n\n<h2 class=\"wp-block-heading\">Kousek kr\u00e1sy<\/h2>\n\n\n\n<h3 class=\"wp-block-heading\">\u010cty\u0159ic\u00e1t\u00fd dev\u00e1t\u00fd t\u00fdden<\/h3>\n\n\n\n<p><em>Rab\u00ednka Hara Personov\u00e1 se d\u011bl\u00ed o praxi, kter\u00e1 j\u00ed pomohla obnovit spojen\u00ed s kr\u00e1sou, vd\u011b\u010dnost\u00ed a bo\u017estv\u00edm:<\/em><\/p>\n\n\n\n<h4 class=\"wp-block-heading\">Fotila jsem kousky kr\u00e1sy<\/h4>\n\n\n\n<p>P\u0159ed n\u011bkolika lety jsem se v osobn\u00edm \u017eivot\u011b dostala na smyk. A\u010dkoli jsem objektivn\u011b v\u011bd\u011bla, \u017ee m\u00e1m b\u00fdt za co vd\u011b\u010dn\u00e1, bylo t\u011b\u017ek\u00e9 p\u0159iznat si pocit vd\u011b\u010dnosti. Bylo t\u011b\u017ek\u00e9 si v\u0161imnout pozitivn\u00edch v\u011bc\u00ed, kter\u00e9 se skr\u00fdvaly za ka\u017edodenn\u00ed d\u0159inou. Ale \u010das od \u010dasu jsem poc\u00edtila nutk\u00e1n\u00ed vyt\u00e1hnout telefon a fotoapar\u00e1tem zachytit kousek kr\u00e1sy. Tyto prchav\u00e9 z\u00e1blesky n\u00e1dhery prolomily m\u016fj horizont bolesti a pozvedly m\u011b nahoru&#8230;..<\/p>\n\n\n\n<h4 class=\"wp-block-heading\">Zastavila jsem tempo \u017eivota alespo\u0148 na p\u00e1r vte\u0159in<\/h4>\n\n\n\n<p>Tyto fotografie, po\u0159\u00edzen\u00e9 r\u00e1no cestou do posilovny, kdy\u017e se nad nadjezdem vlaku F objevovalo sv\u011btlo, nebo kdy\u017e se na konci dne zapadaj\u00edc\u00ed slunce t\u0159pytilo mezi stromy nad elektrick\u00fdmi dr\u00e1ty&#8230; byly o tom, jak jsem narazila na ne\u010dekanou n\u00e1dheru, jak jsem si vychutn\u00e1vala n\u00e1hodn\u00e9 okam\u017eiky milosti uprost\u0159ed p\u0159epln\u011bn\u00e9ho, p\u0159ekomplikovan\u00e9ho \u017eivota. Byly to chv\u00edle, kdy jsem se mohl zastavit a skute\u010dn\u011b vid\u011bt z\u00e1zrak kolem sebe navzdory v\u00edru tolika dal\u0161\u00edch ud\u00e1lost\u00ed, \u010das zastavit se a d\u00fdchat a zpomalit&#8230;..<\/p>\n\n\n\n<h4 class=\"wp-block-heading\">Neberu \u017eivot u\u017e jak samoz\u0159ejmost<\/h4>\n\n\n\n<p>Talmud n\u00e1s u\u010d\u00ed, \u017ee m\u00e1me \u0159\u00edkat sto po\u017eehn\u00e1n\u00ed denn\u011b, a povzbuzuje n\u00e1s, abychom si v\u0161\u00edmali a ne jen bezmy\u0161lenkovit\u011b proplouvali sv\u00fdmi dny&#8230;.. Vr\u00e1cen\u00ed fotografie do m\u00e9ho \u017eivota bylo vizu\u00e1ln\u00ed verz\u00ed t\u00e9to v\u00fdzvy, abychom skute\u010dn\u011b vn\u00edmali a pro\u017e\u00edvali kr\u00e1su sv\u011bta a nic z toho nebrali jako samoz\u0159ejmost&#8230;.. Po\u0159izov\u00e1n\u00ed t\u011bchto mal\u00fdch fotografi\u00ed na telefonu &#8230; mi pomohlo naj\u00edt cestu zp\u011bt k vd\u011b\u010dnosti a spojen\u00ed s Bohem&#8230;.<\/p>\n\n\n\n<p>Tyto fotografie se staly sou\u010d\u00e1st\u00ed duchovn\u00ed praxe, kter\u00e1 m\u011b uzem\u0148uje a p\u0159ipom\u00edn\u00e1 mi, \u017ee ne v\u0161echno je t\u011b\u017ek\u00e9, ne v\u0161echno je slo\u017eit\u00e9 &#8211; \u017ee radost a \u00fa\u017eas existuj\u00ed &#8211; pokud se na chv\u00edli pod\u00edv\u00e1m.<\/p>\n\n\n\n<h6 class=\"wp-block-heading\">Prameny:<\/h6>\n\n\n\n<p><br>Hara E. Person, \u201cExperiencing God While Making (Jewish) Art: Glimpses of Splendor,\u201d in&nbsp;<em>Because My Soul Longs for You: Integrating Theology into Our Lives<\/em>, ed. Edwin C. Goldberg and Elaine S. Zecher (New York: Central Conference of American Rabbis, 2021), 53, 54, 55.<\/p>\n\n\n\n<p><strong>Image credit:<\/strong>&nbsp;A path from one week to the next\u2014Madison Frambes,&nbsp;<em>Untitled 4, 1, and 7<\/em>(detail), 2023, naturally dyed paper and ink, Mexico, used with permission.&nbsp;<a href=\"https:\/\/email.cac.org\/t\/d-l-vhkjrky-ikkyjrkdkr-k\/\">Click here to enlarge image<\/a>.<\/p>\n\n\n\n<p><em>When we are in awe, there are no deeds to be done or words to be said; a simple, ecstatic surrender.<\/em><\/p>\n","protected":false},"excerpt":{"rendered":"<p>Talmud n\u00e1s u\u010d\u00ed, \u017ee m\u00e1me \u0159\u00edkat sto po\u017eehn\u00e1n\u00ed denn\u011b, a povzbuzuje n\u00e1s, abychom si v\u0161\u00edmali a ne jen bezmy\u0161lenkovit\u011b proplouvali sv\u00fdmi dny&#8230;.. Vr\u00e1cen\u00ed fotografie do m\u00e9ho \u017eivota bylo vizu\u00e1ln\u00ed verz\u00ed t\u00e9to v\u00fdzvy, abychom skute\u010dn\u011b vn\u00edmali a pro\u017e\u00edvali kr\u00e1su sv\u011bta a nic z toho nebrali jako samoz\u0159ejmost&#8230;.. Po\u0159izov\u00e1n\u00ed t\u011bchto mal\u00fdch fotografi\u00ed na telefonu &#8230; mi pomohlo naj\u00edt cestu zp\u011bt k vd\u011b\u010dnosti a spojen\u00ed s Bohem&#8230;.<\/p>\n","protected":false},"author":1,"featured_media":7889,"comment_status":"open","ping_status":"open","sticky":false,"template":"","format":"standard","meta":{"footnotes":""},"categories":[198],"tags":[1453,1011,519,1452],"class_list":["post-7948","post","type-post","status-publish","format-standard","has-post-thumbnail","hentry","category-richard-rohr-ofm-centrum-pro-zivot-a-rozjimani","tag-kazdy-den-prozit","tag-ucta","tag-uzas","tag-vsimat-si-krasy","latest_post"],"_links":{"self":[{"href":"https:\/\/www.frantiskani.cz\/index.php\/wp-json\/wp\/v2\/posts\/7948","targetHints":{"allow":["GET"]}}],"collection":[{"href":"https:\/\/www.frantiskani.cz\/index.php\/wp-json\/wp\/v2\/posts"}],"about":[{"href":"https:\/\/www.frantiskani.cz\/index.php\/wp-json\/wp\/v2\/types\/post"}],"author":[{"embeddable":true,"href":"https:\/\/www.frantiskani.cz\/index.php\/wp-json\/wp\/v2\/users\/1"}],"replies":[{"embeddable":true,"href":"https:\/\/www.frantiskani.cz\/index.php\/wp-json\/wp\/v2\/comments?post=7948"}],"version-history":[{"count":1,"href":"https:\/\/www.frantiskani.cz\/index.php\/wp-json\/wp\/v2\/posts\/7948\/revisions"}],"predecessor-version":[{"id":7949,"href":"https:\/\/www.frantiskani.cz\/index.php\/wp-json\/wp\/v2\/posts\/7948\/revisions\/7949"}],"wp:featuredmedia":[{"embeddable":true,"href":"https:\/\/www.frantiskani.cz\/index.php\/wp-json\/wp\/v2\/media\/7889"}],"wp:attachment":[{"href":"https:\/\/www.frantiskani.cz\/index.php\/wp-json\/wp\/v2\/media?parent=7948"}],"wp:term":[{"taxonomy":"category","embeddable":true,"href":"https:\/\/www.frantiskani.cz\/index.php\/wp-json\/wp\/v2\/categories?post=7948"},{"taxonomy":"post_tag","embeddable":true,"href":"https:\/\/www.frantiskani.cz\/index.php\/wp-json\/wp\/v2\/tags?post=7948"}],"curies":[{"name":"wp","href":"https:\/\/api.w.org\/{rel}","templated":true}]}}