{"id":7952,"date":"2023-12-10T08:12:22","date_gmt":"2023-12-10T07:12:22","guid":{"rendered":"https:\/\/www.frantiskani.cz\/?p=7952"},"modified":"2023-12-10T08:12:26","modified_gmt":"2023-12-10T07:12:26","slug":"univerzalni-obnova","status":"publish","type":"post","link":"https:\/\/www.frantiskani.cz\/index.php\/2023\/12\/10\/univerzalni-obnova\/","title":{"rendered":"Univerz\u00e1ln\u00ed obnova"},"content":{"rendered":"\n<h3 class=\"wp-block-heading\">Pades\u00e1t\u00fd t\u00fdden: Sm\u011brem k v\u011bt\u0161\u00ed l\u00e1sce<\/h3>\n\n\n\n<p><em>Richard Rohr potvrzuje Bo\u017e\u00ed pl\u00e1n vt\u00e1hnout cel\u00e9 stvo\u0159en\u00ed do intimity a oslavy L\u00e1sky:<\/em><\/p>\n\n\n\n<h4 class=\"wp-block-heading\">Zbo\u017e\u0161t\u011bn\u00ed \u2013 aby i oni byli v n\u00e1s<\/h4>\n\n\n\n<p>Je\u017e\u00ed\u0161 \u010dasto pou\u017e\u00edv\u00e1 metaforu svatby, aby popsal, co B\u016fh d\u011bl\u00e1 &#8211; p\u0159ipravuje n\u00e1s a p\u0159itahuje k hlub\u0161\u00ed intimit\u011b, soun\u00e1le\u017eitosti a sjednocen\u00ed. V\u00fdchodn\u00ed c\u00edrkevn\u00ed otcov\u00e9 tuto v\u00edru potvrzovali; naz\u00fdvali ji procesem &#8222;zbo\u017e\u0161t\u011bn\u00ed&#8220; (theosis). Vid\u011bli v n\u011bm cel\u00fd smysl vt\u011blen\u00ed a samotn\u00fd v\u00fdznam sp\u00e1sy. Mnohem prakti\u010dt\u011bj\u0161\u00ed a racion\u00e1ln\u011bj\u0161\u00ed c\u00edrkev na Z\u00e1pad\u011b slovo divinizace pou\u017e\u00edvala jen z\u0159\u00eddka. Bylo to pro n\u00e1s p\u0159\u00edli\u0161 odv\u00e1\u017en\u00e9, navzdory pom\u011brn\u011b p\u0159\u00edm\u00e9mu u\u010den\u00ed Petra (1 Pt 1,4-5; 2 Pt 1,4) a Je\u017e\u00ed\u0161e v Janov\u011b evangeliu: &#8222;Modl\u00edm se nejen za n\u011b, ale i za ty, kdo skrze jejich slovo ve mne uv\u011b\u0159\u00ed, aby v\u0161ichni byli jedno, jako ty, Ot\u010de, ve mn\u011b a j\u00e1 v tob\u011b, aby i oni byli v n\u00e1s, aby sv\u011bt uv\u011b\u0159il, \u017ee ty jsi m\u011b poslal&#8220; (Jan 17,20-21).<\/p>\n\n\n\n<h4 class=\"wp-block-heading\">Sjednocen\u00ed s&nbsp;Bohem dnes<\/h4>\n\n\n\n<p>Je\u017e\u00ed\u0161 p\u0159i\u0161el, aby n\u00e1m dodal odvahu d\u016fv\u011b\u0159ovat a umo\u017enit n\u00e1m na\u0161e p\u0159irozen\u00e9 spojen\u00ed s Bohem, a v tomto sv\u011bt\u011b n\u00e1m byl vzorem. Sjednocen\u00ed nen\u00ed jen m\u00edsto, kam se dostaneme pozd\u011bji &#8211; pokud jsme dob\u0159\u00ed. Je to m\u00edsto hlubok\u00e9 dobroty, kter\u00e9 v n\u00e1s p\u0159irozen\u011b existuje &#8211; te\u010f.<\/p>\n\n\n\n<p>Pro \u010dlov\u011bka &#8211; a pro stvo\u0159en\u00ed &#8211; mus\u00ed b\u00fdt transformace skute\u010dn\u00e1 a v tomto sv\u011bt\u011b. Pavlova nejpou\u017e\u00edvan\u011bj\u0161\u00ed fr\u00e1ze &#8222;en Christo&#8220; nazna\u010duje spole\u010dn\u00e9 vt\u011blen\u00ed. Kristovo t\u011blo (1 Kor 12) pak m\u00e1 podobu j\u00eddla, abychom si mohli \u010dasto p\u0159ipom\u00ednat svou z\u00e1kladn\u00ed identitu (1 Kor 11,23-26). [1] Jak k\u00e1zal Augustin: &#8222;Jsme to, co j\u00edme! Jsme to, co pijeme!&#8220; [2]<\/p>\n\n\n\n<h4 class=\"wp-block-heading\">Univerz\u00e1ln\u00ed obnova dnes \u2013 rozvoj jednot\u00edc\u00edho v\u011bdom\u00ed<\/h4>\n\n\n\n<p>Jsem p\u0159esv\u011bd\u010den, \u017ee tento rozvoj jednot\u00edc\u00edho v\u011bdom\u00ed je skute\u010dn\u00fdm druh\u00fdm p\u0159\u00edchodem Krista. Na\u0161e sjednocen\u00ed s Bohem bude kone\u010dn\u011b zakou\u0161eno a u\u017e\u00edv\u00e1no navzdory na\u0161emu ne\u00fanavn\u00e9mu odporu a odm\u00edt\u00e1n\u00ed. Kdy\u017e B\u016fh v\u00edt\u011bz\u00ed, B\u016fh v\u00edt\u011bz\u00ed! B\u016fh neprohr\u00e1v\u00e1. Apokatastasis (univerz\u00e1ln\u00ed obnova) n\u00e1m byla zasl\u00edbena (Zjeven\u00ed 3,20-21) jako skute\u010dn\u00e9 poselstv\u00ed univerz\u00e1ln\u00edho Krista, Alfy a Omegy cel\u00fdch d\u011bjin (Zjeven\u00ed 1,4; 21,6; 22,13). Bude to v\u00fdhra pro Boha &#8211; a jist\u011b i pro lidstvo! Jak jinak by m\u011blo vypadat bo\u017esk\u00e9 v\u00edt\u011bzstv\u00ed?<\/p>\n\n\n\n<h4 class=\"wp-block-heading\">Pozn\u00e1v\u00e1te ho, proto\u017ee je s v\u00e1mi a je ve v\u00e1s<\/h4>\n\n\n\n<p>Jasn\u00fd c\u00edl a sm\u011br biblick\u00e9ho zjeven\u00ed sm\u011b\u0159uje k pln\u00e9mu, vz\u00e1jemn\u00e9mu p\u0159eb\u00fdv\u00e1n\u00ed. Toto sm\u011b\u0159ov\u00e1n\u00ed ke sjednocen\u00ed vid\u00edme, kdy\u017e B\u016fh kr\u00e1\u010d\u00ed v zahrad\u011b s nah\u00fdm Adamem a Evou a &#8222;cel\u00fdm \u0161ikem&#8220; stvo\u0159en\u00ed (Genesis 2,1). Toto t\u00e9ma nach\u00e1z\u00ed sv\u016fj \u0161okuj\u00edc\u00ed vrchol v uv\u011bdom\u011bn\u00ed, \u017ee &#8222;tajemstv\u00edm je Kristus ve v\u00e1s, va\u0161e nad\u011bje na sl\u00e1vu&#8220; (Kol 1,27). Jak vzru\u0161en\u011b \u0159\u00edk\u00e1 Jan: &#8222;Pozn\u00e1v\u00e1te ho, proto\u017ee je s v\u00e1mi a je ve v\u00e1s!&#8220;. (Jan 14,17). V\u011b\u010dn\u00e9 tajemstv\u00ed vt\u011blen\u00ed kone\u010dn\u011b dos\u00e1hne sv\u00e9ho a &#8222;za\u010dne Ber\u00e1nkova svatebn\u00ed hostina&#8220; (Zj 19,7-9). D\u011bjiny nesm\u011b\u0159uj\u00ed k Armagedonu ani k z\u00e1v\u011bru ve stylu &#8222;Left Behind&#8220;. Je\u017e\u00ed\u0161 na mnoha m\u00edstech \u0159\u00edk\u00e1, \u017ee to bude velk\u00e1 svatebn\u00ed hostina. [3]<\/p>\n\n\n\n<h6 class=\"wp-block-heading\">Prameny:<\/h6>\n\n\n\n<p>[1] Adapted from Richard Rohr,&nbsp;<em>New Great Themes of Scripture&nbsp;<\/em>(Cincinnati, OH: St. Anthony Messenger Press, 1999), Audible audiobook.<\/p>\n\n\n\n<p>[2] See Augustine, Sermon 272, \u201cOn the day of Pentecost, to the infantes [\u2026],\u201d in&nbsp;<em>The Works of Saint Augustine: A Translation for the 21st Century,&nbsp;<\/em>pt. 3,&nbsp;<em>Sermons,<\/em>&nbsp;vol. 7, trans. Edmund Hill (New York: New City Press, 1993), 300\u2013301.<br><br>[3] Adapted from Richard Rohr,&nbsp;<a href=\"https:\/\/email.cac.org\/t\/d-l-vkrkydk-itiuujuudy-y\/\"><em><u>Things Hidden: Scripture as Spirituality<\/u><\/em><\/a>&nbsp;(Cincinnati, OH: Franciscan Media, 2008, 2022), 230\u2013231.<\/p>\n\n\n\n<p><strong>Image credit:&nbsp;<\/strong>A path from one week to the next\u2014Madison Frambes,&nbsp;<em>Untitled 1, 7, and 5<\/em>&nbsp;(detail), 2023, naturally dyed paper and ink, Mexico, used with permission.&nbsp;<a href=\"https:\/\/email.cac.org\/t\/d-l-vkrkydk-itiuujuudy-j\/\">Click here to enlarge image<\/a>.<\/p>\n\n\n\n<p><em>Though she weeps, the woman is moving forward. Pain is a natural part of healing.&nbsp;<\/em><\/p>\n","protected":false},"excerpt":{"rendered":"<p>Jasn\u00fd c\u00edl a sm\u011br biblick\u00e9ho zjeven\u00ed sm\u011b\u0159uje k pln\u00e9mu, vz\u00e1jemn\u00e9mu p\u0159eb\u00fdv\u00e1n\u00ed. Toto sm\u011b\u0159ov\u00e1n\u00ed ke sjednocen\u00ed vid\u00edme, kdy\u017e B\u016fh kr\u00e1\u010d\u00ed v zahrad\u011b s nah\u00fdm Adamem a Evou a &#8222;cel\u00fdm \u0161ikem&#8220; stvo\u0159en\u00ed (Genesis 2,1). Toto t\u00e9ma nach\u00e1z\u00ed sv\u016fj \u0161okuj\u00edc\u00ed vrchol v uv\u011bdom\u011bn\u00ed, \u017ee &#8222;tajemstv\u00edm je Kristus ve v\u00e1s, va\u0161e nad\u011bje na sl\u00e1vu&#8220; (Kol 1,27). Jak vzru\u0161en\u011b \u0159\u00edk\u00e1 Jan: &#8222;Pozn\u00e1v\u00e1te ho, proto\u017ee je s v\u00e1mi a je ve v\u00e1s!&#8220;. (Jan 14,17). V\u011b\u010dn\u00e9 tajemstv\u00ed vt\u011blen\u00ed kone\u010dn\u011b dos\u00e1hne sv\u00e9ho a &#8222;za\u010dne Ber\u00e1nkova svatebn\u00ed hostina&#8220; (Zj 19,7-9). D\u011bjiny nesm\u011b\u0159uj\u00ed k Armagedonu ani k z\u00e1v\u011bru ve stylu &#8222;Left Behind&#8220;. Je\u017e\u00ed\u0161 na mnoha m\u00edstech \u0159\u00edk\u00e1, \u017ee to bude velk\u00e1 svatebn\u00ed hostina.<\/p>\n","protected":false},"author":1,"featured_media":7953,"comment_status":"open","ping_status":"open","sticky":false,"template":"","format":"standard","meta":{"footnotes":""},"categories":[198],"tags":[1455,425,529,1454],"class_list":["post-7952","post","type-post","status-publish","format-standard","has-post-thumbnail","hentry","category-richard-rohr-ofm-centrum-pro-zivot-a-rozjimani","tag-jednotici-vedomi","tag-vteleni","tag-vzajemnost","tag-zbozsteni","latest_post"],"_links":{"self":[{"href":"https:\/\/www.frantiskani.cz\/index.php\/wp-json\/wp\/v2\/posts\/7952","targetHints":{"allow":["GET"]}}],"collection":[{"href":"https:\/\/www.frantiskani.cz\/index.php\/wp-json\/wp\/v2\/posts"}],"about":[{"href":"https:\/\/www.frantiskani.cz\/index.php\/wp-json\/wp\/v2\/types\/post"}],"author":[{"embeddable":true,"href":"https:\/\/www.frantiskani.cz\/index.php\/wp-json\/wp\/v2\/users\/1"}],"replies":[{"embeddable":true,"href":"https:\/\/www.frantiskani.cz\/index.php\/wp-json\/wp\/v2\/comments?post=7952"}],"version-history":[{"count":1,"href":"https:\/\/www.frantiskani.cz\/index.php\/wp-json\/wp\/v2\/posts\/7952\/revisions"}],"predecessor-version":[{"id":7954,"href":"https:\/\/www.frantiskani.cz\/index.php\/wp-json\/wp\/v2\/posts\/7952\/revisions\/7954"}],"wp:featuredmedia":[{"embeddable":true,"href":"https:\/\/www.frantiskani.cz\/index.php\/wp-json\/wp\/v2\/media\/7953"}],"wp:attachment":[{"href":"https:\/\/www.frantiskani.cz\/index.php\/wp-json\/wp\/v2\/media?parent=7952"}],"wp:term":[{"taxonomy":"category","embeddable":true,"href":"https:\/\/www.frantiskani.cz\/index.php\/wp-json\/wp\/v2\/categories?post=7952"},{"taxonomy":"post_tag","embeddable":true,"href":"https:\/\/www.frantiskani.cz\/index.php\/wp-json\/wp\/v2\/tags?post=7952"}],"curies":[{"name":"wp","href":"https:\/\/api.w.org\/{rel}","templated":true}]}}